{"id":2785,"date":"2019-03-15T14:16:11","date_gmt":"2019-03-15T12:16:11","guid":{"rendered":"http:\/\/www.habitaturban.ro\/?p=2785"},"modified":"2019-03-15T14:16:11","modified_gmt":"2019-03-15T12:16:11","slug":"conferinta-asociatiilor-de-proprietari-targu-mure%c8%99","status":"publish","type":"post","link":"https:\/\/www.habitaturban.ro\/?p=2785","title":{"rendered":"Conferin\u0163a Asocia\u0163iilor de Proprietari T\u00e2rgu Mure\u0219"},"content":{"rendered":"<p><strong><em>Joi,  21 martie, la <\/em><\/strong><strong><em>T\u00e2rgu  Mure\u0219<\/em><\/strong><em>, Liga Asociatiilor de Proprietari <\/em><em>T\u00e2rgu  Mure\u0219<\/em><em>, in colaborare cu Liga Nationala a Asociatiilor de Proprietari Habitat, cu sprijinul  deosebit al Primariei <\/em><em>T\u00e2rgu Mure\u0219<\/em><em>, <\/em><em>cu participarea domnului primar  Dr. Dorin Florea,<\/em><em>organizeaza<strong> <\/strong>Conferinta Asociatiilor de Proprietari<strong> <\/strong>din <\/em><em>T\u00e2rgu  Mure\u0219<\/em><strong><em>. <\/em><\/strong><em>Evenimentul se va desfasura la <\/em><strong><em>Centrul  Cultural &bdquo;Mihai Eminescu&rdquo;<\/em><\/strong><em> (din Str. N. Grigorescu nr.19)<strong>, <\/strong>intre  orele<strong> 18.00-20.00.<\/strong><\/em><strong><\/strong><br \/>\n  <strong><em>Dezbaterile vor viza<\/em><\/strong><\/p>\n<ul>\n<li><em>Vor fi prezentate de catre domnul <strong>primar Dr. Dorin Florea<\/strong><\/em><\/li>\n<ul>\n<li><em>\u00a0principalele proiecte ale ora\u0219ului: parcare  subteran\u0103, drum de leg\u0103tur\u0103, pod peste Mure\u0219, depozite subterane pentru de\u0219euri,  colectarea selectiv\u0103 (program, perspective, implicarea asocia\u021biilor de  proprietari), stadiu program de toaletare a copacilor, amenajarea de parc\u0103ri  acoperite \u0219i parc\u0103ri ecologice, amenajare zone verzi \u0219i locuri de joac\u0103,  programul de reabilitare str\u0103zi \u0219i alei \u00een cartierele de blocuri. Vor fi  preluate propunerile \u0219i solicit\u0103rile asocia\u021biilor de proprietari;<\/em><\/li>\n<li><em>Stadiul de implementare \u0219i  perspective ale programului de reabilitare termic\u0103;<\/em><\/li>\n<li><em>Aspecte de noutate privind  cadrul legal de organizare \u0219i activitate a asocia\u021biilor de proprietari<\/em><\/li>\n<li><em>Informare privind proiectul  propus de Liga asocia\u021biilor de proprietari pentru aduc\u021biune de ap\u0103 de la R\u0103stoli\u021ba;<\/em><\/li>\n<\/ul>\n<li><em>Aspecte de interes \u0219i  clarific\u0103ri ale invitatilor Ligii Habitat, privind:<\/em><\/li>\n<ul>\n<li><em>Asigurarea obligatorie a locuintelor<\/em><em>\u2013  reprezentant PAID<\/em><\/li>\n<li><em>Evaluarea \u0219i monitorizarea  serviciilor comunitare de utilit\u0103\u021bi publice (ap\u0103-canal \u0219i salubritate)- reprezentant  ANRSC<\/em><\/li>\n<li><em>Legea 196\/2018, cu ( + ) \u0219i ( &#8211;  ); Aspecte de noutate privind fiscalitatea \u0219i contabilitatea; Standardul  ocupa\u021bional privind ocupa\u021bia de administrator de condominiu, organizarea  cursurilor de calificare;Aspecte de legalitate privind protec\u021bia datelor  personale. Recomand\u0103ri. \u2013 Mihai Mereuta, presedinte Liga Habitat<\/em><\/li>\n<\/ul>\n<li><em>Diverse: <\/em><\/li>\n<ul>\n<li><em>Se pot prezenta \u0219i alte aspecte  considerate utile \u00eembun\u0103t\u0103\u021birii activit\u0103\u021bii asocia\u021biilor de proprietari <\/em><\/li>\n<li><em>Organizarea si functionarea asociatiilor de proprietari  din <\/em><em>T\u00e2rgu Mure\u0219<\/em><\/li>\n<\/ul>\n<\/ul>\n<h2><strong><em>Ne face o deosebita placere de a va invita  la acesta Conferinta!<\/em><\/strong><\/h2>\n<p> <em>Sprijinul  dumneavoastra, participarea specialistilor delegati sunt factori ce contribuie  la succesul acestei actiuni.<\/em><\/p>\n<p><strong>Va  rugam sa confirmati participarea. <\/strong><\/p>\n<p><strong><em>Pentru  inscriere sau pt informatii suplimentare: <\/em><\/strong><br \/>\n  <em>&#8211;<strong>Liga  Asociatiilor de Proprietari Habitat &#8211; MIHAI  MEREU<\/strong><\/em><strong><em>\u0162\u0102<\/em><\/strong><strong><em> &#8211; 0744.751.416; <\/em><\/strong><em><a href=\"mailto:mihai.mereuta@habitaturban.ro\">mihai.mereuta@habitaturban.ro<\/a><\/em><strong><em>; presedinte\u00a0 Liga  Asociatiilor de Proprietari Habitat, Asociatia Romana pentru Locuinte Casa Plus<\/em><\/strong><\/p>\n<div style=\"border:#666 1px solid\">\n<p><strong><em>-Liga Asociatiilor de Proprietari <\/em><\/strong><strong><em>T\u00e2rgu  Mure\u0219 &#8211; <\/em><\/strong><strong><\/strong><br \/>\n    <em>Dumitru Rus \u2013 Presedinte Liga Asociatiilor de Proprietari <\/em><em>T\u00e2rgu-Mure\u015f<\/em><em>\u2013 0728.852.437; <\/em><em><a href=\"mailto:alexapeterkalman@gmail.com\">ligaapmures@hotmail.com,\u00a0\u00a0\u00a0 <\/a><\/em><\/p>\n<\/div>\n<p><em>Va dorim <strong>succes<\/strong> in activitatea pe care o  desfasurati, va multumim pentru colaborare si sprijin si va asiguram de  intreaga noastra consideratie.<\/em><\/p>\n<table border=\"0\" cellspacing=\"0\" cellpadding=\"0\" width=\"98%\">\n<tbody>\n<tr>\n<td width=\"329\" valign=\"top\" style=\"border:none\">\n<h2 align=\"center\"><strong>Mihai Mereuta<\/strong><\/h2>\n<p align=\"center\">\n      <strong>Presedinte<\/strong><strong><\/strong><\/p>\n<\/td>\n<td width=\"321\" valign=\"top\" style=\"border:none\">\n<h2 align=\"center\"><strong>Dumitru Rus<\/strong><\/h2>\n<p align=\"center\">\n      <strong>Presedinte <\/strong><\/p>\n<\/td>\n<\/tr>\n<tr>\n<td width=\"50%\" align=\"center\" valign=\"top\" style=\"border:none\">\n<p><strong><em>LIGA  ASOCIA\u0162IILOR DE PROPRIETARI <br \/> HABITAT <\/em><\/strong><\/p>\n<\/td>\n<td width=\"50%\" align=\"center\" valign=\"top\" style=\"border:none\">\n<p align=\"center\"><strong><em>LIGA ASOCIA\u0162IILOR DE PROPRIETARI<br \/>T\u00e2rgu Mure\u0219<\/em><\/strong><\/p>\n<\/td>\n<\/tr>\n<\/tbody>\n<\/table>\n<p><\/p>\n<p align=\"center\"><strong>AGENDA EVENIMENTULUI <\/strong><\/p>\n<table border=\"1\" cellspacing=\"0\" cellpadding=\"3\" width=\"100%\">\n<tr>\n<td  colspan=\"2\" valign=\"top\">\n      <strong><em>JOi, 21 MarTie, <\/em><\/strong><strong><em>Centrul Cultural &bdquo;Mihai Eminescu&rdquo;<\/em><\/strong><strong><\/strong><\/td>\n<\/tr>\n<tr>\n<td width=\"102\" valign=\"top\">\n<p><strong><em>17:30 \u2013 18:00<\/em><\/strong><\/p>\n<\/td>\n<td  valign=\"top\">\n<p><strong><em>Primirea si \u00eenregistrarea participantilor<\/em><\/strong><\/p>\n<\/td>\n<\/tr>\n<tr>\n<td width=\"102\" valign=\"top\">\n<p><strong><em>18:00 \u2013 18:15<\/em><\/strong><\/p>\n<\/td>\n<td  valign=\"top\">\n<p><strong><em>Cuv\u00e2nt introductiv, prezentarea    invita\u0163ilor, lansarea Conferintei<\/em><\/strong><\/p>\n<ul type=\"disc\">\n<li><strong><em>Dumitru Rus \u2013 Presedinte Liga Asociatiilor de Proprietari <\/em><\/strong><strong><em>T\u00e2rgu-Mure\u015f<\/em><\/strong><\/li>\n<li><em><strong>dr. Dorin Florea<\/strong> <\/em><strong><em>&#8211; primarul municipiului <\/em><em>T\u00e2rgu-Mure\u015f<\/em><\/strong><strong><em> \u2013 mesaj de bun venit!<\/em><\/strong><\/li>\n<li><strong><em>Mihai Mereuta \u2013 Presedinte Liga Asociatiilor de Proprietari Habitat <\/em><\/strong><\/li>\n<\/ul>\n<\/td>\n<\/tr>\n<tr>\n<td width=\"102\" valign=\"top\">\n<p><strong><em>18:15 \u2013 19:30<\/em><\/strong><\/p>\n<\/td>\n<td  valign=\"top\">\n<p><strong><em>Prezentari <\/em><\/strong><\/p>\n<ul type=\"disc\">\n<li><em>Asigurarea obligatorie a locuintelor \u2013 reprezentant PAID<\/em><\/li>\n<li><em>NOUTATI &#8211; <\/em><em>SERVICIILE         COMUNITARE DE UTILIT\u0102\u0162I PUBLICE;<\/em><strong><em>Evaluarea si Monitorizarea         Serviciile Comunitare de Utilit\u0103\u021bi Publice in<\/em><\/strong><em>T\u00e2rgu-Mure\u015f<\/em><em>&#8211; APA \/ CANAL, SALUBRIZARE \u2013         reprezentant <\/em><em>ANRSC<\/em><\/li>\n<li><strong><em>Prezentarea         domnului Primar <\/em><\/strong><strong><em>Dr. Dorin Florea<\/em><\/strong><strong><\/strong><\/li>\n<ul type=\"circle\">\n<li><em>principalele proiecte ale          ora\u0219ului: parcare subteran\u0103, drum de leg\u0103tur\u0103, pod peste Mure\u0219,          depozite subterane pentru de\u0219euri, colectarea selectiv\u0103 (program,          perspective, implicarea asocia\u021biilor de proprietari), stadiu program de          toaletare a copacilor, amenajarea de parc\u0103ri acoperite \u0219i parc\u0103ri          ecologice, amenajare zone verzi \u0219i locuri de joac\u0103, programul de          reabilitare str\u0103zi \u0219i alei \u00een cartierele de blocuri. Vor fi preluate          propunerile \u0219i solicit\u0103rile asocia\u021biilor de proprietari;<\/em><\/li>\n<li><em>Stadiul de implementare \u0219i          perspective ale programului de reabilitare termic\u0103;<\/em><\/li>\n<li><em>Aspecte          de noutate privind cadrul legal de organizare \u0219i activitate a          asocia\u021biilor de proprietari<\/em><strong><\/strong><\/li>\n<\/ul>\n<li><em>Probleme interne ale         asociatiilor de proprietari din <\/em><em>T\u00e2rgu-Mure\u015f<strong> &#8211;<\/strong><\/em><em> Dumitru Rus \u2013         Presedinte Liga Asociatiilor de Proprietari <\/em><em>T\u00e2rgu-Mure\u015f<\/em><\/li>\n<li><em>Legea 196 2018 cu privire la    organizarea si functionarea asociatiilor de proprietari \u2013 <\/em><em>Mihai    Mereuta \u2013 Presedinte Liga Asociatiilor de Proprietari Habitat<\/em><\/li>\n<li><em>Noutati fiscalitate,         contabilitate, legislatie -asociatii de proprietari \u2013 <\/em><em>Mihai Mereuta \u2013         Presedinte Liga Asociatiilor de Proprietari Habitat<\/em><\/li>\n<li><em>Alte         teme<\/em><\/li>\n<\/ul>\n<\/td>\n<\/tr>\n<tr>\n<td width=\"102\" valign=\"top\">\n<p><strong><em>19:30 \u2013 20:00&nbsp; <\/em><\/strong><\/p>\n<\/td>\n<td  valign=\"top\">\n<p><strong><em>Interventii ale membrilor si reprezentantilor asociatiilor    de proprietari \u2013 <\/em><\/strong><strong><em>T\u00e2rgu-Mure\u015f<\/em><\/strong><strong><\/strong><\/p>\n<\/td>\n<\/tr>\n<\/table>\n","protected":false},"excerpt":{"rendered":"<p>Joi, 21 martie, la T\u00e2rgu Mure\u0219, Liga Asociatiilor de Proprietari T\u00e2rgu Mure\u0219, in colaborare cu Liga Nationala a Asociatiilor de Proprietari Habitat, cu sprijinul deosebit al Primariei T\u00e2rgu Mure\u0219, cu participarea domnului primar Dr. Dorin Florea,organizeaza Conferinta Asociatiilor de Proprietari din T\u00e2rgu Mure\u0219. Evenimentul se va desfasura la Centrul Cultural &bdquo;Mihai Eminescu&rdquo; (din Str. N. [&hellip;]<\/p>\n","protected":false},"author":3,"featured_media":0,"comment_status":"open","ping_status":"open","sticky":false,"template":"","format":"standard","meta":{"footnotes":""},"categories":[1],"tags":[],"class_list":["post-2785","post","type-post","status-publish","format-standard","hentry","category-noutati"],"_links":{"self":[{"href":"https:\/\/www.habitaturban.ro\/index.php?rest_route=\/wp\/v2\/posts\/2785","targetHints":{"allow":["GET"]}}],"collection":[{"href":"https:\/\/www.habitaturban.ro\/index.php?rest_route=\/wp\/v2\/posts"}],"about":[{"href":"https:\/\/www.habitaturban.ro\/index.php?rest_route=\/wp\/v2\/types\/post"}],"author":[{"embeddable":true,"href":"https:\/\/www.habitaturban.ro\/index.php?rest_route=\/wp\/v2\/users\/3"}],"replies":[{"embeddable":true,"href":"https:\/\/www.habitaturban.ro\/index.php?rest_route=%2Fwp%2Fv2%2Fcomments&post=2785"}],"version-history":[{"count":1,"href":"https:\/\/www.habitaturban.ro\/index.php?rest_route=\/wp\/v2\/posts\/2785\/revisions"}],"predecessor-version":[{"id":2786,"href":"https:\/\/www.habitaturban.ro\/index.php?rest_route=\/wp\/v2\/posts\/2785\/revisions\/2786"}],"wp:attachment":[{"href":"https:\/\/www.habitaturban.ro\/index.php?rest_route=%2Fwp%2Fv2%2Fmedia&parent=2785"}],"wp:term":[{"taxonomy":"category","embeddable":true,"href":"https:\/\/www.habitaturban.ro\/index.php?rest_route=%2Fwp%2Fv2%2Fcategories&post=2785"},{"taxonomy":"post_tag","embeddable":true,"href":"https:\/\/www.habitaturban.ro\/index.php?rest_route=%2Fwp%2Fv2%2Ftags&post=2785"}],"curies":[{"name":"wp","href":"https:\/\/api.w.org\/{rel}","templated":true}]}}