{"id":2787,"date":"2019-04-01T13:12:44","date_gmt":"2019-04-01T11:12:44","guid":{"rendered":"http:\/\/www.habitaturban.ro\/?p=2787"},"modified":"2019-04-01T13:13:36","modified_gmt":"2019-04-01T11:13:36","slug":"dezbaterea-cu-temelesalubrizarea-in-municipiul-bucuresti-contract-tarif-taxa-si-situatia-colectarii-separate-a-deseurilor","status":"publish","type":"post","link":"https:\/\/www.habitaturban.ro\/?p=2787","title":{"rendered":"Dezbaterea cu temele:SALUBRIZAREA IN MUNICIPIUL BUCURESTI: CONTRACT (TARIF) \/ TAXA? si SITUATIA COLECTARII SEPARATE A DESEURILOR"},"content":{"rendered":"<p><em>In cadrul seminariilor complet gratuite adresate  membrilor si reprezentantilor asociatiilor de proprietari, joi, <strong><u>04.04.2019<\/u><\/strong>,  ora <strong>11.00<\/strong>, la Sala de Conferinte de  la Cladirea Sequoia (fosta Cedru, etaj 3, cam 307, aleea Barajul Iezeru nr. 6A,  in aceeasi curte cu DITL sect. 3, langa ANAF Ilfov, Liceul Nichita Stanescu,  Sectorului 3 Bucuresti), are loc <strong>Dezbaterea<\/strong> cu urmatoarele teme principale<\/em><em>: <\/em><\/p>\n<ul type=\"disc\">\n<li><strong><em>SALUBRIZAREA IN MUNICIPIUL BUCURESTI: CONTRACT       (TARIF) \/ TAXA? <\/em><\/strong><\/li>\n<li><strong><em>SITUATIA <\/em><\/strong><strong><em>COLECTARII SEPARATE A DESEURILOR<\/em><\/strong><strong><\/strong><\/li>\n<\/ul>\n<p><em><u>Dezbaterea va viza:<\/u><\/em><\/p>\n<ul>\n<li><strong><em>Salubrizarea \u2013 ctract \/ taxa.<\/em><\/strong><\/li>\n<li><em>Relatia asociatiilor de  proprietari cu operatorii in domeniu;<\/em><\/li>\n<li><em>Situatia <\/em><strong><em>COLECTARII SEPARATE, <\/em><\/strong><strong><em>RECICLARII  \u015eI VALORIFICARII DESEURILOR <\/em><\/strong><em>in  Bucuresti, <\/em><em>Obligatiile proprietarilor \/  membrilor si reprezentantilor asociatiilor de proprietari<\/em><strong><em>;<\/em><\/strong><\/li>\n<li><em>In deschidere- <strong>Scurta  prezentare a noutatilor legate de Asigurarea Obligatorie a Locuintelor<\/strong><\/em><\/li>\n<\/ul>\n<p><strong><u>Invitati:<\/u><\/strong><\/p>\n<ul>\n<li><em>Reprezentanti ai asociatiilor de proprietari din Bucuresti, Reprezentanti  ai Primariilor de Sector; Reprezentanti ai  operatorilor in domeniu, AMRSP,  ANRSC, APMB, GNM- BUCURESTI, PREFECTURII MUNICIPIULUI BUCURESTI, PRIMARIEI  GENERALE A MUNICIPIULUI BUCURESTI, CONSILIULUI GENERAL AL MUNICIPIULUI  BUCURESTI, <\/em><\/li>\n<li><em>Specialisti in domeniu; ENVIRON-SNRB, <\/em><em>ECO<\/em><em>-ROM AMBALAJE <\/em><\/li>\n<\/ul>\n<p><strong><u>Va rugam sa delegati un reprezentant la aceasta  intalnire!<\/u><\/strong><br \/>\n  Sprijinul dumneavoastra, participarea specialistilor  delegati sunt factori ce contribuie la ceea ce noi consider\u0103m c\u0103 sunt programe  de succes.<\/p>\n<div style=\"border:#666 1px solid\">\n<p><strong>V\u0102  RUG\u0102M S\u0102 CONFIRMA\u0162I PARTICIPAREA LA 0726.949.000, 0743.627.705, 021.341.30.62, <\/strong><strong><a href=\"mailto:dana.hutan@habitaturban.ro\">dana.hutan@habitaturban.ro<\/a>;<\/strong><\/p>\n<\/div>\n<p><em>Va dorim <strong>succes<\/strong> in activitatea pe care o  desfasurati, va multumim pentru colaborare si sprijin si va asiguram de  intreaga noastra consideratie.<\/em><\/p>\n<h2 align=\"center\"><strong>Mihai Mereuta<\/strong><\/h2>\n<p align=\"center\"><strong>Presedinte<\/strong><\/p>\n<table border=\"0\" cellspacing=\"0\" cellpadding=\"0\" width=\"100%\">\n<tbody>\n<tr>\n<td width=\"50%\" align=\"center\" valign=\"top\" style=\"border:none;\">\n<p align=\"center\"><strong><em>LIGA    ASOCIA\u0162IILOR DE PROPRIETARI <\/em><\/strong><br \/>\n      <strong><em>HABITAT<\/em><\/strong><\/p>\n<\/td>\n<td width=\"50%\" align=\"center\" valign=\"top\" style=\"border:none;\">\n<p align=\"center\"><strong><em>ASOCIA<\/em><\/strong><strong><em>\u0162<\/em><\/strong><strong><em>IA ROM<\/em><\/strong><strong><em>\u00c2<\/em><\/strong><strong><em>N<\/em><\/strong><strong><em>\u0102<\/em><\/strong><strong><em> PENTRU LOCUIN<\/em><\/strong><strong><em>\u0162<\/em><\/strong><strong><em>E<\/em><\/strong><br \/>\n    <strong><em>CASA PLUS <\/em><\/strong><\/p>\n<\/td>\n<\/tr>\n<\/tbody>\n<\/table>\n<p><\/p>\n<p align=\"center\"><strong>AGENDA  EVENIMENTULUI <\/strong><\/p>\n<table border=\"1\" cellspacing=\"0\" cellpadding=\"0\" width=\"100%\">\n<tr>\n<td colspan=\"2\" valign=\"top\">\n<p align=\"center\"><strong>JOI,    07 MARTIE 2019, <\/strong><strong>SALA DE SEDINTE CLADIREA SEQUOIA <\/strong><\/p>\n<\/td>\n<\/tr>\n<tr>\n<td width=\"102\" valign=\"top\">\n<p><strong><em>10:30 \u2013 11:00<\/em><\/strong><\/p>\n<\/td>\n<td  valign=\"top\">\n<p><strong><em>Primirea si \u00eenregistrarea participantilor<\/em><\/strong><\/p>\n<\/td>\n<\/tr>\n<tr>\n<td width=\"102\" valign=\"top\">\n<p><strong><em>11:00 \u2013 11:15<\/em><\/strong><\/p>\n<\/td>\n<td  valign=\"top\">\n<p><strong><em>Cuv\u00e2nt introductiv, prezentarea invita\u0163ilor,    lansarea Dezbaterii<\/em><\/strong><\/p>\n<ul type=\"disc\">\n<li><strong><em>Mihai Mereuta \u2013 Presedinte Liga Asociatiilor de Proprietari Habitat <\/em><\/strong><\/li>\n<\/ul>\n<\/td>\n<\/tr>\n<tr>\n<td width=\"102\" valign=\"top\">\n<p><strong><em>11:15 \u2013 12:30<\/em><\/strong><\/p>\n<\/td>\n<td  valign=\"top\">\n<p><strong><em>Prezentari <\/em><\/strong><\/p>\n<ul type=\"disc\">\n<li><strong><em>Asigurarea obligatorie a         locuintelor -reprezentant PAID ROMANIA \u2013 10 MIN<\/em><\/strong><\/li>\n<li><strong><em>SITUATIA <\/em><\/strong><strong><em>SERVICIULUI PUBLIC DE         SALUBRIZARE \u2013 30 MIN<\/em><\/strong><\/li>\n<ul type=\"circle\">\n<li><strong><em>PMB<\/em><\/strong><\/li>\n<li><strong><em>CGMB<\/em><\/strong><\/li>\n<li><strong><em>AMRSP<\/em><\/strong><\/li>\n<li><strong><em>SPECIALISTI<\/em><\/strong><\/li>\n<\/ul>\n<li><strong><em>COLECTAREA         SEPARATA A DESEURILOR<\/em><\/strong><strong><em> \u2013 30 MIN<\/em><\/strong><strong><\/strong><\/li>\n<\/ul>\n<\/td>\n<\/tr>\n<tr>\n<td width=\"102\" valign=\"top\">\n<p><strong><em>12:30 \u2013 13:00&nbsp; <\/em><\/strong><\/p>\n<\/td>\n<td  valign=\"top\">\n<p><strong><em>Interventii ale membrilor si reprezentantilor    asociatiilor de proprietari <\/em><\/strong><\/p>\n<\/td>\n<\/tr>\n<\/table>\n","protected":false},"excerpt":{"rendered":"<p>In cadrul seminariilor complet gratuite adresate membrilor si reprezentantilor asociatiilor de proprietari, joi, 04.04.2019, ora 11.00, la Sala de Conferinte de la Cladirea Sequoia (fosta Cedru, etaj 3, cam 307, aleea Barajul Iezeru nr. 6A, in aceeasi curte cu DITL sect. 3, langa ANAF Ilfov, Liceul Nichita Stanescu, Sectorului 3 Bucuresti), are loc Dezbaterea cu [&hellip;]<\/p>\n","protected":false},"author":3,"featured_media":0,"comment_status":"open","ping_status":"open","sticky":false,"template":"","format":"standard","meta":{"footnotes":""},"categories":[1],"tags":[],"class_list":["post-2787","post","type-post","status-publish","format-standard","hentry","category-noutati"],"_links":{"self":[{"href":"https:\/\/www.habitaturban.ro\/index.php?rest_route=\/wp\/v2\/posts\/2787","targetHints":{"allow":["GET"]}}],"collection":[{"href":"https:\/\/www.habitaturban.ro\/index.php?rest_route=\/wp\/v2\/posts"}],"about":[{"href":"https:\/\/www.habitaturban.ro\/index.php?rest_route=\/wp\/v2\/types\/post"}],"author":[{"embeddable":true,"href":"https:\/\/www.habitaturban.ro\/index.php?rest_route=\/wp\/v2\/users\/3"}],"replies":[{"embeddable":true,"href":"https:\/\/www.habitaturban.ro\/index.php?rest_route=%2Fwp%2Fv2%2Fcomments&post=2787"}],"version-history":[{"count":2,"href":"https:\/\/www.habitaturban.ro\/index.php?rest_route=\/wp\/v2\/posts\/2787\/revisions"}],"predecessor-version":[{"id":2789,"href":"https:\/\/www.habitaturban.ro\/index.php?rest_route=\/wp\/v2\/posts\/2787\/revisions\/2789"}],"wp:attachment":[{"href":"https:\/\/www.habitaturban.ro\/index.php?rest_route=%2Fwp%2Fv2%2Fmedia&parent=2787"}],"wp:term":[{"taxonomy":"category","embeddable":true,"href":"https:\/\/www.habitaturban.ro\/index.php?rest_route=%2Fwp%2Fv2%2Fcategories&post=2787"},{"taxonomy":"post_tag","embeddable":true,"href":"https:\/\/www.habitaturban.ro\/index.php?rest_route=%2Fwp%2Fv2%2Ftags&post=2787"}],"curies":[{"name":"wp","href":"https:\/\/api.w.org\/{rel}","templated":true}]}}