{"id":2790,"date":"2019-04-01T15:15:32","date_gmt":"2019-04-01T13:15:32","guid":{"rendered":"http:\/\/www.habitaturban.ro\/?p=2790"},"modified":"2019-04-01T15:15:32","modified_gmt":"2019-04-01T13:15:32","slug":"dezbatere-asociatii-de-proprietari-bra%c8%99ov-corect-legal","status":"publish","type":"post","link":"https:\/\/www.habitaturban.ro\/?p=2790","title":{"rendered":"Dezbatere Asocia\u0163ii de Proprietari Bra\u0219ov CORECT &#038; LEGAL"},"content":{"rendered":"<p><strong>Vineri,<\/strong> <strong>05 aprilie<\/strong>, ora <strong>17.00<\/strong>, la Hotel  Ambient \u2013 Brasov, sala Fortuna (bd.  Iuliu Maniu, nr. 27), <strong>Federa\u021bia<\/strong> <strong>Asociatiilor  de Proprietari Bra\u0219ov <\/strong>in  parteneriat cu<strong> Liga Nationala a Asociatiilor de Proprietari Habitat,\u00a0 <\/strong>organizeaza <strong>\u00a0<\/strong>a III-a edi\u0163ie a dezbaterii <strong>CORECT &amp; LEGAL<\/strong>, un eveniment  &quot;de prim\u0103var\u0103&quot;, care se adreseaz\u0103 Asocia\u0163iilor de Proprietari din  Jude\u0163ul Bra\u015fov \u015fi care \u00ee\u015fi propune s\u0103 vin\u0103 \u00een sprijinul persoanelor care fac  parte din conducerile Asocia\u0163iilor de Proprietari \u015fi a celor care desf\u0103\u015foar\u0103  activit\u0103\u0163i in domeniul administr\u0103rii de condominii.<br \/>\n  <strong>Dezbaterea <\/strong>are ca teme: <\/p>\n<ul>\n<ul>\n<li><strong><em>Asigurarea obligatorie a locuintelor <\/em><\/strong><em>\u2013 invitati \u2013 PAID Romania<\/em><\/li>\n<li><strong><em>Evaluarea si  Monitorizarea<\/em><\/strong><strong><em> Serviciilor  Comunitare de Utilit\u0103\u021bi Publice in <\/em><\/strong><strong><em>Bra\u0219ov<\/em><\/strong><em> &#8211; <\/em><em>APA \/ CANAL, SALUBRIZARE \u2013 invitati ANRSC<\/em><\/li>\n<li><em>Proceduri \u015fi metode de aplicare a Legii 196\/2018 &#8211; considera\u0163ii  juridice \u015fi administrative!<\/em><\/li>\n<li><strong><em>Noutati fiscalitate, contabilitate, legislatie &#8211;<\/em><\/strong><em>asociatii de proprietari<strong> <\/strong><\/em><\/li>\n<\/ul>\n<\/ul>\n<p><strong><em>Pentru  inscriere sau pt informatii suplimentare: <\/em><\/strong><br \/>\n  <em>&#8211;<strong>Liga  Asociatiilor de Proprietari Habitat &#8211; MIHAI  MEREU<\/strong><\/em><strong><em>\u0162\u0102<\/em><\/strong><strong><em> &#8211; 0744.751.416; <\/em><\/strong><em><a href=\"mailto:mihai.mereuta@habitaturban.ro\">mihai.mereuta@habitaturban.ro<\/a><\/em><strong><em>; presedinte\u00a0 Liga  Asociatiilor de Proprietari Habitat, Asociatia Romana pentru Locuinte Casa Plus<\/em><\/strong><\/p>\n<div style=\"border:#666 1px solid\">\n<p><strong><em>FEDERA\u021aIA ASOCIA\u0162IILOR DE PROPRIETARI BRA\u0218OV<\/em><\/strong><br \/>\n    <strong><em>&#8211; <\/em><\/strong><strong><em>Av. Vasile Emil  Martin \u2013 Presedinte \u2013 0722.258.191, <a href=\"mailto:avocat.martin@yahoo.com\">avocat.martin@yahoo.com<\/a>, <a href=\"mailto:fapbrasov@yahoo.com\">fapbrasov@yahoo.com<\/a>,  tel\/fax \u00a00368.402.002 \/ 0774.487.972<\/em><\/strong><\/p>\n<\/div>\n<p><em>Va dorim <strong>succes<\/strong> in activitatea pe care o  desfasurati, va multumim pentru colaborare si sprijin si va asiguram de  intreaga noastra consideratie.<\/em><\/p>\n<table border=\"0\" cellspacing=\"0\" cellpadding=\"0\" width=\"98%\">\n<tbody>\n<tr>\n<td width=\"329\" valign=\"top\" style=\"border:none\">\n<h2 align=\"center\"><strong>Mihai Mereuta<\/strong><\/h2>\n<p align=\"center\">\n      <strong>Presedinte<\/strong><strong><\/strong><\/p>\n<\/td>\n<td width=\"321\" valign=\"top\" style=\"border:none\">\n<h2 align=\"center\"><strong>Vasile Emil Martin<\/strong><\/h2>\n<p align=\"center\">\n      <strong>Presedinte <\/strong><\/p>\n<\/td>\n<\/tr>\n<tr>\n<td width=\"50%\" align=\"center\" valign=\"top\" style=\"border:none\">\n<p><strong><em>LIGA  ASOCIA\u0162IILOR DE PROPRIETARI <br \/> HABITAT <\/em><\/strong><\/p>\n<\/td>\n<td width=\"50%\" align=\"center\" valign=\"top\" style=\"border:none\">\n<p align=\"center\"><strong><em>FEDERA\u021aA ASOCIATIILOR DE PROPRIETARI<br \/>BRA\u0218OV<\/em><\/strong><\/p>\n<\/td>\n<\/tr>\n<\/tbody>\n<\/table>\n<p><\/p>\n<p align=\"center\"><strong>AGENDA  EVENIMENTULUI <\/strong><\/p>\n<table border=\"1\" cellspacing=\"0\" cellpadding=\"0\" width=\"100%\">\n<tr>\n<td colspan=\"2\" valign=\"top\">\n<p align=\"center\"><strong>VINERI,    05 APRILIE 2019, <\/strong><strong>HOTEL    AMBIENT \u2013 BRASOV, SALA FORTUNA<\/strong><strong> <\/strong><\/p>\n<\/td>\n<\/tr>\n<tr>\n<td width=\"83\" valign=\"top\">\n<p><strong><em>16:30 \u2013 17:00<\/em><\/strong><\/p>\n<\/td>\n<td  valign=\"top\">\n<p><strong><em>Primirea si \u00eenregistrarea participantilor<\/em><\/strong><\/p>\n<\/td>\n<\/tr>\n<tr>\n<td width=\"83\" valign=\"top\">\n<p><strong><em>17:00 \u2013 17:15<\/em><\/strong><\/p>\n<\/td>\n<td  valign=\"top\">\n<p><strong><em>Cuv\u00e2nt introductiv, prezentarea invita\u0163ilor, lansarea Conferintei<\/em><\/strong><\/p>\n<ul type=\"disc\">\n<li><strong><em>Vasile         Emil Martin \u2013 presedinte Federa\u021bia Asociatiilor de Proprietari Bra\u0219ov<\/em><\/strong><\/li>\n<li><strong><em>Mihai Mereuta \u2013 Presedinte         Liga Asociatiilor de Proprietari Habitat <\/em><\/strong><\/li>\n<\/ul>\n<\/td>\n<\/tr>\n<tr>\n<td width=\"83\" valign=\"top\">\n<p><strong><em>17:15 \u2013 18:30<\/em><\/strong><\/p>\n<\/td>\n<td  valign=\"top\">\n<p><strong><em>Prezentari <\/em><\/strong><\/p>\n<ul type=\"disc\">\n<li><strong><em>Asigurarea obligatorie a locuintelor \u2013         reprezentant PAID<\/em><\/strong><\/li>\n<li><strong><em>Noutati &#8211; <\/em><\/strong><strong><em>serviciile comunitare de utilit\u0103\u0163i publice<\/em><\/strong><strong><em>\u2013ANRSC<\/em><\/strong><strong><\/strong><\/li>\n<li><strong><em>Probleme semnalate de catre asociatiile         de proprietary din Brasov &#8211;<\/em><\/strong><strong><\/strong><strong><em>Vasile         Emil Martin \u2013 presedinte Federa\u021bia Asociatiilor de Proprietari Bra\u0219ov<\/em><\/strong><strong><\/strong><\/li>\n<li><strong><em>Reglementari noi cu privire la organizarea si functionarea asociatiilor    de proprietari \u2013 <\/em><\/strong><strong><em>Mihai Mereuta \u2013 Presedinte Liga    Asociatiilor de Proprietari Habitat<\/em><\/strong><strong><\/strong><\/li>\n<\/ul>\n<\/td>\n<\/tr>\n<tr>\n<td width=\"83\" valign=\"top\">\n<p><strong><em>18:30 \u2013 19:00&nbsp; <\/em><\/strong><\/p>\n<\/td>\n<td  valign=\"top\">\n<p><strong><em>Interventii ale membrilor si reprezentantilor asociatiilor de proprietari    \u2013 <\/em><\/strong><strong><em>Bra\u0219ov<\/em><\/strong><strong><\/strong><\/p>\n<\/td>\n<\/tr>\n<\/table>\n","protected":false},"excerpt":{"rendered":"<p>Vineri, 05 aprilie, ora 17.00, la Hotel Ambient \u2013 Brasov, sala Fortuna (bd. Iuliu Maniu, nr. 27), Federa\u021bia Asociatiilor de Proprietari Bra\u0219ov in parteneriat cu Liga Nationala a Asociatiilor de Proprietari Habitat,\u00a0 organizeaza \u00a0a III-a edi\u0163ie a dezbaterii CORECT &amp; LEGAL, un eveniment &quot;de prim\u0103var\u0103&quot;, care se adreseaz\u0103 Asocia\u0163iilor de Proprietari din Jude\u0163ul Bra\u015fov \u015fi [&hellip;]<\/p>\n","protected":false},"author":3,"featured_media":0,"comment_status":"open","ping_status":"open","sticky":false,"template":"","format":"standard","meta":{"footnotes":""},"categories":[1],"tags":[],"class_list":["post-2790","post","type-post","status-publish","format-standard","hentry","category-noutati"],"_links":{"self":[{"href":"https:\/\/www.habitaturban.ro\/index.php?rest_route=\/wp\/v2\/posts\/2790","targetHints":{"allow":["GET"]}}],"collection":[{"href":"https:\/\/www.habitaturban.ro\/index.php?rest_route=\/wp\/v2\/posts"}],"about":[{"href":"https:\/\/www.habitaturban.ro\/index.php?rest_route=\/wp\/v2\/types\/post"}],"author":[{"embeddable":true,"href":"https:\/\/www.habitaturban.ro\/index.php?rest_route=\/wp\/v2\/users\/3"}],"replies":[{"embeddable":true,"href":"https:\/\/www.habitaturban.ro\/index.php?rest_route=%2Fwp%2Fv2%2Fcomments&post=2790"}],"version-history":[{"count":1,"href":"https:\/\/www.habitaturban.ro\/index.php?rest_route=\/wp\/v2\/posts\/2790\/revisions"}],"predecessor-version":[{"id":2791,"href":"https:\/\/www.habitaturban.ro\/index.php?rest_route=\/wp\/v2\/posts\/2790\/revisions\/2791"}],"wp:attachment":[{"href":"https:\/\/www.habitaturban.ro\/index.php?rest_route=%2Fwp%2Fv2%2Fmedia&parent=2790"}],"wp:term":[{"taxonomy":"category","embeddable":true,"href":"https:\/\/www.habitaturban.ro\/index.php?rest_route=%2Fwp%2Fv2%2Fcategories&post=2790"},{"taxonomy":"post_tag","embeddable":true,"href":"https:\/\/www.habitaturban.ro\/index.php?rest_route=%2Fwp%2Fv2%2Ftags&post=2790"}],"curies":[{"name":"wp","href":"https:\/\/api.w.org\/{rel}","templated":true}]}}