{"id":2804,"date":"2019-06-05T12:06:22","date_gmt":"2019-06-05T10:06:22","guid":{"rendered":"http:\/\/www.habitaturban.ro\/?p=2804"},"modified":"2019-06-05T12:06:22","modified_gmt":"2019-06-05T10:06:22","slug":"dezbaterea-viitorul-sistemul-de-alimentare-centralizata-cu-energie-termica","status":"publish","type":"post","link":"https:\/\/www.habitaturban.ro\/?p=2804","title":{"rendered":"Dezbaterea: Viitorul Sistemul de Alimentare Centralizat\u0103 cu Energie Termic\u0103"},"content":{"rendered":"<\/p>\n<p><em>Miercuri <strong>12 iunie 2019<\/strong>, orele 11.00, \u00een sala de  protocol &#8211; Casa de Cultur\u0103 a Sindicatelor  Constan\u021ba (B-dul Alexandru Lapusneanu nr. 1), <strong>L<\/strong>iga <strong>A<\/strong>socia\u021biilor de <strong>P<\/strong>roprietari <strong>H<\/strong>abitat, \u00een parteneriat cu <strong>U<\/strong>niunea <strong>A<\/strong>socia\u021biilor de <strong>P<\/strong>roprietari <strong>C<\/strong>onstan\u021ba (membra a Ligii Habitat), <strong>RADET<\/strong> <strong>C<\/strong>onstanta, cu sprijinul <strong>A<\/strong>socia\u021biei <strong>E<\/strong>xpert <strong>F<\/strong>orum (<strong>EFOR<\/strong>) organizeaza  o dezbatere avand ca tem\u0103: <\/em><\/p>\n<ul>\n<li><strong><em>Viitorul <strong>Sistemul de  Alimentare Centralizat\u0103&nbsp;cu Energie Termic\u0103<\/strong><\/em><\/strong><\/li>\n<\/ul>\n<p><em>Alte teme propuse<\/em><\/p>\n<ul type=\"disc\">\n<ul type=\"circle\">\n<li><em>Asigurarea        obligatorie a locuintelor<\/em><\/li>\n<li><em>Noutati &#8211;        legislatie -asociatii de proprietari<\/em><\/li>\n<\/ul>\n<\/ul>\n<p><strong><em>Ne face o deosebita placere de a va  invita la acesta Dezbatere!<\/em><\/strong><br \/>\n<em>Invitati  &#8211; reprezentanti ai<\/em><\/p>\n<ul>\n<ul>\n<ul>\n<li><em>Asociatiilor de proprietari Constanta, <\/em><\/li>\n<li><em>UAP Constanta, <strong><\/strong><\/em><\/li>\n<li><em>RADET Constanta, <strong><\/strong><\/em><\/li>\n<li><em>Primariei Municipiului  Constanta; <\/em><\/li>\n<li><em>Asocia\u021biei Expert Forum (EFOR)<strong><\/strong><\/em><\/li>\n<\/ul>\n<\/ul>\n<\/ul>\n<p><em>Informarea corecta si de  calitate a reprezentantilor asociatiilor de proprietari cu privire la  drepturile si obligatiile acestora este benefica tuturor partilor implicate! Sprijinul dumneavoastra, participarea  specialistilor delegati sunt factori ce contribuie la succesul acestei actiuni.<\/em><\/p>\n<div style=\"border:#666 1px solid\">\n<p>\n  <strong>Numar  limitat de locuri (75). Va rugam sa confirmati participarea pana in data de <u>07  iunie<\/u>. <\/strong><\/p>\n<\/div>\n<p><strong><em>Pentru informatii suplimentare si pentru confirmarea participarii va  puteti adresa la: <\/em><\/strong><\/p>\n<ul>\n<li><strong><em>UNIUNEA  ASOCIA\u0162IILOR DE PROPRIETARI CONSTAN\u0162A<\/em><\/strong><\/li>\n<\/ul>\n<p><em>(ASOCIA\u0162IE DE UTILITATE PUBLIC\u0102 -\u00cenregistrat\u0103 \u00een Registrul  Special la nr. 78 \/ 10.10.2001 &#8211; Afiliat\u0103 la Liga Asocia\u0163iilor de Proprietari  &bdquo;Habitat&rdquo;) &#8211; Str. Jupiter 11 (intrarea prin C.Br\u0103tescu), Cod po\u015ftal 900698;  Tel, Fax: 0241618535 <\/em><br \/>\n  <strong><em>PERSOANE DE CONTACT :<\/em><\/strong><br \/>\n  <strong><em>Florica Ganea  (pre\u015fedinte), Email: ct78sby@hotmail.com;<\/em><\/strong><br \/>\n  <strong><em>Georgeta  Ariciuc &#8211; Email: <\/em><\/strong><a href=\"mailto:gabiariciuc@yahoo.com\"><strong><em>gabiariciuc@yahoo.com<\/em><\/strong><\/a><strong><em>;<\/em><\/strong><strong><\/strong>\n<\/p>\n<hr\/>\n<ul>\n<li><strong><em>LIGA ASOCIA\u0162IILOR DE PROPRIETARI HABITAT<\/em><\/strong><strong><\/strong><strong><\/strong><\/li>\n<\/ul>\n<p><em>ADRESA CORESPONDEN\u0162\u0102: OP 49, CP  21 <\/em><em>Sector 2 Bucuresti. <\/em><a href=\"https:\/\/www.habitaturban.ro\"><em>www.habitaturban.ro<\/em><\/a><em>, <\/em><a href=\"http:\/\/www.regenerareurbana.ro\"><em>www.regenerareurbana.ro<\/em><\/a><em>, <\/em><a href=\"http:\/\/www.casa-plus.ro\"><em>www.casa-plus.ro<\/em><\/a><em>; <\/em><a href=\"http:\/\/urban-plus-ro.blogspot.ro\/\"><em>http:\/\/urban-plus-ro.blogspot.ro\/<\/em><\/a><\/p>\n<p><strong><em>MIHAI MEREU<\/em><\/strong><strong><em>\u0162\u0102<\/em><\/strong><strong><em> &#8211; 0744.751.416; <\/em><\/strong><a href=\"mailto:mihai.mereuta@habitaturban.ro\"><em>mihai.mereuta@habitaturban.ro<\/em><\/a><strong><em>; presedinte\u00a0 Liga  Asociatiilor de Proprietari Habitat, Asociatia Romana pentru Locuinte Casa Plus<\/em><\/strong><\/p>\n<hr\/>\n<ul>\n<li><strong><em>ASOCIA\u021aIA  ROM\u00c2N\u0102 PENTRU LOCUIN\u021aE CASA PLUS<\/em><\/strong><strong><\/strong><\/li>\n<\/ul>\n<p><em>Director resurse umane<strong>:<\/strong><\/em><strong><\/strong><em>DANIELA FLORINA HU\u0162AN &#8211; <\/em><em>0726.949.000; 0743.627.705<\/em><em>; <\/em><em><a href=\"mailto:dana.hutan@habitaturban.ro\">dana.hutan@habitaturban.ro<\/a><strong>;<\/strong><\/em><strong><\/strong><\/p>\n<hr\/>\n<ul>\n<li><strong><em>REGIA  AUTONOMA DE DISTRIBU\u021aIE A ENERGIEI TERMICE CONSTAN\u021aA<\/em><\/strong><em>&nbsp;<\/em><strong><em> &#8211; RADET CONSTAN\u021aA<\/em><\/strong><strong><\/strong><\/li>\n<\/ul>\n<p><strong>SEDIU R.A.D.E.T.<\/strong>&nbsp;\u2013 STR. BADEA CARTAN NR. 14 A, PROGRAM: 08:00 \u2013  16:30, TELEFON: 0341.461.234, 0241.616.937, Email:&nbsp;<a href=\"mailto:office@radet-constanta.ro\">office@radet-constanta.ro<\/a><\/p>\n<hr\/>\n<ul>\n<li><strong><em>ASOCIA\u021aIA EXPERT FORUM (EFOR) <\/em><\/strong><\/li>\n<\/ul>\n<p><a href=\"mailto:office@expertforum.ro\">office@expertforum.ro<\/a>, <a href=\"tel:0212117400\">(+40)&nbsp;21 211 7400<\/a><strong><\/strong><\/p>\n<p><\/p>\n<p><em>Va dorim <strong>succes<\/strong> in activitatea pe  care o desfasurati, va multumim pentru colaborare si sprijin si va asiguram de  intreaga noastra consideratie.<\/em><\/p>\n<p><\/p>\n<table border=\"0\" cellspacing=\"0\" cellpadding=\"0\" width=\"98%\">\n<tbody>\n<tr>\n<td width=\"329\" valign=\"top\" style=\"border:none\">\n<h2 align=\"center\"><strong>Mihai Mereuta<\/strong><\/h2>\n<p align=\"center\">\n      <strong>Presedinte<\/strong><strong><\/strong><\/p>\n<\/td>\n<td width=\"321\" valign=\"top\" style=\"border:none\">\n<h2 align=\"center\"><strong>Florica Ganea<\/strong><\/h2>\n<p align=\"center\">\n      <strong>Presedinte <\/strong><\/p>\n<\/td>\n<\/tr>\n<tr>\n<td width=\"50%\" align=\"center\" valign=\"top\" style=\"border:none\">\n<p><strong><em>LIGA  ASOCIA\u0162IILOR DE PROPRIETARI <br \/> HABITAT <\/em><\/strong><\/p>\n<\/td>\n<td width=\"50%\" align=\"center\" valign=\"top\" style=\"border:none\">\n<p align=\"center\"><strong><em>UNIUNEA ASOCIA\u0162IILOR DE PROPRIETARI<br \/>CONSTAN\u021aA<\/em><\/strong><\/p>\n<\/td>\n<\/tr>\n<\/tbody>\n<\/table>\n<p><\/p>\n<p align=\"center\"><strong>AGENDA EVENIMENTULUI <\/strong><\/p>\n<table border=\"1\" cellspacing=\"0\" cellpadding=\"3\" width=\"100%\">\n<tr>\n<td  colspan=\"2\" valign=\"top\">\n<p align=\"center\"><strong><em>MIERCURI, 12 IUNIE, <\/em><\/strong><strong><em>CASA    DE CULTUR\u0102 A SINDICATELOR CONSTAN\u021aA<\/em><\/strong><strong><\/strong><\/p>\n<\/td>\n<\/tr>\n<tr>\n<td width=\"45\" valign=\"top\">\n<p><em>10:30 \u2013    11.00<\/em><\/p>\n<\/td>\n<td  valign=\"top\">\n<p><em>Primirea si \u00eenregistrarea participantilor<\/em><\/p>\n<\/td>\n<\/tr>\n<tr>\n<td width=\"45\" valign=\"top\">\n<p><em>11:00 \u2013 11:15<\/em><\/p>\n<\/td>\n<td  valign=\"top\">\n<p><em>\u00a0Cuv\u00e2nt introductiv, prezentarea invita\u0163ilor,    lansarea Dezbaterii<\/em><\/p>\n<ul>\n<li><em>Florica Ganea \u2013 Pre\u0219edinte    Uniunea Asocia\u021biilor de Proprietari Constan\u021ba<\/em><\/li>\n<li><em>Sorin Ioni\u021b\u0103 \u2013 Asociatia Expert Forum<\/em><\/li>\n<li><em>Mihai    Mereu\u021b\u0103 \u2013 Presedinte Liga Asocia\u021biilor de Proprietari Habitat<\/em> <\/li>\n<\/ul>\n<\/td>\n<\/tr>\n<tr>\n<td width=\"45\" valign=\"top\">\n<p><em>11:15 \u2013 12:00<\/em><\/p>\n<\/td>\n<td  valign=\"top\">\n<p><em>Prezentari <\/em><\/p>\n<ul>\n<li><strong><em>S<\/em><\/strong><em>istemul    de Alimentare Centralizat\u0103&nbsp;cu Energie Termic\u0103 \u2013 Liviu Dorel Popa,    director RADET Constan\u021ba<\/em><\/li>\n<li><em>Evaluarea Sistemului de Alimentare Centralizat\u0103&nbsp;cu Energie    Termic\u0103 \u2013 Sorin Ioni\u021b\u0103 \u2013 Asocia\u021bia Expert Forum<\/em><\/li>\n<li><em>Probleme ale asociatiilor de proprietari din Constanta -Florica Ganea \u2013 Pre\u0219edinte    Uniunea Asocia\u021biilor de Proprietari Constan\u021ba<\/em><\/li>\n<li><em>Asigurarea    obligatorie a locuintelor \u2013 Mihai    Mereu\u021b\u0103 \u2013 Pre\u0219edinte Liga Asocia\u021biilor de Proprietari Habitat<\/em><\/li>\n<li><em>Situatia    Proiectului de Lege cu privire la organizarea si functionarea asociatiilor de    proprietari \u2013 Mihai    Mereuta \u2013 Presedinte Liga Asociatiilor de Proprietari Habitat<\/em><\/li>\n<li><em>Noutati    &#8211; legislatie -asociatii de proprietari\u00a0    \u2013 Mihai    Mereu\u021b\u0103 \u2013 Pre\u0219edinte Liga Asocia\u021biilor de Proprietari Habitat<\/em><\/li>\n<li><em>Contorizare    individuala apa &#8211; Smart Eco, ISTA<\/em><\/li>\n<li><em>Asigurarea    obligatorie a locuintelor \u2013 Mihai    Mereu\u021b\u0103 \u2013 Pre\u0219edinte Liga Asocia\u021biilor de Proprietari Habitat<\/em><\/li>\n<\/ul>\n<\/td>\n<\/tr>\n<tr>\n<td width=\"45\" valign=\"top\">\n<p><em>12:00 \u2013 13:00&nbsp; <\/em><\/p>\n<\/td>\n<td  valign=\"top\">\n<p><em>Interventii ale membrilor si    reprezentantilor asociatiilor de proprietari <\/em><\/p>\n<\/td>\n<\/tr>\n<\/table>\n","protected":false},"excerpt":{"rendered":"<p>Miercuri 12 iunie 2019, orele 11.00, \u00een sala de protocol &#8211; Casa de Cultur\u0103 a Sindicatelor Constan\u021ba (B-dul Alexandru Lapusneanu nr. 1), Liga Asocia\u021biilor de Proprietari Habitat, \u00een parteneriat cu Uniunea Asocia\u021biilor de Proprietari Constan\u021ba (membra a Ligii Habitat), RADET Constanta, cu sprijinul Asocia\u021biei Expert Forum (EFOR) organizeaza o dezbatere avand ca tem\u0103: Viitorul Sistemul [&hellip;]<\/p>\n","protected":false},"author":3,"featured_media":0,"comment_status":"open","ping_status":"open","sticky":false,"template":"","format":"standard","meta":{"footnotes":""},"categories":[1],"tags":[],"class_list":["post-2804","post","type-post","status-publish","format-standard","hentry","category-noutati"],"_links":{"self":[{"href":"https:\/\/www.habitaturban.ro\/index.php?rest_route=\/wp\/v2\/posts\/2804","targetHints":{"allow":["GET"]}}],"collection":[{"href":"https:\/\/www.habitaturban.ro\/index.php?rest_route=\/wp\/v2\/posts"}],"about":[{"href":"https:\/\/www.habitaturban.ro\/index.php?rest_route=\/wp\/v2\/types\/post"}],"author":[{"embeddable":true,"href":"https:\/\/www.habitaturban.ro\/index.php?rest_route=\/wp\/v2\/users\/3"}],"replies":[{"embeddable":true,"href":"https:\/\/www.habitaturban.ro\/index.php?rest_route=%2Fwp%2Fv2%2Fcomments&post=2804"}],"version-history":[{"count":1,"href":"https:\/\/www.habitaturban.ro\/index.php?rest_route=\/wp\/v2\/posts\/2804\/revisions"}],"predecessor-version":[{"id":2805,"href":"https:\/\/www.habitaturban.ro\/index.php?rest_route=\/wp\/v2\/posts\/2804\/revisions\/2805"}],"wp:attachment":[{"href":"https:\/\/www.habitaturban.ro\/index.php?rest_route=%2Fwp%2Fv2%2Fmedia&parent=2804"}],"wp:term":[{"taxonomy":"category","embeddable":true,"href":"https:\/\/www.habitaturban.ro\/index.php?rest_route=%2Fwp%2Fv2%2Fcategories&post=2804"},{"taxonomy":"post_tag","embeddable":true,"href":"https:\/\/www.habitaturban.ro\/index.php?rest_route=%2Fwp%2Fv2%2Ftags&post=2804"}],"curies":[{"name":"wp","href":"https:\/\/api.w.org\/{rel}","templated":true}]}}