{"id":2808,"date":"2019-10-01T10:03:14","date_gmt":"2019-10-01T08:03:14","guid":{"rendered":"http:\/\/www.habitaturban.ro\/?p=2808"},"modified":"2019-10-10T10:08:13","modified_gmt":"2019-10-10T08:08:13","slug":"conferinta-nationala-a-asociatiilor-de-proprietari-bucure%c8%99ti-2","status":"publish","type":"post","link":"https:\/\/www.habitaturban.ro\/?p=2808","title":{"rendered":"Conferin\u0163a Na\u0163ional\u0103 a Asocia\u0163iilor de Proprietari &#8211;\tBucure\u0219ti"},"content":{"rendered":"<\/p>\n<p><em>Vineri, <strong>11 octombrie<\/strong>, ora <strong>09.00<\/strong>,  la Bucure\u0219ti, hotel <strong>Ibis Nord<\/strong>, sala  Enescu (<\/em><strong><em>Calea Grivitei nr.143, sector 1, Bucuresti<\/em><\/strong><strong><em>, <\/em><\/strong><em>in proximitatea Garii de Nord<\/em><em>), <strong>Liga  Na\u021bional\u0103 a Asocia\u021biilor de Proprietari Habitat, <\/strong>organizeaza<strong> Conferin\u021ba Na\u021bional\u0103 a Asocia\u021biilor de Proprietari.<\/strong><\/em><br \/>\n  Dezbaterile vor viza<\/p>\n<ul>\n<li><strong><em>Legea nr. 196\/2018 privind  \u00eenfiin\u0163area, organizarea \u015fi func\u0163ionarea asocia\u0163iilor de proprietari \u015fi  administrarea condominiilor \u2013 un an de aplicare, probleme, solutii, propuneri  de modificare<\/em><\/strong><\/li>\n<li><em>Locuirea  \u00een Rom\u00e2nia \u2013 trecut, prezent si perspective \/ <\/em><em>Dreptul la o locuin\u0163\u0103 decent\u0103 \/ locuire decent\u0103  accesibil\u0103 ca pre\u0163 &#8211; drept fundamental al fiec\u0103rui cet\u0103\u0163ean ce ar trebui s\u0103 se  reg\u0103seasc\u0103 \u00een Constitu\u021bie<\/em><\/li>\n<\/ul>\n<ul type=\"disc\">\n<li><em>Eficienta energetica \u2013 prioritate nationala pentru       reducerea saraciei energetice &#8211; interventii ale reprezentantilor\u00a0 ANRE <\/em><\/li>\n<li><em>Programele nationale in domeniul locuintelor       (reabilitare termica, consolidare, strategii) &#8211; interventii ale       reprezentantilor MDRAPFE, BPIE.<\/em><\/li>\n<\/ul>\n<p><strong><em>Pentru informatii suplimentare: <\/em><\/strong><\/p>\n<ul>\n<li><em>Daniela Florina Hu\u021ban \u2013 Director \u2013 mobil 0716.949.000, 0743.627.705,  fax  021.341.30.62, email dana.hutan@habitaturban.ro;<\/em><\/li>\n<li><em>Adresa  corespondenta: liga asociatiilor de  proprietari habitat, OP 49, CP 21 Sector 2 Bucuresti<\/em><\/li>\n<\/ul>\n<p><em>Va dorim <strong>succes<\/strong> in activitatea pe care o  desfasurati, va multumim pentru colaborare si sprijin si va asiguram de  intreaga noastra consideratie.<\/em> <\/p>\n<h2 align=\"center\"><strong>Mihai Mereuta<\/strong><\/h2>\n<p align=\"center\"><strong>Presedinte<\/strong><\/p>\n<table border=\"0\" cellspacing=\"0\" cellpadding=\"0\" width=\"100%\">\n<tbody>\n<tr>\n<td width=\"50%\" align=\"center\" valign=\"top\" style=\"border:none;\">\n<p align=\"center\"><strong><em>LIGA    ASOCIA\u0162IILOR DE PROPRIETARI <\/em><\/strong><br \/>\n      <strong><em>HABITAT<\/em><\/strong><\/p>\n<\/td>\n<td width=\"50%\" align=\"center\" valign=\"top\" style=\"border:none;\">\n<p align=\"center\"><strong><em>ASOCIA<\/em><\/strong><strong><em>\u0162<\/em><\/strong><strong><em>IA ROM<\/em><\/strong><strong><em>\u00c2<\/em><\/strong><strong><em>N<\/em><\/strong><strong><em>\u0102<\/em><\/strong><strong><em> PENTRU LOCUIN<\/em><\/strong><strong><em>\u0162<\/em><\/strong><strong><em>E<\/em><\/strong><br \/>\n    <strong><em>CASA PLUS <\/em><\/strong><\/p>\n<\/td>\n<\/tr>\n<\/tbody>\n<\/table>\n<p><\/p>\n<table border=\"1\" cellspacing=\"0\" cellpadding=\"3\" width=\"100%\">\n<tr>\n<td colspan=\"2\" valign=\"top\">\n<p align=\"center\"><strong><em>AGENDA<\/em><\/strong><br \/>\n      <strong><em>Vineri, 11 octombrie, Bucure\u0219ti, hotel    Ibis Nord, sala Enescu <\/em><\/strong><strong><\/strong><\/p>\n<\/td>\n<\/tr>\n<tr>\n<td width=\"45\" valign=\"top\">\n<p><em>08:30<\/em><br \/>\n      <em>09:00<\/em><\/p>\n<\/td>\n<td valign=\"top\">\n<p><em>Primirea si \u00eenregistrarea participantilor<\/em><\/p>\n<\/td>\n<\/tr>\n<tr>\n<td width=\"45\" valign=\"top\">\n<p><em>09:00 <\/em><br \/>\n      <em>09:10<\/em><\/p>\n<\/td>\n<td valign=\"top\">\n<p><em>Cuv\u00e2nt introductiv, prezentarea invita\u0163ilor, lansarea Conferintei &#8211; <strong>Mihai Mereuta<\/strong> \u2013 Presedinte Liga    Asociatiilor de Proprietari <strong>Habitat<\/strong><\/em><\/p>\n<\/td>\n<\/tr>\n<tr>\n<td width=\"45\" valign=\"top\">\n<p><em>09:10\u00a0 11:10<\/em><\/p>\n<\/td>\n<td valign=\"top\">\n<p><em>Prezentari    reprezentanti ai autoritatilor<\/em><\/p>\n<ul>\n<li><em>Locuirea \u00een Rom\u00e2nia \u2013. <\/em><em>Dreptul    la o locuin\u0163\u0103 decent\u0103 \/ locuire decent\u0103 accesibil\u0103 ca pre\u0163 &#8211; drept fundamental    al fiec\u0103rui cet\u0103\u0163ean ce ar trebui s\u0103 se reg\u0103seasc\u0103 \u00een Constitu\u021bie &#8211; <strong>Mihai    Mereuta<\/strong> \u2013Liga Habitat \/ Asociatia Casa Plus \u2013 5 min<\/em><\/li>\n<\/ul>\n<ul type=\"disc\">\n<li><em>Programele in domeniul         locuintelor (reabilitare termica, consolidare, strategii) \u2013 <\/em><strong><em>Serban Danciu<\/em><\/strong><em> &#8211; \u00a0Reprezentant <strong>BPIE <\/strong><\/em><strong><em>\u2013 10 min<\/em><\/strong><\/li>\n<li><em>Programele nationale in         domeniul locuintelor (reabilitare termica, consolidare, strategii) &#8211;         interventii ale reprezentantilor MDRAP <\/em><strong><em>\u2013 10 min<\/em><\/strong><\/li>\n<li><strong><em>Asigurarea         locuintelor \u2013 PAID Romania <\/em><\/strong><strong><em>\u2013 10 min.<\/em><\/strong><\/li>\n<li><strong><em>1<\/em><\/strong><strong><em> an de         aplicare a Legii 196 \/ 2018 \/ prezentari conexe<\/em><\/strong><\/li>\n<ul type=\"circle\">\n<li><strong><em>Serviciile          Comunitare de Utilit\u0103\u021bi Publice<\/em><\/strong><strong><em> &#8211; <\/em><\/strong><strong><em>Punct de vedere<\/em><\/strong><strong><em> \u2013 reprezentant <\/em><\/strong><strong><em>ANRSC <\/em><\/strong><strong><em>&#8211; <\/em><\/strong><em>10 min.<\/em><\/li>\n<li><em>Alimentare          cu ap\u0103 \u0219i canalizare \u2013 reprezentant <strong>ARA &#8211; <\/strong><\/em><em>10 min<\/em><\/li>\n<li><em>Colectarea Separata a          Deseurilor \/ Economia Circulara<\/em><\/li>\n<\/ul>\n<li><em>Propuneri de modificare         si completare a- <\/em><em>Legii         nr. 196\/2018 privind \u00eenfiin\u0163area, organizarea \u015fi func\u0163ionarea         asocia\u0163iilor de proprietari \u015fi administrarea condominiilor<\/em><em>\u2013 <\/em><\/li>\n<ul type=\"circle\">\n<li><strong><em>Silvia Monica Dinica<\/em><\/strong><em> \u2013 Senator &#8211; <\/em><em>10 min<\/em><\/li>\n<li><strong><em>Matei Dobrovie<\/em><\/strong><em> \u2013 Deputat &#8211; 10 min<\/em><\/li>\n<li><strong><em>Radu Corneliu          Dumitrescu<\/em><\/strong><em> \u2013 Liga Habitat \/ Asociatia          Casa Plus <\/em><strong><em>\u2013 10 min<\/em><\/strong><\/li>\n<li><strong><em>Mariana Venera Popescu<\/em><\/strong><em> \u2013 Deputat &#8211; <\/em><em>10 min<\/em><\/li>\n<li><em>Reprezentant MDRAP \u2013 10          min<\/em><\/li>\n<\/ul>\n<li><em>Eficienta energetica \u2013         prioritate nationala pentru reducerea saraciei energetice &#8211;         reprezentant\u00a0 ANRE &#8211; 10 min<\/em><\/li>\n<\/ul>\n<\/td>\n<\/tr>\n<tr>\n<td width=\"45\" valign=\"top\">\n<p><em>11.10\u00a0 11.30<\/em><\/p>\n<\/td>\n<td valign=\"top\">\n<p><em>Scurte prezentari parteneri (5    minute\/vorbitor)- <\/em><\/p>\n<ul type=\"disc\">\n<li><em>ISTA ROMANIA &#8211; Contorizare <\/em><\/li>\n<li><em>SMART ECO PLUS &#8211; ELSACO \u2013 Contorizare<\/em><\/li>\n<li><em>CSALB &#8211; <\/em><em>Solu\u021bionarea<\/em><em> alternativa         a litigiilor\/disputelor din domeniul serviciilor financiare \u2013 b\u0103nci,         institu\u021bii financiare non-bancare \u2013 \u00een afara cadrului instan\u021belor de         judecat\u0103<\/em><strong> <\/strong><\/li>\n<\/ul>\n<\/td>\n<\/tr>\n<tr>\n<td width=\"45\" valign=\"top\">\n<p><em>11:30 13:00&nbsp; <\/em><\/p>\n<\/td>\n<td valign=\"top\">\n<p><em>Interventii    ale membrilor si reprezentantilor asociatiilor de proprietari (5 minute\/vorbitor)-<\/em><\/p>\n<ol start=\"1\" type=\"1\">\n<li><em>ARAD \u2013 DORINA LUPSE <\/em><\/li>\n<li><em>BACAU \u2013 VASILE MAXIM <\/em><\/li>\n<li><em>BOTOSANI \u2013 PETRICA BUTNARU <\/em><\/li>\n<li><em>BRAILA \u2013 STOIAN RADUCAN <\/em><\/li>\n<li><em>BRASOV \u2013 VASILE EMIL MARTIN <\/em><\/li>\n<li><em>BUZAU \u2013 CONSTANTIN IONESCU <\/em><\/li>\n<li><em>CAMPULULUNG MUSCEL \u2013 ION         CICULESCU <\/em><\/li>\n<li><em>CLUJ NAPOCA \u2013 SORIN MUNTEAN <\/em><\/li>\n<li><em>CONSTANTA \u2013 VASILE HARSESCU <\/em><\/li>\n<li><em>CRAIOVA \u2013 PREDA ILIE <\/em><\/li>\n<li><em>GALATI \u2013 ROMAN PRICOP <\/em><\/li>\n<li><em>IASI \u2013 DUMITRU BUCUR <\/em><\/li>\n<li><em>LUGOJ &#8211; LAZAR VASILE <\/em><\/li>\n<li><em>NEGRESTI OAS \u2013 SATU MARE \u2013         SORIN HAIDUC\u00a0 <\/em><\/li>\n<li><em>OLTENITA \u2013 DAN LUCRETIU         IONESCU <\/em><\/li>\n<li><em>ORADEA \u2013 DAN CRETU <\/em><\/li>\n<li><em>PLOIESTI \u2013 VIOREL OLTEANU <\/em><\/li>\n<li><em>RAMNICU VALCEA &#8211; ANDREI         MOSMONEA <\/em><\/li>\n<li><em>SFANTU GHEORGHE \u2013 STOIAN         RADUCAN <\/em><\/li>\n<li><em>SLOBOZIA \u2013 SMARANDA ARMASU <\/em><\/li>\n<li><em>TIMISOARA \u2013 PETRU OLARIU <\/em><\/li>\n<li><em>TARGU MURES \u2013 DUMITRU RUS <\/em><\/li>\n<li><em>TURNU MAGURELE \u2013 EUGEN MOCANU <\/em><\/li>\n<li><em>BUCURESTI <\/em><\/li>\n<\/ol>\n<\/td>\n<\/tr>\n<\/table>\n","protected":false},"excerpt":{"rendered":"<p>Vineri, 11 octombrie, ora 09.00, la Bucure\u0219ti, hotel Ibis Nord, sala Enescu (Calea Grivitei nr.143, sector 1, Bucuresti, in proximitatea Garii de Nord), Liga Na\u021bional\u0103 a Asocia\u021biilor de Proprietari Habitat, organizeaza Conferin\u021ba Na\u021bional\u0103 a Asocia\u021biilor de Proprietari. Dezbaterile vor viza Legea nr. 196\/2018 privind \u00eenfiin\u0163area, organizarea \u015fi func\u0163ionarea asocia\u0163iilor de proprietari \u015fi administrarea condominiilor \u2013 [&hellip;]<\/p>\n","protected":false},"author":3,"featured_media":0,"comment_status":"open","ping_status":"open","sticky":false,"template":"","format":"standard","meta":{"footnotes":""},"categories":[1],"tags":[],"class_list":["post-2808","post","type-post","status-publish","format-standard","hentry","category-noutati"],"_links":{"self":[{"href":"https:\/\/www.habitaturban.ro\/index.php?rest_route=\/wp\/v2\/posts\/2808","targetHints":{"allow":["GET"]}}],"collection":[{"href":"https:\/\/www.habitaturban.ro\/index.php?rest_route=\/wp\/v2\/posts"}],"about":[{"href":"https:\/\/www.habitaturban.ro\/index.php?rest_route=\/wp\/v2\/types\/post"}],"author":[{"embeddable":true,"href":"https:\/\/www.habitaturban.ro\/index.php?rest_route=\/wp\/v2\/users\/3"}],"replies":[{"embeddable":true,"href":"https:\/\/www.habitaturban.ro\/index.php?rest_route=%2Fwp%2Fv2%2Fcomments&post=2808"}],"version-history":[{"count":1,"href":"https:\/\/www.habitaturban.ro\/index.php?rest_route=\/wp\/v2\/posts\/2808\/revisions"}],"predecessor-version":[{"id":2809,"href":"https:\/\/www.habitaturban.ro\/index.php?rest_route=\/wp\/v2\/posts\/2808\/revisions\/2809"}],"wp:attachment":[{"href":"https:\/\/www.habitaturban.ro\/index.php?rest_route=%2Fwp%2Fv2%2Fmedia&parent=2808"}],"wp:term":[{"taxonomy":"category","embeddable":true,"href":"https:\/\/www.habitaturban.ro\/index.php?rest_route=%2Fwp%2Fv2%2Fcategories&post=2808"},{"taxonomy":"post_tag","embeddable":true,"href":"https:\/\/www.habitaturban.ro\/index.php?rest_route=%2Fwp%2Fv2%2Ftags&post=2808"}],"curies":[{"name":"wp","href":"https:\/\/api.w.org\/{rel}","templated":true}]}}