{"id":2837,"date":"2020-01-22T16:34:39","date_gmt":"2020-01-22T14:34:39","guid":{"rendered":"http:\/\/www.habitaturban.ro\/?p=2837"},"modified":"2020-01-22T16:34:39","modified_gmt":"2020-01-22T14:34:39","slug":"dezbaterea-obliga%c8%9bii-fiscale-contabile-ale-asocia%c8%9biilor-de-proprietari-nouta%c8%9bi-2020","status":"publish","type":"post","link":"https:\/\/www.habitaturban.ro\/?p=2837","title":{"rendered":"Dezbaterea Obliga\u021bii fiscale \/ contabile ale asocia\u021biilor de proprietari &#8211; Nout\u0103\u021bi 2020"},"content":{"rendered":"<\/p>\n<p><strong>Stimata  doamna,<\/strong><br \/>\n  <strong>Stimate  domnule,<\/strong><\/p>\n<p><em>In cadrul dezbaterilor complet gratuite adresate  membrilor si reprezentantilor asociatiilor de proprietari, <strong>miercuri,<\/strong> <strong><u>29.01.2020<\/u><\/strong>,  ora <strong>10.00<\/strong>, la Bucure\u0219ti, hotel <strong>Ibis  Nord<\/strong>, sala Enescu (<\/em><strong><em>Calea  Grivitei nr.143, sector 1, Bucuresti<\/em><\/strong><strong><em>, <\/em><\/strong><em>in proximitatea Garii de Nord<\/em><em>), <strong>Liga Na\u021bional\u0103 a Asocia\u021biilor de Proprietari  Habitat <\/strong>in colaborarea cu<strong> Asocia\u021bia Rom\u00e2n\u0103 pentru Locuin\u021be Casa Plus, organizeaza<\/strong> Dezbaterea  cu tema principala<\/em><em>: <\/em><strong><em>OBLIGA\u021aIILE  FISCALE \/ CONTABILE ALE ASOCIA\u021aIILOR DE PROPRIETARI &#8211; NOUT\u0102\u021aI 2020!<\/em><\/strong><br \/>\n  <strong><em><u>Dezbaterea\u00a0 va  viza:<\/u><\/em><\/strong><\/p>\n<ul>\n<li><em>Relatia asociatiilor de  proprietari cu Administratiile Finantelor Publice; Obligatiile membrilor si reprezentantilor  asociatiilor de proprietari cu privire la FISCALITATE; <\/em><strong><em>Obligatia de a depune declaratii- <\/em><\/strong><em>112; 010; Alte obligatii;<\/em><\/li>\n<li><em>Alte teme- Organizarea si desfasurarea adunarii generale  anuale la asociatiile de proprietari in conformitate cu prevederile Legii  196\/2018, contorizare \u0219.a.<\/em><\/li>\n<li><em>In deschidere- <strong>Scurta  prezentare a noutatilor legate de Asigurarea Obligatorie a Locuintelor<\/strong><\/em><\/li>\n<\/ul>\n<p><strong><em><u>Invitati:<\/u><\/em><\/strong><\/p>\n<ul>\n<li><em>Reprezentanti ai asociatiilor de proprietari din Bucuresti;<\/em><\/li>\n<li><em>Reprezentanti ai ANAF \/ DGFPMB \/ ADMINISTRATIILOR  FINANTELOR PUBLICE DE SECTOR <\/em><\/li>\n<li><em>R<\/em><em>eprezentant PAID <\/em><\/li>\n<li><em>Specialisti in domeniu;<\/em><\/li>\n<\/ul>\n<p><strong><em>Ne face o deosebit\u0103 pl\u0103cere de a v\u0103 invita  la acest\u0103 Dezbatere!<\/em><\/strong><br \/>\n  <em>Sprijinul dumneavoastra, participarea  specialistilor delegati sunt factori ce contribuie la succesul acestei actiuni.<\/em><br \/>\n  <strong><em>Numar limitat de locuri. Va rugam sa confirmati  participarea pana in data de 27 ianuarie. <\/em><\/strong><br \/>\n  <strong><em>Pentru inscriere sau pt informatii suplimentare: <\/em><\/strong><\/p>\n<ul type=\"disc\">\n<li><strong><em>Daniela       Florina Hu\u021ban<\/em><\/strong><em> \u2013 Director \u2013 mobil       0726.949.000, 0743.627.705, fax 021.341.30.62, email       dana.hutan@habitaturban.ro;<\/em><\/li>\n<\/ul>\n<p><em>V\u0103 dorim <strong>succes<\/strong> \u00een activitatea pe care o desfasura\u021bi,  v\u0103 mul\u021bumim pentru colaborare \u0219i sprijin \u0219i v\u0103 asigur\u0103m de intreaga noastr\u0103  considera\u021bie.<\/em><\/p>\n<h2 align=\"center\"><strong>Mihai Mereuta<\/strong><\/h2>\n<p align=\"center\"><strong>Presedinte<\/strong><\/p>\n<table border=\"0\" cellspacing=\"0\" cellpadding=\"0\" width=\"100%\">\n<tbody>\n<tr>\n<td width=\"50%\" align=\"center\" valign=\"top\" style=\"border:none;\">\n<p align=\"center\"><strong><em>LIGA    ASOCIA\u0162IILOR DE PROPRIETARI <\/em><\/strong><br \/>\n      <strong><em>HABITAT<\/em><\/strong><\/p>\n<\/td>\n<td width=\"50%\" align=\"center\" valign=\"top\" style=\"border:none;\">\n<p align=\"center\"><strong><em>ASOCIA<\/em><\/strong><strong><em>\u0162<\/em><\/strong><strong><em>IA ROM<\/em><\/strong><strong><em>\u00c2<\/em><\/strong><strong><em>N<\/em><\/strong><strong><em>\u0102<\/em><\/strong><strong><em> PENTRU LOCUIN<\/em><\/strong><strong><em>\u0162<\/em><\/strong><strong><em>E<\/em><\/strong><br \/>\n    <strong><em>CASA PLUS <\/em><\/strong><\/p>\n<\/td>\n<\/tr>\n<\/tbody>\n<\/table>\n<p>&nbsp;<\/p>\n<p>&nbsp;<\/p>\n<p>&nbsp;<\/p>\n<p align=\"center\"><strong>AGENDA EVENIMENTULUI <\/strong><\/p>\n<table border=\"1\" cellspacing=\"0\" cellpadding=\"3\" width=\"100%\">\n<tr>\n<td colspan=\"2\" valign=\"top\">\n      <strong><em>MIERCURI, 21 IANUARIE, <\/em><\/strong><strong><em>HOTEL IBIS NORD, SALA ENESCU A<\/em><\/strong><strong><\/strong><\/td>\n<\/tr>\n<tr>\n<td width=\"121\" valign=\"top\">\n<p><strong><em>09:30 \u2013 10:00<\/em><\/strong><\/p>\n<\/td>\n<td  valign=\"top\">\n<p><strong><em>Primirea si \u00eenregistrarea participantilor<\/em><\/strong><\/p>\n<\/td>\n<\/tr>\n<tr>\n<td width=\"121\" valign=\"top\">\n<p><strong><em>10:00 \u2013 10:15<\/em><\/strong><\/p>\n<\/td>\n<td  valign=\"top\">\n<p><strong><em>Cuv\u00e2nt introductiv, prezentarea invita\u0163ilor,    lansarea Dezbaterii<\/em><\/strong><\/p>\n<ul type=\"disc\">\n<li><strong><em>Mihai Mereu\u021b\u0103\u2013 Presedinte Liga Asociatiilor de         Proprietari Habitat <\/em><\/strong><\/li>\n<\/ul>\n<\/td>\n<\/tr>\n<tr>\n<td width=\"121\" valign=\"top\">\n<p><strong><em>10:15 \u2013 12.15<\/em><\/strong><\/p>\n<\/td>\n<td valign=\"top\">\n<p><strong><em>Prezentari<\/em><\/strong><\/p>\n<ul type=\"disc\">\n<li><strong><em>Reprezentan\u021bi ANAF<\/em><\/strong><\/li>\n<li><strong><em>Reprezentan\u021bi Casa Plus \u2013 Gabriela Bratu, Cristian         C\u00eel\u021bea<\/em><\/strong><strong><\/strong><strong><\/strong><\/li>\n<li><strong><em>Reprezentan\u021bi Prim\u0103rii de Sector<\/em><\/strong><strong><\/strong><\/li>\n<li><strong><em>Asigurarea         locuin\u021belor &#8211;<\/em><\/strong><strong><em>reprezentant PAID Rom\u00e2nia<\/em><\/strong><\/li>\n<li><strong><em>\u00cembun\u0103t\u0103\u021birea         cadrului legal ce guverneaz\u0103 organizarea \u0219i func\u021bionarea asocia\u021biilor de         proprietari. Situa\u021bia <\/em><\/strong><strong><em>Legii nr. 196\/2018 privind \u00eenfiin\u0163area,         organizarea \u015fi func\u0163ionarea asocia\u0163iilor de proprietari \u015fi administrarea         condominiilor <\/em><\/strong><\/li>\n<li><strong><em>Alte teme<\/em><\/strong><strong><\/strong><\/li>\n<ul type=\"circle\">\n<li><strong><em>SMART ECO PLUS<\/em><\/strong><strong><\/strong><\/li>\n<li><strong><em>ISTA ROM\u00c2NIA<\/em><\/strong><strong><\/strong><\/li>\n<\/ul>\n<\/ul>\n<\/td>\n<\/tr>\n<tr>\n<td width=\"121\" valign=\"top\">\n<p><strong><em>12:15 \u2013 13:00&nbsp;<\/em><\/strong><\/p>\n<\/td>\n<td valign=\"top\">\n<ul>\n<li><strong><em>Interven\u021bii    ale reprezentan\u021bilor asocia\u021biilor de proprietari.<\/em><\/strong><\/li>\n<\/ul>\n<\/td>\n<\/tr>\n<\/table>\n<h3 align=\"center\"><strong>PARTENERI<\/strong><\/h3>\n<p align=\"center\"><strong><em>LIGA    ASOCIA\u0162IILOR DE PROPRIETARI HABITAT- <\/em><\/strong><strong><em>MIHAI    MEREU<\/em><\/strong><strong><em>\u0162\u0102<\/em><\/strong><strong><em> \u2013 PRE\u0218EDINTE -0744.751.416; <\/em><\/strong><strong><em><a href=\"mailto:mihai.mereuta@habitaturban.ro\">mihai.mereuta@habitaturban.ro<\/a><\/em><\/strong><strong> <\/strong><\/p>\n<p align=\"center\"><strong><em>ASOCIA\u0162IA ROM\u00c2N\u0102 PENTRU LOCUIN\u0162E CASA PLUS- <\/em><\/strong><strong><em>RADU    CORNELIU DUMITRESCU \u2013 VICEPRESEDINTE &#8211; <\/em><\/strong><strong><em><a href=\"mailto:conctranspresp@yahoo.com\">conctranspresp@yahoo.com<\/a><\/em><\/strong>;<strong> <\/strong><\/p>\n<p align=\"center\"><strong><em>AC\u021aIUNI REALIZATE CU SPRIJINUL:  PAID ROM\u00c2NIA, SMART ECO PLUS, ISTA ROM\u00c2NIA. <\/em><em>PARTENER MEDIA: RADIO ROM\u00c2NIA ACTUALIT\u0102\u021aI \u2013 BUCURE\u0218TI FM  98,3; ARENA CONSTRUC\u021aIILOR.<\/em><\/strong><\/p>\n","protected":false},"excerpt":{"rendered":"<p>Stimata doamna, Stimate domnule, In cadrul dezbaterilor complet gratuite adresate membrilor si reprezentantilor asociatiilor de proprietari, miercuri, 29.01.2020, ora 10.00, la Bucure\u0219ti, hotel Ibis Nord, sala Enescu (Calea Grivitei nr.143, sector 1, Bucuresti, in proximitatea Garii de Nord), Liga Na\u021bional\u0103 a Asocia\u021biilor de Proprietari Habitat in colaborarea cu Asocia\u021bia Rom\u00e2n\u0103 pentru Locuin\u021be Casa Plus, organizeaza [&hellip;]<\/p>\n","protected":false},"author":3,"featured_media":0,"comment_status":"open","ping_status":"open","sticky":false,"template":"","format":"standard","meta":{"footnotes":""},"categories":[1],"tags":[],"class_list":["post-2837","post","type-post","status-publish","format-standard","hentry","category-noutati"],"_links":{"self":[{"href":"https:\/\/www.habitaturban.ro\/index.php?rest_route=\/wp\/v2\/posts\/2837","targetHints":{"allow":["GET"]}}],"collection":[{"href":"https:\/\/www.habitaturban.ro\/index.php?rest_route=\/wp\/v2\/posts"}],"about":[{"href":"https:\/\/www.habitaturban.ro\/index.php?rest_route=\/wp\/v2\/types\/post"}],"author":[{"embeddable":true,"href":"https:\/\/www.habitaturban.ro\/index.php?rest_route=\/wp\/v2\/users\/3"}],"replies":[{"embeddable":true,"href":"https:\/\/www.habitaturban.ro\/index.php?rest_route=%2Fwp%2Fv2%2Fcomments&post=2837"}],"version-history":[{"count":1,"href":"https:\/\/www.habitaturban.ro\/index.php?rest_route=\/wp\/v2\/posts\/2837\/revisions"}],"predecessor-version":[{"id":2838,"href":"https:\/\/www.habitaturban.ro\/index.php?rest_route=\/wp\/v2\/posts\/2837\/revisions\/2838"}],"wp:attachment":[{"href":"https:\/\/www.habitaturban.ro\/index.php?rest_route=%2Fwp%2Fv2%2Fmedia&parent=2837"}],"wp:term":[{"taxonomy":"category","embeddable":true,"href":"https:\/\/www.habitaturban.ro\/index.php?rest_route=%2Fwp%2Fv2%2Fcategories&post=2837"},{"taxonomy":"post_tag","embeddable":true,"href":"https:\/\/www.habitaturban.ro\/index.php?rest_route=%2Fwp%2Fv2%2Ftags&post=2837"}],"curies":[{"name":"wp","href":"https:\/\/api.w.org\/{rel}","templated":true}]}}