{"id":2839,"date":"2020-02-14T14:41:25","date_gmt":"2020-02-14T12:41:25","guid":{"rendered":"http:\/\/www.habitaturban.ro\/?p=2839"},"modified":"2020-02-14T14:48:45","modified_gmt":"2020-02-14T12:48:45","slug":"dezbaterea-viitorul-sacet-bucure%c8%99ti-ce-urmeaza-in-2020","status":"publish","type":"post","link":"https:\/\/www.habitaturban.ro\/?p=2839","title":{"rendered":"Dezbaterea: Viitorul SACET Bucure\u0219ti. Ce urmeaz\u0103 \u00een 2020?"},"content":{"rendered":"<\/p>\n<p><em>Miercuri <strong>19 februarie 2020<\/strong>,  orele <strong>10.00<\/strong>, la Bucure\u0219ti, hotel <strong>Ibis  Nord<\/strong>, sala <strong>Enescu<\/strong> (<\/em><strong><em>Calea Grivitei nr.143, sector 1, Bucuresti, <\/em><\/strong><em>in proximitatea Garii de Nord<\/em><em>), <strong>L<\/strong>iga <strong>A<\/strong>socia\u021biilor de <strong>P<\/strong>roprietari <strong>H<\/strong>abitat \/ <strong>A<\/strong>socia\u021bia <strong>R<\/strong>om\u00e2n\u0103 pentru <strong>L<\/strong>ocuin\u021be <strong>C<\/strong>asa <strong>P<\/strong>lus organizeaz\u0103 o dezbatere av\u00e2nd ca tem\u0103: <\/em><strong><em>Viitorul <strong>Sistemului de Alimentare Centralizat\u0103&nbsp;cu  Energie Termic\u0103. Ce urmeaz\u0103 \u00een 2020?<\/strong><\/em><\/strong><\/p>\n<h2><em>Ne face o deosebita placere de a va  invita la acesta dezbatere!<\/em><\/h2>\n<p>\n  <strong><em>Invitati \u2013 <\/em><\/strong><\/p>\n<ul>\n<li><strong><em>reprezentanti ai <\/em><\/strong><\/li>\n<ul>\n<li><strong><em>Asociatiilor de Proprietari din  Bucuresti, <\/em><\/strong><\/li>\n<li><strong><em>ASOCIA\u0162IEI DE  DEZVOLTARE INTERCOMUNITAR\u0102 TERMOENERGETIC\u0102 BUCURE\u015eTI-ILFOV<\/em><\/strong><\/li>\n<li><strong><em>COMPANIEI MUNICIPALE TERMOENERGETICA BUCURE\u015eTI S.A<\/em><\/strong><strong><em>. \u2013&nbsp;<strong>CMTEB<\/strong><\/em><\/strong><strong><\/strong><\/li>\n<li><strong><em>PRIMARIEI MUNICIPIULUI BUCURE\u0218TI<\/em><\/strong><\/li>\n<li><strong><em>ELECTROCENTRALE BUCURE\u015eTI\u00a0 &#8211; ELCEN <\/em><\/strong><\/li>\n<li><strong><em>AUTORIT\u0102\u021aII NA\u0162IONALE DE REGLEMENTARE \u00ceN  DOMENIUL ENERGIEI &#8211; ANRE <\/em><\/strong><\/li>\n<li><strong><em>MINISTERULUI ECONOMIEI, ENERGIEI \u015eI MEDIULUI DE AFACERI <\/em><\/strong><\/li>\n<\/ul>\n<li><em>Specialisti,<\/em><\/li>\n<li><em>Parlamentari<\/em><\/li>\n<\/ul>\n<p><strong><em>Teme<\/em><\/strong><\/p>\n<ul>\n<li><strong><em>Situatia avariilor<\/em><\/strong><strong><\/strong><\/li>\n<li><strong><em>Finantarea investitiilor in infrastructura  sistemului<\/em><\/strong><strong><\/strong><\/li>\n<li><strong><em>Insolventa \/ falimentul<\/em><\/strong><strong><\/strong><\/li>\n<li><strong><em>Despagubirea  proprietarilor pentru parametrii serviciului furnizat<\/em><\/strong><\/li>\n<li><strong><em>Zonele  unitare de consum, contorizarea \/ repartizarea individuala, contracte \/  conventii individuale, distributia orizontala, bransarea institutiilor publice,  bransarea locuintelor in proprietatea PMB.<\/em><\/strong><\/li>\n<li><strong><em>Evaluarea si  Monitorizarea <\/em><\/strong><strong><em>aliment\u0103rii cu energie termic\u0103 a Municipiului Bucure\u015fti<\/em><\/strong><strong><\/strong><strong><em>\u2013 Rolul \/  drepturile consumatorilor<\/em><\/strong><strong><\/strong><\/li>\n<li><strong><em>Ce  responsabilitati au &#8211; PMB, CGMB, ADITBI, CMTEB, ANRE, MEEMA<\/em><\/strong><\/li>\n<li><strong><em>Alte teme  propuse &#8211; <\/em><\/strong><strong><em>Asigurarea obligatorie a  locuintelor, Reabilitarea termica, <\/em><\/strong><strong><em>Solu\u021bionarea alternativa a  litigiilor\/disputelor din domeniul serviciilor financiare <\/em><\/strong><strong><\/strong><\/li>\n<\/ul>\n<div style=\"border: 1px solid black; padding:3px\">\n<p><strong>Numar limitat de locuri (80).  Va rugam sa confirmati participarea pana in data de <u>17 februarie<\/u>. <\/strong><\/p>\n<\/div>\n<p><strong><em>Pentru inscriere sau pt informatii suplimentare: <\/em><\/strong><\/p>\n<ul type=\"disc\">\n<li><strong><em>Daniela       Florina Hu\u021ban<\/em><\/strong><em> \u2013 Director \u2013 mobil 0726.949.000,       0743.627.705, fax 021.341.30.62, email       dana.hutan@habitaturban.ro;<\/em><\/li>\n<\/ul>\n<p><em>Va dorim <strong>succes<\/strong> in  activitatea pe care o desfasurati, va multumim pentru colaborare si sprijin si  va asiguram de intreaga noastra consideratie.<\/em><\/p>\n<p>&nbsp;<\/p>\n<table border=\"0\" cellspacing=\"0\" cellpadding=\"0\" width=\"98%\">\n<tbody>\n<tr>\n<td width=\"329\" valign=\"top\" style=\"border:none\">\n<h2 align=\"center\"><strong>Mihai Mereuta<\/strong><\/h2>\n<p align=\"center\">\n      <strong>Presedinte<\/strong><strong><\/strong><\/p>\n<\/td>\n<td width=\"321\" valign=\"top\" style=\"border:none\">\n<h2 align=\"center\"><strong>Radu Corneliu Dumitrescu<\/strong><\/h2>\n<p align=\"center\">\n      <strong>Presedinte <\/strong><\/p>\n<\/td>\n<\/tr>\n<tr>\n<td width=\"50%\" align=\"center\" valign=\"top\" style=\"border:none\">\n<p><strong><em>LIGA  ASOCIA\u0162IILOR DE PROPRIETARI <br \/> HABITAT <\/em><\/strong><\/p>\n<\/td>\n<td width=\"50%\" align=\"center\" valign=\"top\" style=\"border:none\">\n<p align=\"center\"><strong><em>ASOCIA\u0162IA ROM\u00c2N\u0102 PENTRU LOCUIN\u0162E<br \/>CASA PLUS<\/em><\/strong><\/p>\n<\/td>\n<\/tr>\n<\/tbody>\n<\/table>\n<p>&nbsp;<\/p>\n<p align=\"center\"><strong>AGENDA EVENIMENTULUI <\/strong><\/p>\n<table border=\"1\" cellspacing=\"0\" cellpadding=\"3\" width=\"100%\">\n<tr>\n<td colspan=\"2\" valign=\"top\">\n      <strong><em>MIERCURI, 19 FEBRUARIE, <\/em><\/strong><strong><em>HOTEL IBIS NORD, SALA ENESCU A<\/em><\/strong><strong><\/strong><\/td>\n<\/tr>\n<tr>\n<td width=\"121\" valign=\"top\">\n<p><strong><em>09:30 \u2013 10:00<\/em><\/strong><\/p>\n<\/td>\n<td  valign=\"top\">\n<p><strong><em>Primirea si \u00eenregistrarea participantilor<\/em><\/strong><\/p>\n<\/td>\n<\/tr>\n<tr>\n<td width=\"121\" valign=\"top\">\n<p><strong><em>10:00 \u2013 10:15<\/em><\/strong><\/p>\n<\/td>\n<td  valign=\"top\">\n<p><strong><em>Cuv\u00e2nt introductiv, prezentarea invita\u0163ilor,    lansarea Dezbaterii<\/em><\/strong><\/p>\n<ul type=\"disc\">\n<li><strong><em>Mihai Mereu\u021b\u0103\u2013 Presedinte Liga Asociatiilor de         Proprietari Habitat <\/em><\/strong><\/li>\n<\/ul>\n<\/td>\n<\/tr>\n<tr>\n<td width=\"121\" valign=\"top\">\n<p><strong><em>10:15 \u2013 12.15<\/em><\/strong><\/p>\n<\/td>\n<td  valign=\"top\">\n<p><strong><em>Prezentari<\/em><\/strong><\/p>\n<ul type=\"disc\">\n<li><strong><em>Reprezentanti         ai <\/em><\/strong><\/li>\n<ul>\n<li><em><strong>PARLAMENTARI<\/strong><\/em><\/li>\n<li><strong><em>MINISTERULUI ECONOMIEI,    ENERGIEI \u015eI MEDIULUI DE AFACERI<\/em><\/strong><\/li>\n<li><strong><em>AUTORIT\u0102\u021aII NA\u0162IONALE DE REGLEMENTARE \u00ceN    DOMENIUL ENERGIEI &#8211; ANRE <\/em><\/strong><\/li>\n<li><strong><em>COGEN <\/em><\/strong><\/li>\n<li><strong><em>ELECTROCENTRALE BUCURE\u015eTI\u00a0 &#8211; ELCEN <\/em><\/strong><\/li>\n<li><strong><em>ASOCIA\u0162IEI DE DEZVOLTARE INTERCOMUNITAR\u0102 TERMOENERGETIC\u0102    BUCURE\u015eTI-ILFOV<\/em><\/strong><\/li>\n<li><strong><em>PRIMARIEI MUNICIPIULUI BUCURE\u0218TI<\/em><\/strong><\/li>\n<li><strong><em>COMPANIEI MUNICIPALE TERMOENERGETICA    BUCURE\u015eTI S.A<\/em><\/strong><strong><em>. \u2013&nbsp;<strong>CMTEB<\/strong><\/em><\/strong><\/li>\n<li><strong><em>CGMB<\/em><\/strong><strong><\/strong><\/li>\n<li><strong><em>ASOCIA<\/em><\/strong><strong><em>\u0162<\/em><\/strong><strong><em>IA ROM<\/em><\/strong><strong><em>\u00c2<\/em><\/strong><strong><em>N<\/em><\/strong><strong><em>\u0102<\/em><\/strong><strong><em> PENTRU LOCUIN<\/em><\/strong><strong><em>\u0162<\/em><\/strong><strong><em>E CASA PLUS<\/em><\/strong><strong>&#8211; <\/strong><strong><em>R<\/em><\/strong><strong><em>adu Dumitrescu<\/em><\/strong><\/li>\n<\/ul>\n<\/ul>\n<ul type=\"disc\">\n<li><strong><em>Alte teme<\/em><\/strong><strong><\/strong><\/li>\n<ul type=\"circle\">\n<li><strong><em>contorizarea \/          repartizarea individuala<\/em><\/strong><strong><\/strong><strong><\/strong><\/li>\n<ul type=\"square\">\n<li><strong><em>SMART ECO PLUS<\/em><\/strong><strong><\/strong><\/li>\n<li><strong><em>ISTA           ROM\u00c2NIA<\/em><\/strong><strong><\/strong><strong><\/strong><\/li>\n<\/ul>\n<\/ul>\n<ul>\n<li><strong><em>Reabilitarea termica \u2013 R<\/em><\/strong><strong><em>adu Grigorescu    &#8211; QETICS<\/em><\/strong><strong><\/strong><\/li>\n<li><strong><em>Solu\u021bionarea alternativa a litigiilor\/disputelor din    domeniul serviciilor financiare <\/em><\/strong><strong><\/strong><\/li>\n<li><strong><em>Asigurarea locuin\u021belor<\/em><\/strong><strong><\/strong><\/li>\n<\/ul>\n<\/ul>\n<\/td>\n<\/tr>\n<tr>\n<td width=\"121\" valign=\"top\">\n<p><em>12:15 \u2013 13:00&nbsp;<\/em><\/p>\n<\/td>\n<td  valign=\"top\">\n<ul>\n<li><em>Interven\u021bii    ale reprezentan\u021bilor asocia\u021biilor de proprietari.<\/em><\/li>\n<\/ul>\n<\/td>\n<\/tr>\n<\/table>\n<p align=\"center\"><strong>PARTENERI <\/strong><\/p>\n<p align=\"center\"><strong><em>LIGA    ASOCIA\u0162IILOR DE PROPRIETARI HABITAT- <\/em><\/strong><strong><em>MIHAI    MEREU<\/em><\/strong><strong><em>\u0162\u0102<\/em><\/strong><strong><em> \u2013 PRE\u0218EDINTE -0744.751.416; <\/em><\/strong><strong><em><a href=\"mailto:mihai.mereuta@habitaturban.ro\">mihai.mereuta@habitaturban.ro<\/a><\/em><\/strong><strong> <\/strong><\/p>\n<p align=\"center\"><strong><em>ASOCIA\u0162IA ROM\u00c2N\u0102 PENTRU LOCUIN\u0162E CASA PLUS- <\/em><\/strong><strong><em>RADU    CORNELIU DUMITRESCU \u2013 vicepresedinte &#8211; <\/em><\/strong><strong><em><a href=\"mailto:conctranspresp@yahoo.com\">conctranspresp@yahoo.com<\/a><\/em><\/strong>;<strong> <\/strong><\/p>\n<p align=\"center\"><strong><em>AC\u021aIUNI REALIZATE CU SPRIJINUL:  PAID ROM\u00c2NIA, SMART ECO PLUS, ISTA ROM\u00c2NIA. <\/em><em>PARTENER MEDIA: RADIO ROM\u00c2NIA ACTUALIT\u0102\u021aI \u2013 BUCURE\u0218TI FM  98,3; ARENA CONSTRUC\u021aIILOR.<\/em><\/strong><\/p>\n","protected":false},"excerpt":{"rendered":"<p>Miercuri 19 februarie 2020, orele 10.00, la Bucure\u0219ti, hotel Ibis Nord, sala Enescu (Calea Grivitei nr.143, sector 1, Bucuresti, in proximitatea Garii de Nord), Liga Asocia\u021biilor de Proprietari Habitat \/ Asocia\u021bia Rom\u00e2n\u0103 pentru Locuin\u021be Casa Plus organizeaz\u0103 o dezbatere av\u00e2nd ca tem\u0103: Viitorul Sistemului de Alimentare Centralizat\u0103&nbsp;cu Energie Termic\u0103. Ce urmeaz\u0103 \u00een 2020? Ne face [&hellip;]<\/p>\n","protected":false},"author":3,"featured_media":0,"comment_status":"open","ping_status":"open","sticky":false,"template":"","format":"standard","meta":{"footnotes":""},"categories":[1],"tags":[],"class_list":["post-2839","post","type-post","status-publish","format-standard","hentry","category-noutati"],"_links":{"self":[{"href":"https:\/\/www.habitaturban.ro\/index.php?rest_route=\/wp\/v2\/posts\/2839","targetHints":{"allow":["GET"]}}],"collection":[{"href":"https:\/\/www.habitaturban.ro\/index.php?rest_route=\/wp\/v2\/posts"}],"about":[{"href":"https:\/\/www.habitaturban.ro\/index.php?rest_route=\/wp\/v2\/types\/post"}],"author":[{"embeddable":true,"href":"https:\/\/www.habitaturban.ro\/index.php?rest_route=\/wp\/v2\/users\/3"}],"replies":[{"embeddable":true,"href":"https:\/\/www.habitaturban.ro\/index.php?rest_route=%2Fwp%2Fv2%2Fcomments&post=2839"}],"version-history":[{"count":7,"href":"https:\/\/www.habitaturban.ro\/index.php?rest_route=\/wp\/v2\/posts\/2839\/revisions"}],"predecessor-version":[{"id":2846,"href":"https:\/\/www.habitaturban.ro\/index.php?rest_route=\/wp\/v2\/posts\/2839\/revisions\/2846"}],"wp:attachment":[{"href":"https:\/\/www.habitaturban.ro\/index.php?rest_route=%2Fwp%2Fv2%2Fmedia&parent=2839"}],"wp:term":[{"taxonomy":"category","embeddable":true,"href":"https:\/\/www.habitaturban.ro\/index.php?rest_route=%2Fwp%2Fv2%2Fcategories&post=2839"},{"taxonomy":"post_tag","embeddable":true,"href":"https:\/\/www.habitaturban.ro\/index.php?rest_route=%2Fwp%2Fv2%2Ftags&post=2839"}],"curies":[{"name":"wp","href":"https:\/\/api.w.org\/{rel}","templated":true}]}}