{"id":2942,"date":"2021-08-24T16:20:35","date_gmt":"2021-08-24T14:20:35","guid":{"rendered":"http:\/\/www.habitaturban.ro\/?p=2942"},"modified":"2021-08-24T16:28:38","modified_gmt":"2021-08-24T14:28:38","slug":"dezbatere-aplicarea-legii-1962018-contorizarea-individuala-montarea-repartitoarelor-marti-24-august-2021-online-%e2%80%93-zoom-%e2%80%93-ora-1700","status":"publish","type":"post","link":"https:\/\/www.habitaturban.ro\/?p=2942","title":{"rendered":"DEZBATERE: APLICAREA LEGII 196\/2018 \/ CONTORIZAREA INDIVIDUAL\u0102 \/ MONTAREA REPARTITOARELOR! MARTI, 24 AUGUST 2021 &#8211; Online \u2013 Zoom \u2013 ora 17:00"},"content":{"rendered":"<\/p>\n<p><em>\u00cen  cadrul dezbaterilor complet gratuite adresate membrilor \u0219i reprezentan\u021bilor asocia\u021biilor  de proprietari, <strong>MAR\u021aI,<\/strong> <strong><u>24.08.2021<\/u><\/strong>, ora <strong>17.00<\/strong>, Liga  Na\u021bional\u0103 a Asocia\u021biilor de Proprietari Habitat \u00een <strong>colaborarea<\/strong> cu  Asocia\u021bia Rom\u00e2n\u0103 pentru Locuin\u021be Casa Plus, cu <strong>sprijinul<\/strong> Primariei  Sectorului 2 Bucurest \u00a0<\/em><em>Companiei  Municipale Termoenergetica Bucure\u0219ti S.A<\/em><em>organizeaz\u0103 dezbaterea av\u00e2nd ca teme<\/em><em>: <\/em><strong><em>APLICAREA <\/em><\/strong><strong><em>LEGII 196\/2018 \/ CONTORIZAREA INDIVIDUAL\u0102 \/ MONTAREA  REPARTITOARELOR<\/em><\/strong><em>!<strong><\/strong><\/em><br \/>\n  <em><br \/>\n  <\/em><em>Evenimentul are loc <strong>online<\/strong> prin intermediul aplica\u021biei <strong>Zoom<\/strong>.<\/em><\/p>\n<p><em>Participan\u021bii sunt ruga\u021bi s\u0103 \u00ee\u0219i  confirme participarea \u0219i s\u0103 transmit\u0103 <strong>formularul de \u00eenregistrare<\/strong> la  adresa de e-mail <strong><a href=\"mailto:mihai.mereuta@habitaturban.ro\">mihai.mereuta@habitaturban.ro<\/a><\/strong>.<\/em><br \/>\n  <strong><em>Link-ul<\/em><\/strong><em> de acces pentru eveniment va fi  trimis prin e-mailul de confirmare a \u00eenregistr\u0103rii. <\/em><br \/>\n  <em>Participarea este <strong>gratuit\u0103<\/strong>,  \u00een limita a 100 de persoane. <\/em><em>\u00cent\u00e2lnirea se adreseaz\u0103, cu prioritate, membrilor \u0219i reprezentan\u021bilor  asocia\u021biilor de proprietari colaboratori ai Ligii Asocia\u021biilor de Proprietari  Habitat \/ Asocia\u021biei Rom\u00e2ne pentru Locuin\u021be Casa Plus (asocia\u021bii de proprietari  \/ ONG \/ proprietari). <\/em><\/p>\n<p><strong><em>Teme propuse<\/em><\/strong><\/p>\n<ul>\n<li><em>Relatia asociatiilor de  proprietari cu Primaria Sectorului 2 Bucuresti, PMB, CMTEB, ANRE<\/em><em>;<\/em><\/li>\n<li><em>Organizarea si functionarea asociatiile de proprietari in  conformitate cu prevederile Legii 196\/2018,<\/em><\/li>\n<li><em>Contorizare \/ repartizare costuri.<\/em><\/li>\n<\/ul>\n<p><strong><\/strong><\/p>\n<p><strong><em>Invita\u021bi:<\/em><\/strong><\/p>\n<ul>\n<li><em>Reprezentanti ai &#8211; \u00a0asociatiilor de  proprietari din Bucuresti, <\/em><em>Primariei Sector 2 Bucuresti, PMB, CMTEB, ANRE<\/em><em>; ISTA, SMART ECO PLUS <\/em><\/li>\n<li><em>Specialisti in domeniu;<\/em><\/li>\n<\/ul>\n<p><strong><em>Agenda provizorie<\/em><\/strong><br \/>\n  <em>16.45 &#8211; 17.00 &#8211; \u00eenregistrarea participan\u021bilor<\/em><br \/>\n  <em>17.00 &#8211; 18.00 &#8211; prezent\u0103ri ale  invita\u021bilor<\/em><br \/>\n  <em>18.00 &#8211; 18.45 &#8211; interven\u021bii ale  membrilor \u0219i reprezentan\u021bilor asocia\u021biilor de proprietari<\/em><br \/>\n  <em>18.45 &#8211; 19.00 &#8211; concluzii<\/em><\/p>\n<p><strong><em>Ne face o deosebit\u0103 pl\u0103cere de a v\u0103 invita  la acest\u0103 Dezbatere!<\/em><\/strong><br \/>\n  <em>Sprijinul dumneavoastra, participarea specialistilor  delegati sunt factori ce contribuie la succesul acestei actiuni.<\/em><br \/>\n  <strong><em>Numar limitat de locuri. Va rugam sa confirmati participarea pana in data  de 23.08. <\/em><\/strong><br \/>\n  <strong><em>Multumindu-va anticipat pentru participare, colaborare si sprijin, va  asigur de deplina mea consideratie!<\/em><\/strong><\/p>\n<p><\/p>\n<h2 align=\"center\"><strong>Mihai Mereuta<\/strong><\/h2>\n<p align=\"center\"><strong>Presedinte<\/strong><\/p>\n<table border=\"0\" cellspacing=\"0\" cellpadding=\"0\" width=\"100%\">\n<tbody>\n<tr>\n<td width=\"50%\" align=\"center\" valign=\"top\" style=\"border:none;\">\n<p align=\"center\"><strong><em>LIGA    ASOCIA\u0162IILOR DE PROPRIETARI <\/em><\/strong><br \/>\n      <strong><em>HABITAT<\/em><\/strong><\/p>\n<\/td>\n<td width=\"50%\" align=\"center\" valign=\"top\" style=\"border:none;\">\n<p align=\"center\"><strong><em>ASOCIA<\/em><\/strong><strong><em>\u0162<\/em><\/strong><strong><em>IA ROM<\/em><\/strong><strong><em>\u00c2<\/em><\/strong><strong><em>N<\/em><\/strong><strong><em>\u0102<\/em><\/strong><strong><em> PENTRU LOCUIN<\/em><\/strong><strong><em>\u0162<\/em><\/strong><strong><em>E<\/em><\/strong><br \/>\n    <strong><em>CASA PLUS <\/em><\/strong><\/p>\n<\/td>\n<\/tr>\n<\/tbody>\n<\/table>\n","protected":false},"excerpt":{"rendered":"<p>\u00cen cadrul dezbaterilor complet gratuite adresate membrilor \u0219i reprezentan\u021bilor asocia\u021biilor de proprietari, MAR\u021aI, 24.08.2021, ora 17.00, Liga Na\u021bional\u0103 a Asocia\u021biilor de Proprietari Habitat \u00een colaborarea cu Asocia\u021bia Rom\u00e2n\u0103 pentru Locuin\u021be Casa Plus, cu sprijinul Primariei Sectorului 2 Bucurest \u00a0Companiei Municipale Termoenergetica Bucure\u0219ti S.Aorganizeaz\u0103 dezbaterea av\u00e2nd ca teme: APLICAREA LEGII 196\/2018 \/ CONTORIZAREA INDIVIDUAL\u0102 \/ MONTAREA [&hellip;]<\/p>\n","protected":false},"author":3,"featured_media":0,"comment_status":"open","ping_status":"open","sticky":false,"template":"","format":"standard","meta":{"footnotes":""},"categories":[1],"tags":[],"class_list":["post-2942","post","type-post","status-publish","format-standard","hentry","category-noutati"],"_links":{"self":[{"href":"https:\/\/www.habitaturban.ro\/index.php?rest_route=\/wp\/v2\/posts\/2942","targetHints":{"allow":["GET"]}}],"collection":[{"href":"https:\/\/www.habitaturban.ro\/index.php?rest_route=\/wp\/v2\/posts"}],"about":[{"href":"https:\/\/www.habitaturban.ro\/index.php?rest_route=\/wp\/v2\/types\/post"}],"author":[{"embeddable":true,"href":"https:\/\/www.habitaturban.ro\/index.php?rest_route=\/wp\/v2\/users\/3"}],"replies":[{"embeddable":true,"href":"https:\/\/www.habitaturban.ro\/index.php?rest_route=%2Fwp%2Fv2%2Fcomments&post=2942"}],"version-history":[{"count":5,"href":"https:\/\/www.habitaturban.ro\/index.php?rest_route=\/wp\/v2\/posts\/2942\/revisions"}],"predecessor-version":[{"id":2953,"href":"https:\/\/www.habitaturban.ro\/index.php?rest_route=\/wp\/v2\/posts\/2942\/revisions\/2953"}],"wp:attachment":[{"href":"https:\/\/www.habitaturban.ro\/index.php?rest_route=%2Fwp%2Fv2%2Fmedia&parent=2942"}],"wp:term":[{"taxonomy":"category","embeddable":true,"href":"https:\/\/www.habitaturban.ro\/index.php?rest_route=%2Fwp%2Fv2%2Fcategories&post=2942"},{"taxonomy":"post_tag","embeddable":true,"href":"https:\/\/www.habitaturban.ro\/index.php?rest_route=%2Fwp%2Fv2%2Ftags&post=2942"}],"curies":[{"name":"wp","href":"https:\/\/api.w.org\/{rel}","templated":true}]}}