{"id":3003,"date":"2022-02-23T17:13:49","date_gmt":"2022-02-23T15:13:49","guid":{"rendered":"https:\/\/www.habitaturban.ro\/?p=3003"},"modified":"2022-02-23T17:13:49","modified_gmt":"2022-02-23T15:13:49","slug":"politici-publice-locale-participative-si-relevante","status":"publish","type":"post","link":"https:\/\/www.habitaturban.ro\/?p=3003","title":{"rendered":"Politici publice locale participative \u0219i relevante"},"content":{"rendered":"<p><img loading=\"lazy\" decoding=\"async\" class=\"wp-image-3004 size-medium alignnone\" src=\"https:\/\/www.habitaturban.ro\/wp-content\/uploads\/2022\/02\/acf-300x106.png\" alt=\"\" width=\"300\" height=\"106\" srcset=\"https:\/\/www.habitaturban.ro\/wp-content\/uploads\/2022\/02\/acf-300x106.png 300w, https:\/\/www.habitaturban.ro\/wp-content\/uploads\/2022\/02\/acf.png 600w\" sizes=\"auto, (max-width: 300px) 100vw, 300px\" \/><\/p>\n<p><strong><u>Perioada de desf\u0103\u0219urare a proiectului: februarie 2022 \u2013 iulie 2023<\/u><\/strong><\/p>\n<p>&nbsp;<\/p>\n<p>Proiectul porne\u0219te de la lipsa de coeren\u021b\u0103 \u0219i transparen\u021b\u0103 \u00een formularea politicilor publice la nivel local, care se coreleaz\u0103 cu lipsa unor ini\u021biative asumate politic, vizibile care s\u0103 aib\u0103 ca scop deschiderea datelor c\u0103tre public \u00een sectoare cheie precum investi\u021bii publice, energie\/termoficare, finan\u021barea partidelor sau s\u0103n\u0103tate. Evenimentele politice recente au demonstrat c\u0103 la nivelul partidelor politice exist\u0103 o reticen\u021b\u0103 de a deschide date \u00een sectoare sensibile, cu toate c\u0103 exist\u0103 o cerere public\u0103. \u00cen paralel, ne propunem s\u0103 dezvolt\u0103m capacitatea cet\u0103\u021benilor interesa\u021bi de a \u00een\u021belege cum func\u021bioneaz\u0103 administra\u021bia local\u0103, \u00een special \u00een ceea ce prive\u0219te bugetele \u0219i achizi\u021bii publice \u0219i s\u0103 impulsion\u0103m cre\u0219terea transparen\u021bei \u00een mai multe comunit\u0103\u021bi din \u021bar\u0103.<\/p>\n<p>Scopul proiectului este\u00a0<strong>cre\u0219terea calit\u0103\u021bii politicilor publice prin consolidarea bunei guvern\u0103ri din sectorul public la nivel local<\/strong>, monitorizare cet\u0103\u021beneasc\u0103, claritate legislativ\u0103 \u0219i implementare practic\u0103 \u00een colectarea, respectiv publicarea datelor de interes public.<\/p>\n<p>Vom dezvolta un ghid de tip watchdog pentru monitorizarea administra\u021biei, bazat pe experien\u021ba proprie a EFOR \u0219i pe baza dialogului cu partenerii \u0219i comunit\u0103\u021bile locale. Acesta va fi distribuit c\u0103tre jurnali\u0219ti \u0219i organiza\u021bii civice \u0219i prezentat printr-o serie de 6 traininguri pentru grupuri civice din \u021bar\u0103. Trainingurile vor avea loc \u00een Bucure\u0219ti, Constan\u021ba, Ia\u0219i, Timi\u0219oara, Re\u0219i\u021ba \u0219i Cluj.\u00a0 Grupurile civice se vor implica \u00een activit\u0103\u021bi de monitorizare local\u0103. De asemenea, vom lucra cu profesori \u0219i elevi, cu care vom experimenta o parte din temele din ghid \u0219i al\u0103turi de care vom realiza fi\u0219e de lucru pentru implementarea conceptelor la clas\u0103. Activit\u0103\u021bile vor fi completate printr-o campanie de informare cu privire la beneficiile deschiderii datelor publice.<\/p>\n<p>\u00cen cadrul proiectului vom lansa mai multe ghiduri \u0219i rapoarte, pe teme precum monitorizare administra\u021biei, politici publice bazate de dovezi (pentru ale\u0219ii locali) \u0219i despre nevoia de a cre\u0219te publicarea de date \u0219i dezvoltarea de politici publice bazate pe acestea.<\/p>\n<p>EFOR va lucra cu jurnali\u0219ti, activi\u0219ti civici, ONG-uri, profesori, cet\u0103\u021beni \u0219i va pune accent pe implicarea tinerilor. Partenerii vor sprijini EFOR s\u0103 identifice nevoile de la nivel local, beneficiarii, vor facilita rela\u021bia cu autorit\u0103\u021bile publice locale \u0219i vor contribui la realizarea materialelor scrise.<\/p>\n<p><strong><u>Problemele de la care plec\u0103m<\/u><\/strong><\/p>\n<p>Rapoartele\u00a0<a href=\"https:\/\/bit.ly\/2PQQXWb\">Nations in Transit Romania<\/a>\u00a0din ultimii ani arat\u0103 o sc\u0103dere a responsabilit\u0103\u021bii autorit\u0103\u021bilor locale fa\u021b\u0103 de cet\u0103\u021beni, dar \u0219i o degradare a guvern\u0103rii deschise la nivel local. Prim\u0103riile sunt responsabile pentru serviciile publice locale, dar cet\u0103\u021benii au pu\u021bine informa\u021bii disponibile \u0219i u\u0219or accesibile privind modul \u00een care aceste institu\u021bii func\u021bioneaz\u0103 \u0219i cum cheltuie banii publici. Presa local\u0103 dezv\u0103luie constant cazuri de corup\u021bie privind achizi\u021biile sau contractele realizate de companiile municipale \u00een principalele ora\u0219e ale \u021b\u0103rii. Unele prim\u0103rii sunt opace \u00een rela\u021bia cu cet\u0103\u021beanul \u0219i refuz\u0103 dialogul pe teme esen\u021biale pentru comunitate, cum ar fi bugetele locale sau investi\u021biile de interes local. \u00cen acela\u0219i timp, exist\u0103 interes public pentru a trage la r\u0103spundere institu\u021biile, dar pu\u021bini cet\u0103\u021beni au cuno\u0219tin\u021bele \u0219i ini\u021biativa de a face pasul urm\u0103tor.<\/p>\n<p>Exist\u0103 o tendin\u021b\u0103 de a\u00a0<a href=\"https:\/\/bit.ly\/3n6FoWX\">reduce accesul la date publice<\/a>, manifestat recent \u0219i prin anumite modific\u0103ri propuse la Legea 544\/2001. Mai mult, politicile publice sunt prea pu\u021bin bazate pe dovezi, date, statistici (evidence based policy), fapt care determin\u0103 existen\u021ba unei guvern\u0103ri cu efecte imprevizibile.<\/p>\n<p>EFOR a ar\u0103tat \u00een\u00a0<a href=\"http:\/\/www.expertforum.ro\/raport-anual-2021\">raportul anual 2021\u00a0<\/a>metodele ineficiente de a str\u00e2nge date \u0219i de a le publica folosite de mai multe institu\u021bii, inclusiv \u00een starea de urgen\u021b\u0103, iar gradul de implementare a angajamentelor din cadrul Parteneriatului pentru o Guvernare Deschis\u0103 asumate de Guvern este\u00a0<a href=\"https:\/\/bit.ly\/2PRwCjk\">foarte redus<\/a>, unele dintre ele ajung\u00e2nd doar la 10% dup\u0103 2 ani. Exist\u0103 ini\u021biative publice\u00a0<a href=\"https:\/\/bit.ly\/3apIZdE\">vocale<\/a>\u00a0care au solicitat deschiderea datelor \u00een domenii cheie, cum ar fi s\u0103n\u0103tatea. Astfel, este evident\u0103 nevoia de a continua eforturile de a pune pe agenda public\u0103 nevoia deschiderii de date \u00een sectoare cheie, inclusiv ca surs\u0103 pentru politici publice eficiente, bazate pe date.<\/p>\n<p>Doar\u00a0<a href=\"http:\/\/www.stiri.ong\/assets\/files\/romania-2017.pdf\">20% din cetateni<\/a>\u00a0sunt implicati in voluntariatsi chiar mai putini in activitati civice; proportia este si mai redusa intre tineri (ex. elevi de liceu). Tinerii considera ca autoritatile locale nu sunt\u00a0<a href=\"https:\/\/bit.ly\/3t2pf76\">interesate<\/a>\u00a0sa rezolve problemele comunitatii, fapt care descurajeaza participarea publica.<\/p>\n<h3><u>Ce ne propunem \u2013 obiective<\/u><\/h3>\n<ul>\n<li>Crearea unui instrument de monitorizare a administra\u021biei locale bazat pe consult\u0103ri cu beneficiari din mai multe comunit\u0103\u021bi \u0219i distribuirea acestuia c\u0103tre actori implica\u021bi civic.<\/li>\n<li>Dezvoltarea unor grupuri civice \u00een \u0219ase localit\u0103\u021bi din \u021bar\u0103 capabile s\u0103 \u00een\u021beleag\u0103 cum func\u021bioneaz\u0103 administra\u021bia local\u0103, modul de elaborare a politicilor publice \u0219i care s\u0103 monitorizeze activitatea unor institu\u021bii publice locale pentru o perioad\u0103 de cel pu\u021bin dou\u0103 luni.<\/li>\n<li>Organizarea unei campanii publice de advocacy pentru a accelera publicarea de date deschise \u00een sectoare cheie, \u00een colaborare cu institu\u021bii publice relevante \u0219i societatea civil\u0103, \u00een vederea elabor\u0103rii unor politici publice mai eficiente \u0219i bazate pe dovezi.<\/li>\n<\/ul>\n<h3><u>Cu cine vom colabora<\/u><\/h3>\n<ul>\n<li>Cet\u0103\u021beni interesa\u021bi de bun\u0103 guvernare<\/li>\n<li>Jurnali\u0219ti<\/li>\n<li>ONG-uri, grupuri civice care doresc s\u0103 \u00ee\u0219i consolideze capacitatea de monitorizare\/advocacy;<\/li>\n<li>Profesori \u0219i elevi;<\/li>\n<li>Ale\u0219i locali \u0219i func\u021bionari publici \u2013 prim\u0103rii \u0219i consilii locale<\/li>\n<\/ul>\n<p><strong>\u00a0<\/strong><\/p>\n<p><strong><u>Ce vom face, pe scurt:<\/u><\/strong><\/p>\n<ul>\n<li>Dezvoltarea unui ghid pentru monitorizarea activit\u0103\u021bii institu\u021biilor publice.<\/li>\n<li>Dezvoltarea unui ghid de elaborare a politicilor publice destinat utiliz\u0103rii de c\u0103tre institu\u021biile publice de la nivel local.<\/li>\n<li>Implementarea unui help-desk pe parcursul proiectului pentru sus\u021binerea cet\u0103\u021benilor \u00een ini\u021biative civice. Acest serviciu v\u0103 r\u0103spunde oric\u0103ror \u00eentreb\u0103ri sau solicit\u0103ri legate de utilizarea celor dou\u0103 ghiduri pentru oricine interesat, iar o echip\u0103 format\u0103 dintr-un jurist, exper\u021bi \u00een energie, administra\u021bie public\u0103 \u0219i investi\u021bii publice va oferi sprijin specializat participan\u021bilor \u00een ini\u021biativele civice locale.<\/li>\n<li>Organizarea de 4 prezent\u0103ri publice legate de teme din ghid, deschise pentru oricine interesat.<\/li>\n<li>Organizarea de 6 traininguri pentru jurnali\u0219ti, studen\u021bi, activi\u0219ti civici, profesori, ale\u0219i locali \u0219i alte persoane interesate.<\/li>\n<li>Implementarea unui num\u0103r de 6 proiecte de monitorizare ale unor institu\u021bii publice.<\/li>\n<li>Organizarea de 4 traininguri pentru profesori \u0219i elevi pe unele teme din ghiduri, adaptate v\u00e2rstei \u0219i dezvoltarea unor fi\u0219e de lucru pentru implementarea la clas\u0103 a conceptelor \u00eempreun\u0103 cu profesorii \u0219i elevii participan\u021bi la traininguri.<\/li>\n<li>Implementarea unei campanii de comunicare \u00een spa\u021biul online pentru eviden\u021bierea importan\u021bei public\u0103rii datelor deschise \u0219i pentru promovarea activit\u0103\u021bilor proiectului.<\/li>\n<li>Elaborarea unui policy brief de monitorizare care s\u0103 reflecte bune practici sau nevoile de \u00eembun\u0103t\u0103\u021bire.<\/li>\n<li>Organizarea unui eveniment de \u00eenchidere a proiectului \u00een care va fi prezentat raportul privind monitorizarea institu\u021biilor publice.<\/li>\n<\/ul>\n<h3><u>Care vor fi efectele proiectului?<\/u><\/h3>\n<p>&nbsp;<\/p>\n<p>Ne propunem construirea \u0219i consolidarea unor comunit\u0103\u021bi locale de actori civici formali \u0219i informali, cupl\u00e2nd re\u021bele civice din zone diferite, coalizate pentru un scop comun \u2013 abordarea unei probleme de policy la nivel local \u0219i reflectarea impactului \u00een modul \u00een care sunt elaborate politicile publice.<\/p>\n<p>Schimb\u0103rile pe care grupurile civice \u0219i le propun la nivel local pot avea efecte pe termen mediu sau lung prin \u00eembun\u0103t\u0103\u021birea actului administrativ la nivel local.<\/p>\n<p>Ghidurile elaborate vor r\u0103m\u00e2ne o resurs\u0103 u\u0219or de accesat \u00een mediu online \u0219i permit flexibilitate \u00een adaptarea \u00een viitor \u00een cazul \u00een care acest lucru va fi necesar.<\/p>\n<p>Implementarea \u00een clasele de liceu ale temelor cuprinse \u00een cele dou\u0103 ghiduri permite formarea de tineri implica\u021bi civic care se pot implica \u00een viitor \u00een buna administrare local\u0103.<\/p>\n<h3><u>Cine sunt partenerii no\u0219tri?<\/u><\/h3>\n<p>&nbsp;<\/p>\n<p>Proiectul este implementat de <strong><u>Expert Forum<\/u><\/strong>, \u00een parteneriat cu:<\/p>\n<p><strong><u>Asocia\u021bia Rom\u00e2n\u0103 pentru Locuin\u021be Casa Plus<\/u><\/strong><strong> \u2013 Bucure\u0219ti<\/strong><\/p>\n<p>Scopul general al Casa Plus este de a consolida valorile civice \u0219i \u00eent\u0103ri justi\u021bia social\u0103, prin dezvoltarea durabil\u0103 \u0219i sustenabil\u0103 a fondului de locuin\u021be utilizat de proprietari \u0219i chiria\u0219i, prin protejarea mediului \u00een ariile \u00een care ac\u021bioneaz\u0103 asocia\u021bia, prin ob\u021binerea \u0219i men\u021binerea condi\u021biilor optime de locuire a cet\u0103\u021benilor dintr-un grup de condominii, cartier, zona sau comunitate, precum \u0219i prin cre\u0219terea eficien\u021bei administr\u0103rii locuin\u021belor\/condominiilor.<\/p>\n<p><strong><u>Asocia\u021bia Euroland Banat \u2013 Re\u0219i\u021ba<\/u><\/strong><\/p>\n<p>Asocia\u021bia Euroland Banat a luat fiin\u021ba \u00een anul 2001 \u0219i are ca direc\u021bii majore protec\u021bia mediului, promovarea turistic\u0103 \u0219i cultural\u0103, educa\u021bia \u0219i politicile pentru tineri. Organiza\u021bia are ca scop promovarea dezvolt\u0103rii socio-economice, culturale, educa\u0163ionale, ecologice, a spiritului civic \u015fi de toleran\u0163\u0103 \u00een spa\u0163iul cultural b\u0103n\u0103\u0163ean, \u00een Rom\u00e2nia \u015fi \u00een plan interna\u0163ional. O component\u0103 important\u0103 este partea de advocacy \u0219i ac\u021biuni civice, organiza\u021bia fiind implicat\u0103 \u00een campanii de salvare a unor zone verzi urbane, stoparea \u201etoalet\u0103rilor\u201d practicate de administra\u021bia local\u0103, stoparea defri\u0219\u0103rilor din jurul ora\u0219ului \u0219i din parcurile na\u021bionale din jude\u021b, salvarea unor obiective \u0219i cl\u0103diri emblematice, a patrimoniului cultural \u0219i industrial din Banat, a unor cai ferate istorice etc. Asocia\u021bia Euroland Banat desf\u0103\u0219oar\u0103 constant activit\u0103\u021bi educative, de con\u0219tientizare \u0219i de informare \u00een domeniul mediului \u0219i al dezvolt\u0103rii durabile, al patrimoniului cultural \u0219i industrial, organizeaz\u0103 drumetii \u0219i \u00eent\u00e2lniri \u0219i dezbateri pe diverse teme.<\/p>\n<p><strong><u>Asocia\u021bia Centrul pentru Resurse Civice \u2013 Constan\u021ba<\/u><\/strong><\/p>\n<p>Centrul pentru Resurse Civice s-a \u00eenfiin\u0163at \u00een 2006 pentru a sprijini, promova \u015fi dezvolta con\u015ftiin\u0163a \u015fi ini\u0163iativa civic\u0103, \u00een spiritul democra\u0163iei participative, la nivel individual, comunitar \u015fi regional.<\/p>\n<p><strong><u>Colegiul Na\u021bional \u201eMircea Eliade\u201d \u2013 Re\u0219i\u021ba<\/u><\/strong><\/p>\n<p>Colegiul a fost \u00eenfiin\u021bat \u00een 1972. La data de 1 septembrie 2013 Liceul Teoretic \u201dMircea Eliade\u201d Resita \u0219i \u0218coala Gimnazial\u0103 nr. 12 Resita au format o singur\u0103 unitate \u0219colar\u0103 cu denumirea de Colegiul Na\u021bional \u201dMircea Eliade\u201d Re\u0219ita. Expert Forum a colaborat \u00een trecut cu liceul \u00een cadrul programului \u0218coala pentru Democra\u021bie.<\/p>\n<p><strong><u>Proiect derulat de:<\/u><\/strong><\/p>\n<p><img decoding=\"async\" class=\"aligncenter size-full wp-image-3005\" src=\"https:\/\/www.habitaturban.ro\/wp-content\/uploads\/2022\/02\/logos.png\" alt=\"\" width=\"100%\" srcset=\"https:\/\/www.habitaturban.ro\/wp-content\/uploads\/2022\/02\/logos.png 600w, https:\/\/www.habitaturban.ro\/wp-content\/uploads\/2022\/02\/logos-300x65.png 300w\" sizes=\"(max-width: 600px) 100vw, 600px\" \/><\/p>\n<p><em>Proiectul este derulat de Asocia\u021bia Expert Forum \u00een parteneriat cu Asocia\u021bia Rom\u00e2n\u0103 Pentru Locuin\u021be Casa Plus, Euroland Banat, Centrul pentru Resurse Civice \u0219i Colegiul Na\u021bional \u201eMircea Eliade\u201d Resi\u021ba beneficiaz\u0103 de o finan\u021bare \u00een valoare de 149.858 euro, prin programul Active Citizens Fund Rom\u00e2nia, finan\u021bat de Islanda, Liechtenstein \u0219i Norvegia prin Granturile SEE 2014-2021. Con\u021binutul acestui website nu reprezint\u0103 \u00een mod necesar pozi\u021bia oficial\u0103 a Granturilor SEE \u0219i Norvegiene 2014-2021; pentru mai multe informa\u021bii accesa\u021bi www.eeagrants.org. Informa\u021bii despre Active Citizens Fund Rom\u00e2nia sunt disponibile la\u00a0<\/em><a href=\"http:\/\/www.activecitizensfund.ro\/\"><em>www.activecitizensfund.ro<\/em><\/a><em>. \u201dLucr\u0103m \u00eempreun\u0103 pentru o Europ\u0103 verde, competitiv\u0103 \u0219i incluziv\u0103\u201d<\/em><\/p>\n","protected":false},"excerpt":{"rendered":"<p>Perioada de desf\u0103\u0219urare a proiectului: februarie 2022 \u2013 iulie 2023 &nbsp; Proiectul porne\u0219te de la lipsa de coeren\u021b\u0103 \u0219i transparen\u021b\u0103 \u00een formularea politicilor publice la nivel local, care se coreleaz\u0103 cu lipsa unor ini\u021biative asumate politic, vizibile care s\u0103 aib\u0103 ca scop deschiderea datelor c\u0103tre public \u00een sectoare cheie precum investi\u021bii publice, energie\/termoficare, finan\u021barea partidelor [&hellip;]<\/p>\n","protected":false},"author":3,"featured_media":0,"comment_status":"open","ping_status":"open","sticky":false,"template":"","format":"standard","meta":{"footnotes":""},"categories":[1,3],"tags":[],"class_list":["post-3003","post","type-post","status-publish","format-standard","hentry","category-noutati","category-proiecte"],"_links":{"self":[{"href":"https:\/\/www.habitaturban.ro\/index.php?rest_route=\/wp\/v2\/posts\/3003","targetHints":{"allow":["GET"]}}],"collection":[{"href":"https:\/\/www.habitaturban.ro\/index.php?rest_route=\/wp\/v2\/posts"}],"about":[{"href":"https:\/\/www.habitaturban.ro\/index.php?rest_route=\/wp\/v2\/types\/post"}],"author":[{"embeddable":true,"href":"https:\/\/www.habitaturban.ro\/index.php?rest_route=\/wp\/v2\/users\/3"}],"replies":[{"embeddable":true,"href":"https:\/\/www.habitaturban.ro\/index.php?rest_route=%2Fwp%2Fv2%2Fcomments&post=3003"}],"version-history":[{"count":1,"href":"https:\/\/www.habitaturban.ro\/index.php?rest_route=\/wp\/v2\/posts\/3003\/revisions"}],"predecessor-version":[{"id":3006,"href":"https:\/\/www.habitaturban.ro\/index.php?rest_route=\/wp\/v2\/posts\/3003\/revisions\/3006"}],"wp:attachment":[{"href":"https:\/\/www.habitaturban.ro\/index.php?rest_route=%2Fwp%2Fv2%2Fmedia&parent=3003"}],"wp:term":[{"taxonomy":"category","embeddable":true,"href":"https:\/\/www.habitaturban.ro\/index.php?rest_route=%2Fwp%2Fv2%2Fcategories&post=3003"},{"taxonomy":"post_tag","embeddable":true,"href":"https:\/\/www.habitaturban.ro\/index.php?rest_route=%2Fwp%2Fv2%2Ftags&post=3003"}],"curies":[{"name":"wp","href":"https:\/\/api.w.org\/{rel}","templated":true}]}}