{"id":3045,"date":"2022-05-16T21:13:47","date_gmt":"2022-05-16T19:13:47","guid":{"rendered":"https:\/\/www.habitaturban.ro\/?p=3045"},"modified":"2022-05-16T21:15:09","modified_gmt":"2022-05-16T19:15:09","slug":"invitatie-conferinta-nationala-a-asociatiilor-de-proprietari-2","status":"publish","type":"post","link":"https:\/\/www.habitaturban.ro\/?p=3045","title":{"rendered":"INVITA\u021aIE Conferin\u021ba Na\u021bional\u0103 a Asocia\u021biilor de Proprietari."},"content":{"rendered":"<p><strong><em>Stimat\u0103 doamn\u0103,<br \/>\n<\/em><\/strong><strong><em>Stimate domnule,<\/em><\/strong><\/p>\n<p><em>\u00a0<\/em><em>Vineri<\/em><strong><em> 27 mai 2022<\/em><\/strong><em>, la Bucure\u0219ti, <strong>hotel CONTINENTAL FORUM BUCURE\u0218TI (str. Izvor nr. 82-84, \u00a0<\/strong>sector 5<\/em><em> ,vis-a-vis de Palatul Parlamentului),<\/em><strong><em> \u00a0sala Eliade,\u00a0 <\/em><\/strong><em>\u00eencep\u00e2nd cu<\/em><em> ora<\/em> <strong><em>09.30<\/em><\/strong><em>, <strong>Liga Na\u021bional\u0103 a Asocia\u021biilor de Proprietari Habitat, <\/strong>\u00een parteneriat cu Asocia\u021bia Rom\u00e2n\u0103 pentru Locuin\u021be Casa Plus, organizeaz\u0103 <\/em><span style=\"color: #ff0000;\"><strong><em>Conferin\u021ba Na\u021bional\u0103 a Asocia\u021biilor de Proprietari<\/em><\/strong><strong><em>.<\/em><\/strong><\/span><\/p>\n<p>Dezbaterile vor viza<\/p>\n<ul>\n<li><strong><em>Etapa final\u0103<\/em><\/strong><strong><em> \u00een procesul de modificare \u0219i completare a &#8211; Legii nr. 196\/2018 privind \u00eenfiin\u0163area, organizarea \u015fi func\u0163ionarea asocia\u0163iilor de proprietari \u015fi administrarea condominiilor \u2013 propunerile <\/em><\/strong><strong><em>Grupului de lucru \u2013 Camera Deputatilor \u2013 Comisia pentru administratie<\/em><\/strong><strong><em> (probleme, solutii, propuneri de modificare)<\/em><\/strong><\/li>\n<\/ul>\n<p><strong><em>Au fost invitati si au transmis puncte de vedere reprezentanti ai asociatiilor de proprietari din <\/em><\/strong><em>ARAD, BACAU, BOTOSANI, BRAILA, BRASOV, BUZAU, CAMPULULUNG MUSCEL, CLUJ NAPOCA, CONSTANTA, CRAIOVA, FOCSANI, GALATI, IASI, LUGOJ, MANGALIA, NEGRESTI OAS, SATU MARE, OLTENITA, ORADEA, PLOIESTI, PIATRA NEAMT, RAMNICU VALCEA, SFANTU GHEORGHE, SLOBOZIA, TIMISOARA, TARGU MURES, TURNU MAGURELE, BUCURESTI.<\/em><\/p>\n<p><strong><em>Ne face o deosebit\u0103 pl\u0103cere de a v\u0103 invita la acesta Conferin\u021b\u0103!<\/em><\/strong><\/p>\n<p><em>Sprijinul dumneavoastr\u0103, participarea speciali\u0219tilor delega\u021bi sunt factori ce contribuie la succesul acestei ac\u021biuni.<\/em><\/p>\n<p><strong><em>V\u0103 rug\u0103m s\u0103 confirma\u021bi participarea \u00een cel mai scurt timp posibil. (<\/em><\/strong><span style=\"color: #ff0000;\"><strong><em>20 mai<\/em><\/strong><\/span><strong><em>). Participarea va fi posibil\u0103 \u00een limita locurilor disponibile \u0219i \u00een ordinea confirm\u0103rii.<\/em><\/strong><\/p>\n<p><strong><em>Pentru \u00eenscriere sau pentru informa\u021bii suplimentare: <\/em><\/strong><\/p>\n<ul>\n<li><strong><em>MIHAI MEREU<\/em><\/strong><strong><em>\u0162\u0102<\/em><\/strong><strong> &#8211; 0744.751.416; <\/strong><a href=\"mailto:mihai.mereuta@habitaturban.ro\"><strong>mihai.mereuta@habitaturban.ro<\/strong><\/a><strong>;<\/strong><\/li>\n<li><em>Daniela Florina Hu\u021ban \u2013 Director \u2013 mobil 0743.627.705, &#8211; email dana.hutan@habitaturban.ro;<\/em><\/li>\n<\/ul>\n<p><em>V\u0103 dorim <strong>succes<\/strong> \u00een activitatea pe care o desf\u0103sura\u021bi, v\u0103 mul\u021bumim pentru colaborare si sprijin \u0219i v\u0103 asigur\u0103m de \u00eentreaga noastr\u0103 considera\u021bie.<\/em><\/p>\n<p>&nbsp;<\/p>\n<p><strong><em>\u00a0<\/em><\/strong><strong><em>Agenda provizorie 27 mai<\/em><\/strong><\/p>\n<ul>\n<li><span style=\"color: #ff0000;\"><em>08.45 &#8211; 09.30 &#8211; \u00eenregistrarea participan\u021bilor, cafea, dialog informal<\/em><\/span><\/li>\n<li><span style=\"color: #ff0000;\"><em>09.30 \u2013 09.45 &#8211; Deschiderea Conferin\u021bei <\/em><\/span><\/li>\n<li><span style=\"color: #ff0000;\"><em>09.45 &#8211; 10.30 &#8211; prezent\u0103ri ale invita\u021bilor (membri ai Grupului de lucru, Parlamentari, speciali\u0219ti, reprezentan\u021bi ai autoritatilor centrale sau ai a.p.l.).<\/em><\/span><\/li>\n<li><span style=\"color: #ff0000;\"><em>10.30 \u2013 12.30 &#8211; interven\u021bii ale membrilor \u0219i reprezentan\u021bilor asocia\u021biilor de proprietari<\/em><\/span><\/li>\n<li><span style=\"color: #ff0000;\"><em>12.30 &#8211; 13.00 \u2013 concluzii \/ \u00eenchiderea Conferin\u021bei<\/em><\/span><\/li>\n<\/ul>\n<p>&nbsp;<\/p>\n<h2 align=\"center\"><strong>Mihai Mereuta<\/strong><\/h2>\n<p align=\"center\"><strong>Presedinte<\/strong><\/p>\n<table border=\"0\" cellspacing=\"0\" cellpadding=\"0\" width=\"100%\">\n<tbody>\n<tr>\n<td width=\"50%\" align=\"center\" valign=\"top\" style=\"border:none;\">\n<p align=\"center\"><strong><em>LIGA    ASOCIA\u0162IILOR DE PROPRIETARI <\/em><\/strong><br \/>\n      <strong><em>HABITAT<\/em><\/strong><\/p>\n<\/td>\n<td width=\"50%\" align=\"center\" valign=\"top\" style=\"border:none;\">\n<p align=\"center\"><strong><em>ASOCIA<\/em><\/strong><strong><em>\u0162<\/em><\/strong><strong><em>IA ROM<\/em><\/strong><strong><em>\u00c2<\/em><\/strong><strong><em>N<\/em><\/strong><strong><em>\u0102<\/em><\/strong><strong><em> PENTRU LOCUIN<\/em><\/strong><strong><em>\u0162<\/em><\/strong><strong><em>E<\/em><\/strong><br \/>\n    <strong><em>CASA PLUS <\/em><\/strong><\/p>\n<\/td>\n<\/tr>\n<\/tbody>\n<\/table>\n","protected":false},"excerpt":{"rendered":"<p>Stimat\u0103 doamn\u0103, Stimate domnule, \u00a0Vineri 27 mai 2022, la Bucure\u0219ti, hotel CONTINENTAL FORUM BUCURE\u0218TI (str. Izvor nr. 82-84, \u00a0sector 5 ,vis-a-vis de Palatul Parlamentului), \u00a0sala Eliade,\u00a0 \u00eencep\u00e2nd cu ora 09.30, Liga Na\u021bional\u0103 a Asocia\u021biilor de Proprietari Habitat, \u00een parteneriat cu Asocia\u021bia Rom\u00e2n\u0103 pentru Locuin\u021be Casa Plus, organizeaz\u0103 Conferin\u021ba Na\u021bional\u0103 a Asocia\u021biilor de Proprietari. Dezbaterile vor [&hellip;]<\/p>\n","protected":false},"author":3,"featured_media":0,"comment_status":"open","ping_status":"open","sticky":false,"template":"","format":"standard","meta":{"footnotes":""},"categories":[1],"tags":[],"class_list":["post-3045","post","type-post","status-publish","format-standard","hentry","category-noutati"],"_links":{"self":[{"href":"https:\/\/www.habitaturban.ro\/index.php?rest_route=\/wp\/v2\/posts\/3045","targetHints":{"allow":["GET"]}}],"collection":[{"href":"https:\/\/www.habitaturban.ro\/index.php?rest_route=\/wp\/v2\/posts"}],"about":[{"href":"https:\/\/www.habitaturban.ro\/index.php?rest_route=\/wp\/v2\/types\/post"}],"author":[{"embeddable":true,"href":"https:\/\/www.habitaturban.ro\/index.php?rest_route=\/wp\/v2\/users\/3"}],"replies":[{"embeddable":true,"href":"https:\/\/www.habitaturban.ro\/index.php?rest_route=%2Fwp%2Fv2%2Fcomments&post=3045"}],"version-history":[{"count":2,"href":"https:\/\/www.habitaturban.ro\/index.php?rest_route=\/wp\/v2\/posts\/3045\/revisions"}],"predecessor-version":[{"id":3047,"href":"https:\/\/www.habitaturban.ro\/index.php?rest_route=\/wp\/v2\/posts\/3045\/revisions\/3047"}],"wp:attachment":[{"href":"https:\/\/www.habitaturban.ro\/index.php?rest_route=%2Fwp%2Fv2%2Fmedia&parent=3045"}],"wp:term":[{"taxonomy":"category","embeddable":true,"href":"https:\/\/www.habitaturban.ro\/index.php?rest_route=%2Fwp%2Fv2%2Fcategories&post=3045"},{"taxonomy":"post_tag","embeddable":true,"href":"https:\/\/www.habitaturban.ro\/index.php?rest_route=%2Fwp%2Fv2%2Ftags&post=3045"}],"curies":[{"name":"wp","href":"https:\/\/api.w.org\/{rel}","templated":true}]}}