{"id":3049,"date":"2022-05-26T15:54:19","date_gmt":"2022-05-26T13:54:19","guid":{"rendered":"https:\/\/www.habitaturban.ro\/?p=3049"},"modified":"2022-05-27T15:56:40","modified_gmt":"2022-05-27T13:56:40","slug":"conferinta-nationala-a-asociatiilor-de-proprietari-2","status":"publish","type":"post","link":"https:\/\/www.habitaturban.ro\/?p=3049","title":{"rendered":"Conferin\u0163a Na\u0163ional\u0103 a Asocia\u0163iilor de Proprietari"},"content":{"rendered":"<p><strong><img loading=\"lazy\" decoding=\"async\" class=\"alignleft size-thumbnail wp-image-3050\" src=\"https:\/\/www.habitaturban.ro\/wp-content\/uploads\/2022\/05\/logo-cont-150x150.png\" alt=\"\" width=\"150\" height=\"150\" \/>U.L.A.L. Arad \u2013 Uniunea Local\u0103 a Asocia\u021biilor Locative Arad<br \/>\n<\/strong><strong>Str. George Co\u0219buc, nr. 33, mun. Arad, jud. Arad, 310018, Rom\u00e2nia<br \/>\n<\/strong><strong> E-mail: ulal_arad@yahoo.com\u00a0 Tel.\/fax: 0257-285-053<br \/>\n<\/strong><strong>Membr\u0103 a Ligii Asocia\u021biilor de Proprietari Habitat &#8211; Rom\u00e2nia<br \/>\n<\/strong><strong>Membr\u0103 a International Union of Tenants (IUT) &#8211; Suedia<\/strong><\/p>\n<p>&nbsp;<\/p>\n<p>&nbsp;<\/p>\n<p>Stimate domn<\/p>\n<p>&nbsp;<\/p>\n<p>V\u0103 prezent\u0103m faptul , c\u0103 domnul\u00a0 Ghinea reprezentantul MDLAP, la comisia comun\u0103 pentru modificarea Legii 196\/2018 nu a \u021binut cont de propunerile membrilor Ligii Habitat,drept pentru care venim cu urm\u0103toarele preciz\u0103ri:<\/p>\n<p>Referitor la art 47 alin 4 \u0219i art. 67.alin.2-5,art.7.art.2 , din Legea 196\/2018 sunt \u00eenc\u0103 din anul 2021, obiec\u021biuni \u00een ce prive\u0219te neconstitu\u021bionalitatea acestor articole \u0219i exist\u0103 deja dosare\u00a0 pe rolul\u00a0 la Curtea Constitu\u021bional\u0103 a Rom\u00e2niei. Cu toate c\u0103 reprezentan\u021bii Liga Habitat a f\u0103cut propuneri pertinente \u0219i au adus argumente \u00een mod special la aceste articole, nu au fost acceptate de rerezentantul MDLAP.<\/p>\n<p>-\u00cen data de<strong> 30.03.2021<\/strong> s-a constituit un nou dosar (1103D\/2021) pe rolul Cur\u0163ii Constitu\u0163ionale, urm\u00e2nd a fi analizate dispozi\u0163iile art. 47 alin. (4) \u0219i art. 49 alin. (3) lit. d) din Legea nr. 196\/2018 privind \u00eenfiin\u0163area, organizarea \u015fi func\u0163ionarea asocia\u0163iilor de proprietari \u015fi administrarea condominiilor.<\/p>\n<p>-\u00cen data de <strong>19.01.2021<\/strong> s-a constituit un nou dosar (119D\/2021) pe rolul Cur\u0163ii Constitu\u0163ionale, urm\u00e2nd a fi analizate dispozi\u0163iile art. 67 alin. (2) din Legea nr. 196\/2018 privind \u00eenfiin\u021barea, organizarea \u0219i func\u021bionarea asocia\u021biilor de proprietari \u0219i administrarea condominiilor<\/p>\n<p>Reprezentantul MDLAP, domnul Ghinea trebuia s\u0103 analizeze cu mare aten\u021bie propunerile noastre astfel ca aceasta lege s\u0103 fie una func\u021bional\u0103 \u0219i u\u0219or de urmat.<\/p>\n<p>&nbsp;<\/p>\n<p>Pre\u0219edinte Uniunea Local\u0103 a Asocia\u021biilor Locative Arad<\/p>\n<p>Dorina Lup\u0219e<\/p>\n<p>&nbsp;<\/p>\n<p>&nbsp;<\/p>\n","protected":false},"excerpt":{"rendered":"<p>U.L.A.L. Arad \u2013 Uniunea Local\u0103 a Asocia\u021biilor Locative Arad Str. George Co\u0219buc, nr. 33, mun. Arad, jud. Arad, 310018, Rom\u00e2nia E-mail: ulal_arad@yahoo.com\u00a0 Tel.\/fax: 0257-285-053 Membr\u0103 a Ligii Asocia\u021biilor de Proprietari Habitat &#8211; Rom\u00e2nia Membr\u0103 a International Union of Tenants (IUT) &#8211; Suedia &nbsp; &nbsp; Stimate domn &nbsp; V\u0103 prezent\u0103m faptul , c\u0103 domnul\u00a0 Ghinea reprezentantul [&hellip;]<\/p>\n","protected":false},"author":3,"featured_media":0,"comment_status":"open","ping_status":"open","sticky":false,"template":"","format":"standard","meta":{"footnotes":""},"categories":[1],"tags":[],"class_list":["post-3049","post","type-post","status-publish","format-standard","hentry","category-noutati"],"_links":{"self":[{"href":"https:\/\/www.habitaturban.ro\/index.php?rest_route=\/wp\/v2\/posts\/3049","targetHints":{"allow":["GET"]}}],"collection":[{"href":"https:\/\/www.habitaturban.ro\/index.php?rest_route=\/wp\/v2\/posts"}],"about":[{"href":"https:\/\/www.habitaturban.ro\/index.php?rest_route=\/wp\/v2\/types\/post"}],"author":[{"embeddable":true,"href":"https:\/\/www.habitaturban.ro\/index.php?rest_route=\/wp\/v2\/users\/3"}],"replies":[{"embeddable":true,"href":"https:\/\/www.habitaturban.ro\/index.php?rest_route=%2Fwp%2Fv2%2Fcomments&post=3049"}],"version-history":[{"count":1,"href":"https:\/\/www.habitaturban.ro\/index.php?rest_route=\/wp\/v2\/posts\/3049\/revisions"}],"predecessor-version":[{"id":3051,"href":"https:\/\/www.habitaturban.ro\/index.php?rest_route=\/wp\/v2\/posts\/3049\/revisions\/3051"}],"wp:attachment":[{"href":"https:\/\/www.habitaturban.ro\/index.php?rest_route=%2Fwp%2Fv2%2Fmedia&parent=3049"}],"wp:term":[{"taxonomy":"category","embeddable":true,"href":"https:\/\/www.habitaturban.ro\/index.php?rest_route=%2Fwp%2Fv2%2Fcategories&post=3049"},{"taxonomy":"post_tag","embeddable":true,"href":"https:\/\/www.habitaturban.ro\/index.php?rest_route=%2Fwp%2Fv2%2Ftags&post=3049"}],"curies":[{"name":"wp","href":"https:\/\/api.w.org\/{rel}","templated":true}]}}