{"id":3052,"date":"2022-05-26T16:04:25","date_gmt":"2022-05-26T14:04:25","guid":{"rendered":"https:\/\/www.habitaturban.ro\/?p=3052"},"modified":"2022-05-27T16:04:38","modified_gmt":"2022-05-27T14:04:38","slug":"conferinta-nationala-a-asociatiilor-de-proprietari-3","status":"publish","type":"post","link":"https:\/\/www.habitaturban.ro\/?p=3052","title":{"rendered":"Conferin\u0163a Na\u0163ional\u0103 a Asocia\u0163iilor de Proprietari"},"content":{"rendered":"<p><strong><em>Bucure\u0219ti 27 mai 2022,<br \/>\n<\/em><\/strong><strong><em>hotel CONTINENTAL FORUM BUCURE\u0218TI, sala Eliade, <\/em><\/strong><em>ora <strong>09.30<\/strong><\/em><\/p>\n<ul>\n<li><strong><em>Etapa final\u0103<\/em><\/strong><strong><em> \u00een procesul de modificare \u0219i completare a &#8211; Legii nr. 196\/2018 privind \u00eenfiin\u0163area, organizarea \u015fi func\u0163ionarea asocia\u0163iilor de proprietari \u015fi administrarea condominiilor \u2013 propunerile <\/em><\/strong><strong><em>Grupului de lucru \u2013 Camera Deputatilor \u2013 Comisia pentru administratie<\/em><\/strong><strong><em> (probleme, solutii, propuneri de modificare)<\/em><\/strong><\/li>\n<\/ul>\n<p><strong><em>\u00a0<\/em><\/strong><\/p>\n<h2 style=\"text-align: center;\"><strong><em>Agenda &#8211; 27 mai<\/em><\/strong><\/h2>\n<p><strong><em>\u00a0<\/em><\/strong><\/p>\n<ul>\n<li><strong><em>08.45 &#8211; 09.30 &#8211; \u00eenregistrarea participan\u021bilor, cafea, dialog informal<\/em><\/strong><\/li>\n<li><strong><em>09.30 \u2013 09.45 &#8211; Deschiderea Conferin\u021bei <\/em><\/strong>\n<ul>\n<li><strong><em>Mihai Mereu\u021b\u0103 \u2013 pre\u0219edinte Habitat \/ Casa Plus<\/em><\/strong><\/li>\n<\/ul>\n<\/li>\n<li><strong><em>09.45 &#8211; 10.30 &#8211; prezent\u0103ri ale invita\u021bilor (membri ai Grupului de lucru, Parlamentari, speciali\u0219ti, reprezentan\u021bi ai autoritatilor centrale sau ai a.p.l.).<\/em><\/strong>\n<ul>\n<li><strong><em>Alin Apostol \u2013 deputat &#8211; USR<\/em><\/strong><\/li>\n<li><strong><em>Antonel T\u0103nase \u2013 deputat <\/em><\/strong><\/li>\n<li><strong><em>Daniel Florea \u2013 deputat \u2013 PSD<\/em><\/strong><\/li>\n<li><strong><em>Sorin Ganciu \u2013 Primaria sectorului 6 Bucuresti<\/em><\/strong><\/li>\n<li><strong><em>Daniela Badi\u021b\u0103 &#8211; Primaria sectorului 6 Bucuresti<\/em><\/strong><\/li>\n<li><strong><em>Sorin Mierlea \u2013 INFOCONS<\/em><\/strong><\/li>\n<li><strong><em>Simona Baicoianu \u2013 Primaria Ploiesti<\/em><\/strong><\/li>\n<\/ul>\n<\/li>\n<\/ul>\n<p><strong><em>\u00a0<\/em><\/strong><\/p>\n<ul>\n<li><strong><em>10.30 \u2013 12.30 &#8211; interven\u021bii ale membrilor \u0219i reprezentan\u021bilor asocia\u021biilor de proprietari<\/em><\/strong>\n<ul>\n<li><strong><em>Petru Olariu \u2013 Timisoara<\/em><\/strong><\/li>\n<li><strong><em>Dorina Lupse \u2013 Arad<\/em><\/strong><\/li>\n<li><strong><em>Radu Dumitrescu \u2013 Bucuresti<\/em><\/strong><\/li>\n<li><strong><em>Dragos Seceleanu &#8211; Neamt<\/em><\/strong><\/li>\n<li><strong><em>Florica Ganea \u2013 Constanta<\/em><\/strong><\/li>\n<li><strong><em>Viorel Olteanu \u2013 Prahova<\/em><\/strong><\/li>\n<li><strong><em>Dumitru Rus \u2013 Mures<\/em><\/strong><\/li>\n<li><strong><em>Ilie Preda \u2013 Craiova<\/em><\/strong><\/li>\n<li><strong><em>Eugen Mocanu \u2013 Turnu Magurele<\/em><\/strong><\/li>\n<li><strong><em>Vili Petroianu \u2013 Mangalia<\/em><\/strong><\/li>\n<li><strong><em>Andrei Mosmonea \u2013 Valcea<\/em><\/strong><\/li>\n<li><strong><em>Pricop Roman \u2013 Galati<\/em><\/strong><\/li>\n<li><strong><em>Nicoleta Cursaru \u2013 Braila<\/em><\/strong><\/li>\n<li><strong><em>Teodor Panduru \u2013 Iasi<\/em><\/strong><\/li>\n<li><strong><em>Bogdan Manolache \u2013 Bucuresti<\/em><\/strong><\/li>\n<li><strong><em>Vlad Nicoara \u2013 Bucuresti<\/em><\/strong><\/li>\n<li><strong><em>Gheorghe Stanescu \u2013 Bucuresti<\/em><\/strong><\/li>\n<li><strong><em>Cristian C\u00eel\u021bea &#8211; Bucuresti<\/em><\/strong><\/li>\n<li><strong><em>Dan Rujan &#8211; Bucuresti<\/em><\/strong><\/li>\n<li><strong><em>Florentin Noru Dogaru &#8211; Bucuresti<\/em><\/strong><\/li>\n<li><strong><em>Gelu Puscas &#8211; Bucuresti<\/em><\/strong><\/li>\n<li><strong><em>Marian Patrascu \u2013 Bucuresti<\/em><\/strong><\/li>\n<li><strong><em>Lizette Dumitrescu &#8211; Bucuresti<\/em><\/strong><\/li>\n<\/ul>\n<\/li>\n<li><strong><em>12.30 &#8211; 13.00 \u2013 concluzii \/ \u00eenchiderea Conferin\u021bei<\/em><\/strong><\/li>\n<\/ul>\n<p>&nbsp;<\/p>\n<p><img loading=\"lazy\" decoding=\"async\" class=\"alignnone wp-image-3055\" src=\"https:\/\/www.habitaturban.ro\/wp-content\/uploads\/2022\/05\/PDF-doc-256-150x150.png\" alt=\"\" width=\"30\" height=\"30\" srcset=\"https:\/\/www.habitaturban.ro\/wp-content\/uploads\/2022\/05\/PDF-doc-256-150x150.png 150w, https:\/\/www.habitaturban.ro\/wp-content\/uploads\/2022\/05\/PDF-doc-256.png 256w\" sizes=\"auto, (max-width: 30px) 100vw, 30px\" \/><a href=\"https:\/\/www.habitaturban.ro\/wp-content\/uploads\/2022\/05\/DIVERSE.pdf\">DIVERSE<\/a><\/p>\n<p><a href=\"https:\/\/www.habitaturban.ro\/wp-content\/uploads\/2022\/05\/propuneri-habitat-RD-mai-2022a.pdf\"><img loading=\"lazy\" decoding=\"async\" class=\"wp-image-3055 alignnone\" src=\"https:\/\/www.habitaturban.ro\/wp-content\/uploads\/2022\/05\/PDF-doc-256-150x150.png\" alt=\"\" width=\"30\" height=\"30\" srcset=\"https:\/\/www.habitaturban.ro\/wp-content\/uploads\/2022\/05\/PDF-doc-256-150x150.png 150w, https:\/\/www.habitaturban.ro\/wp-content\/uploads\/2022\/05\/PDF-doc-256.png 256w\" sizes=\"auto, (max-width: 30px) 100vw, 30px\" \/><\/a><a href=\"https:\/\/www.habitaturban.ro\/wp-content\/uploads\/2022\/05\/propuneri-habitat-RD-mai-2022a.pdf\">Propuneri habitat &amp; RD mai 2022a<\/a><\/p>\n<p>&nbsp;<\/p>\n<table style=\"margin: 0 auto;\" border=\"0\" cellspacing=\"0\" cellpadding=\"0\">\n<tbody>\n<tr>\n<td valign=\"middle\" width=\"128\"><img loading=\"lazy\" decoding=\"async\" class=\"alignnone size-full wp-image-2981\" src=\"https:\/\/www.habitaturban.ro\/wp-content\/uploads\/2022\/02\/harnp.jpg\" alt=\"\" width=\"261\" height=\"163\" \/><\/td>\n<td style=\"vertical-align: middle;\" valign=\"middle\" bgcolor=\"yellow\" width=\"524\">\n<p align=\"center\"><strong><em>MIHAI MEREU<\/em><\/strong><strong><em>\u0162\u0102<\/em><\/strong><strong> \u2013 0744.751.416; <\/strong><a href=\"mailto:mihai.mereuta@habitaturban.ro\"><strong>mihai.mereuta@habitaturban.ro<\/strong><\/a><strong>; pre\u0219edinte\u00a0 <\/strong><br \/>\n<strong>Liga Asocia\u021biilor de Proprietari Habitat, <\/strong><br \/>\n<strong>Asocia\u021bia Rom\u00e2n\u0103 pentru Locuin\u021be Casa Plus<\/strong><\/p>\n<\/td>\n<\/tr>\n<\/tbody>\n<\/table>\n","protected":false},"excerpt":{"rendered":"<p>Bucure\u0219ti 27 mai 2022, hotel CONTINENTAL FORUM BUCURE\u0218TI, sala Eliade, ora 09.30 Etapa final\u0103 \u00een procesul de modificare \u0219i completare a &#8211; Legii nr. 196\/2018 privind \u00eenfiin\u0163area, organizarea \u015fi func\u0163ionarea asocia\u0163iilor de proprietari \u015fi administrarea condominiilor \u2013 propunerile Grupului de lucru \u2013 Camera Deputatilor \u2013 Comisia pentru administratie (probleme, solutii, propuneri de modificare) \u00a0 Agenda [&hellip;]<\/p>\n","protected":false},"author":3,"featured_media":0,"comment_status":"open","ping_status":"open","sticky":false,"template":"","format":"standard","meta":{"footnotes":""},"categories":[1],"tags":[],"class_list":["post-3052","post","type-post","status-publish","format-standard","hentry","category-noutati"],"_links":{"self":[{"href":"https:\/\/www.habitaturban.ro\/index.php?rest_route=\/wp\/v2\/posts\/3052","targetHints":{"allow":["GET"]}}],"collection":[{"href":"https:\/\/www.habitaturban.ro\/index.php?rest_route=\/wp\/v2\/posts"}],"about":[{"href":"https:\/\/www.habitaturban.ro\/index.php?rest_route=\/wp\/v2\/types\/post"}],"author":[{"embeddable":true,"href":"https:\/\/www.habitaturban.ro\/index.php?rest_route=\/wp\/v2\/users\/3"}],"replies":[{"embeddable":true,"href":"https:\/\/www.habitaturban.ro\/index.php?rest_route=%2Fwp%2Fv2%2Fcomments&post=3052"}],"version-history":[{"count":1,"href":"https:\/\/www.habitaturban.ro\/index.php?rest_route=\/wp\/v2\/posts\/3052\/revisions"}],"predecessor-version":[{"id":3056,"href":"https:\/\/www.habitaturban.ro\/index.php?rest_route=\/wp\/v2\/posts\/3052\/revisions\/3056"}],"wp:attachment":[{"href":"https:\/\/www.habitaturban.ro\/index.php?rest_route=%2Fwp%2Fv2%2Fmedia&parent=3052"}],"wp:term":[{"taxonomy":"category","embeddable":true,"href":"https:\/\/www.habitaturban.ro\/index.php?rest_route=%2Fwp%2Fv2%2Fcategories&post=3052"},{"taxonomy":"post_tag","embeddable":true,"href":"https:\/\/www.habitaturban.ro\/index.php?rest_route=%2Fwp%2Fv2%2Ftags&post=3052"}],"curies":[{"name":"wp","href":"https:\/\/api.w.org\/{rel}","templated":true}]}}