{"id":3068,"date":"2022-06-20T19:30:47","date_gmt":"2022-06-20T17:30:47","guid":{"rendered":"https:\/\/www.habitaturban.ro\/?p=3068"},"modified":"2022-06-20T19:30:47","modified_gmt":"2022-06-20T17:30:47","slug":"invitatie-dezbatere-termoficarea-sezonul-de-incalzire-2022-2023","status":"publish","type":"post","link":"https:\/\/www.habitaturban.ro\/?p=3068","title":{"rendered":"INVITA\u021aIE &#8211; DEZBATERE TERMOFICAREA \u2013 SEZONUL DE INCALZIRE 2022 &#8211; 2023"},"content":{"rendered":"<p><strong><em>Stimat\u0103 doamn\u0103,<br \/>\n<\/em><\/strong><strong><em>Stimate domnule,<\/em><\/strong><\/p>\n<p><em>\u00cen cadrul dezbaterilor complet gratuite adresate membrilor \u0219i reprezentan\u021bilor asocia\u021biilor de proprietari, <strong>joi,<\/strong> <strong><u>30.06.2022<\/u><\/strong>, ora <strong>09.30<\/strong>, Liga Na\u021bional\u0103 a Asocia\u021biilor de Proprietari Habitat \u00een colaborarea cu Asocia\u021bia Rom\u00e2n\u0103 pentru Locuin\u021be Casa Plus, organizeaz\u0103 dezbaterea<\/em><em>: <\/em><strong>TERMOFICAREA<\/strong><strong> -SEZONUL DE INCALZIRE 2022 \u2013 2023<\/strong><\/p>\n<p><em>Dezbaterea va avea loc la Bucure\u0219ti, <strong>hotel CONTINENTAL FORUM BUCURE\u0218TI (str. Izvor nr. 82-84, \u00a0<\/strong>sector 5<\/em><em> ,vis-a-vis de Palatul Parlamentului),<\/em><strong><em> \u00a0sala Eliade,\u00a0 <\/em><\/strong><em>\u00eencep\u00e2nd cu<\/em><em> ora<\/em> <strong><em>09.30<\/em><\/strong><em>,<\/em><\/p>\n<p><strong><em>Teme propuse<\/em><\/strong><\/p>\n<ul>\n<li><em>Costul total al serviciului \/ <\/em><em>Tariful platit de populatie<\/em><\/li>\n<li><em>Starea tehnica si financiara a SACET \/ Proiectele de investitii<\/em><\/li>\n<li><em>Proiectele derulate in parteneriat cu Primariile de Sector<\/em><\/li>\n<li><em>Noutati Termoenergetica \/ ELCEN \/ ADI Termoenergetica \/ PMB \/ CGMB<\/em><\/li>\n<li><em>Contorizarea \/montarea repartitoarelor<\/em><\/li>\n<li><em>Relatia asociatiilor de proprietari cu <\/em><em>Termoenergetica<\/em><em>;<\/em><\/li>\n<li><strong><em>Evaluarea si Monitorizarea <\/em><\/strong><em>aliment\u0103rii cu energie termic\u0103 a Municipiului Bucure\u015fti<\/em><\/li>\n<\/ul>\n<p><strong><em><u>Invitati:<\/u><\/em><\/strong><\/p>\n<ul>\n<li><em>Reprezentanti ai asociatiilor de proprietari din Bucuresti;<\/em><\/li>\n<li><em>Reprezentanti ai Serviciilor pentru Asociatiile de Proprietari din cadrul Primariilor de Sector; <\/em><\/li>\n<li><em>Reprezentanti ai TERMOENERGETICA, ELCEN, PMB, CGMB, ANRE, <\/em><em>PARLAMENTARI<\/em><em>;<\/em><\/li>\n<li><em>Specialisti in domeniu;<\/em><\/li>\n<\/ul>\n<p><strong><em>Ne face o deosebit\u0103 pl\u0103cere de a v\u0103 invita la acesta Dezbatere!<\/em><\/strong><\/p>\n<p><em>Sprijinul dumneavoastr\u0103, participarea speciali\u0219tilor delega\u021bi sunt factori ce contribuie la succesul acestei ac\u021biuni.<\/em><\/p>\n<p><strong><em>V\u0103 rug\u0103m s\u0103 confirma\u021bi participarea \u00een cel mai scurt timp posibil. Participarea va fi posibil\u0103 \u00een limita locurilor disponibile \u0219i \u00een ordinea confirm\u0103rii.<br \/>\n<\/em><\/strong><strong><em>Pentru \u00eenscriere sau pentru informa\u021bii suplimentare: <\/em><\/strong><\/p>\n<ul>\n<li><strong><em>MIHAI MEREU<\/em><\/strong><strong><em>\u0162\u0102<\/em><\/strong><strong> &#8211; 0744.751.416; <\/strong><a href=\"mailto:mihai.mereuta@habitaturban.ro\"><strong>mereuta@habitaturban.ro<\/strong><\/a><strong>;<\/strong><\/li>\n<li><em>Daniela Florina Hu\u021ban \u2013 Director \u2013 mobil 0743.627.705, &#8211; email dana.hutan@habitaturban.ro;<\/em><\/li>\n<\/ul>\n<p><strong>\u00a0<\/strong><\/p>\n<p><strong><em>Agenda provizorie<br \/>\n<\/em><\/strong><em>09.00 \u2013 09.30 &#8211; \u00eenregistrarea participan\u021bilor<br \/>\n<\/em><em>09.30 \u2013 09.45 \u2013 deschiderea dezbaterii<br \/>\n<\/em><em>09.45 \u2013 11.45 &#8211; prezent\u0103ri ale invita\u021bilor<\/em><\/p>\n<ul>\n<li><strong><em>Expert forum<\/em><\/strong><\/li>\n<li><strong><em>TERMOENERGETICA<\/em><\/strong><\/li>\n<li><strong><em>PRESTATORI \u2013 REPARTIZARE <\/em><\/strong><\/li>\n<li><strong><em>PARLAMENTARI <\/em><\/strong><\/li>\n<li><strong><em>Proiect primaria sectorului 1<\/em><\/strong><\/li>\n<li><strong><em>proiect primaria sectorului 2<\/em><\/strong><\/li>\n<li><strong><em>CGMB \/ PMB<\/em><\/strong><\/li>\n<li><strong><em>Experienta Oradea<\/em><\/strong><\/li>\n<li><strong><em>COGEN<\/em><\/strong><\/li>\n<li><strong><em>SPECIALISTI<\/em><\/strong><\/li>\n<\/ul>\n<p><em>11.45 \u2013 12.45 &#8211; interven\u021bii ale membrilor \u0219i reprezentan\u021bilor asocia\u021biilor de proprietari<br \/>\n<\/em><em>12.45 \u2013 13.00 &#8211; concluzii<\/em><\/p>\n<p><em>V\u0103 dorim <strong>succes<\/strong> \u00een activitatea pe care o desf\u0103sura\u021bi, v\u0103 mul\u021bumim pentru colaborare si sprijin \u0219i v\u0103 asigur\u0103m de \u00eentreaga noastr\u0103 considera\u021bie.<\/em><\/p>\n<p>&nbsp;<\/p>\n<h2 align=\"center\"><strong>Mihai Mereuta<\/strong><\/h2>\n<p align=\"center\"><strong>Presedinte<\/strong><\/p>\n<table border=\"0\" cellspacing=\"0\" cellpadding=\"0\" width=\"100%\">\n<tbody>\n<tr>\n<td width=\"50%\" align=\"center\" valign=\"top\" style=\"border:none;\">\n<p align=\"center\"><strong><em>LIGA    ASOCIA\u0162IILOR DE PROPRIETARI <\/em><\/strong><br \/>\n      <strong><em>HABITAT<\/em><\/strong><\/p>\n<\/td>\n<td width=\"50%\" align=\"center\" valign=\"top\" style=\"border:none;\">\n<p align=\"center\"><strong><em>ASOCIA<\/em><\/strong><strong><em>\u0162<\/em><\/strong><strong><em>IA ROM<\/em><\/strong><strong><em>\u00c2<\/em><\/strong><strong><em>N<\/em><\/strong><strong><em>\u0102<\/em><\/strong><strong><em> PENTRU LOCUIN<\/em><\/strong><strong><em>\u0162<\/em><\/strong><strong><em>E<\/em><\/strong><br \/>\n    <strong><em>CASA PLUS <\/em><\/strong><\/p>\n<\/td>\n<\/tr>\n<\/tbody>\n<\/table>\n<p>&nbsp;<\/p>\n<table style=\"margin: 0 auto;\" border=\"0\" cellspacing=\"0\" cellpadding=\"0\">\n<tbody>\n<tr>\n<td valign=\"middle\" width=\"128\"><img decoding=\"async\" loading=\"lazy\" class=\"alignnone size-full wp-image-2981\" src=\"https:\/\/www.habitaturban.ro\/wp-content\/uploads\/2022\/02\/harnp.jpg\" alt=\"\" width=\"261\" height=\"163\"><\/td>\n<td style=\"vertical-align: middle;\" valign=\"middle\" bgcolor=\"yellow\" width=\"524\">\n<p align=\"center\"><strong><em>MIHAI MEREU<\/em><\/strong><strong><em>\u0162\u0102<\/em><\/strong><strong> \u2013 0744.751.416; <\/strong><a href=\"mailto:mihai.mereuta@habitaturban.ro\"><strong>mihai.mereuta@habitaturban.ro<\/strong><\/a><strong>; pre\u0219edinte&nbsp; <\/strong><br \/>\n<strong>Liga Asocia\u021biilor de Proprietari Habitat, <\/strong><br \/>\n<strong>Asocia\u021bia Rom\u00e2n\u0103 pentru Locuin\u021be Casa Plus<\/strong><\/p>\n<\/td>\n<\/tr>\n<\/tbody>\n<\/table>\n","protected":false},"excerpt":{"rendered":"<p>Stimat\u0103 doamn\u0103, Stimate domnule, \u00cen cadrul dezbaterilor complet gratuite adresate membrilor \u0219i reprezentan\u021bilor asocia\u021biilor de proprietari, joi, 30.06.2022, ora 09.30, Liga Na\u021bional\u0103 a Asocia\u021biilor de Proprietari Habitat \u00een colaborarea cu Asocia\u021bia Rom\u00e2n\u0103 pentru Locuin\u021be Casa Plus, organizeaz\u0103 dezbaterea: TERMOFICAREA -SEZONUL DE INCALZIRE 2022 \u2013 2023 Dezbaterea va avea loc la Bucure\u0219ti, hotel CONTINENTAL FORUM BUCURE\u0218TI [&hellip;]<\/p>\n","protected":false},"author":3,"featured_media":0,"comment_status":"open","ping_status":"open","sticky":false,"template":"","format":"standard","meta":{"footnotes":""},"categories":[1],"tags":[],"class_list":["post-3068","post","type-post","status-publish","format-standard","hentry","category-noutati"],"_links":{"self":[{"href":"https:\/\/www.habitaturban.ro\/index.php?rest_route=\/wp\/v2\/posts\/3068","targetHints":{"allow":["GET"]}}],"collection":[{"href":"https:\/\/www.habitaturban.ro\/index.php?rest_route=\/wp\/v2\/posts"}],"about":[{"href":"https:\/\/www.habitaturban.ro\/index.php?rest_route=\/wp\/v2\/types\/post"}],"author":[{"embeddable":true,"href":"https:\/\/www.habitaturban.ro\/index.php?rest_route=\/wp\/v2\/users\/3"}],"replies":[{"embeddable":true,"href":"https:\/\/www.habitaturban.ro\/index.php?rest_route=%2Fwp%2Fv2%2Fcomments&post=3068"}],"version-history":[{"count":1,"href":"https:\/\/www.habitaturban.ro\/index.php?rest_route=\/wp\/v2\/posts\/3068\/revisions"}],"predecessor-version":[{"id":3069,"href":"https:\/\/www.habitaturban.ro\/index.php?rest_route=\/wp\/v2\/posts\/3068\/revisions\/3069"}],"wp:attachment":[{"href":"https:\/\/www.habitaturban.ro\/index.php?rest_route=%2Fwp%2Fv2%2Fmedia&parent=3068"}],"wp:term":[{"taxonomy":"category","embeddable":true,"href":"https:\/\/www.habitaturban.ro\/index.php?rest_route=%2Fwp%2Fv2%2Fcategories&post=3068"},{"taxonomy":"post_tag","embeddable":true,"href":"https:\/\/www.habitaturban.ro\/index.php?rest_route=%2Fwp%2Fv2%2Ftags&post=3068"}],"curies":[{"name":"wp","href":"https:\/\/api.w.org\/{rel}","templated":true}]}}