{"id":3081,"date":"2022-07-18T13:08:40","date_gmt":"2022-07-18T11:08:40","guid":{"rendered":"https:\/\/www.habitaturban.ro\/?p=3081"},"modified":"2022-07-18T13:09:31","modified_gmt":"2022-07-18T11:09:31","slug":"invitatie-dezbaterea-cum-imbunatatim-sistemul-de-termoficare-al-bucurestiului-ce-pasi-au-fost-facuti-si-ce-urmeaza","status":"publish","type":"post","link":"https:\/\/www.habitaturban.ro\/?p=3081","title":{"rendered":"INVITA\u021aIE | Dezbaterea \u201eCum \u00eembun\u0103t\u0103\u021bim sistemul de termoficare al Bucure\u0219tiului? Ce pa\u0219i au fost f\u0103cu\u021bi \u0219i ce urmeaz\u0103.\u201d"},"content":{"rendered":"<p style=\"text-align:center\"><img loading=\"lazy\" decoding=\"async\" class=\"wp-image-3082 aligncenter\" src=\"https:\/\/www.habitaturban.ro\/wp-content\/uploads\/2022\/07\/2022-07-15_-Invitat\u0326ie-oficiala-dezbatere-termie-Asociatii-de-proprietari-PALATUL-PARLAMENTULUI78418-252x300.jpg\" alt=\"\" width=\"150\" height=\"179\" srcset=\"https:\/\/www.habitaturban.ro\/wp-content\/uploads\/2022\/07\/2022-07-15_-Invitat\u0326ie-oficiala-dezbatere-termie-Asociatii-de-proprietari-PALATUL-PARLAMENTULUI78418-252x300.jpg 252w, https:\/\/www.habitaturban.ro\/wp-content\/uploads\/2022\/07\/2022-07-15_-Invitat\u0326ie-oficiala-dezbatere-termie-Asociatii-de-proprietari-PALATUL-PARLAMENTULUI78418.jpg 539w\" sizes=\"auto, (max-width: 150px) 100vw, 150px\" \/><\/p>\n<p>Deputa\u021bii Cristina Prun\u0103 \u0219i Claudiu N\u0103sui au pl\u0103cerea de a v\u0103 invita la o dezbatere despre starea sistemului de termoficare din Bucure\u0219ti, ce pa\u0219i au fost f\u0103cu\u021bi \u00een direc\u021bia \u00eembun\u0103t\u0103\u021birii acestuia \u0219i care este planul autorit\u0103\u021bilor pe termen lung care se va desf\u0103\u0219ura la <strong>Palatul Parlamentului, joi, 28.07.2022, de la ora 10:00.<\/strong><\/p>\n<p>Sistemul de termoficare al Municipiului Bucure\u0219ti sufer\u0103 de o lips\u0103 cronic\u0103 de investi\u021bii din cauza a zeci de ani de nep\u0103sare din partea deciden\u021bilor politici. Acest lucru ne pune \u00een situa\u021bia de a g\u0103si solu\u021bii pe termen scurt pentru cre\u0219terea gradului de confort al bucure\u0219tenilor c\u00e2t \u0219i de a restructura modul de func\u021bionare al termofic\u0103rii prin deschiderea pie\u021bei c\u0103tre operatori priva\u021bi.<\/p>\n<p>Dezbaterea <strong>\u201eStarea sistemului de termoficare din Bucure\u0219ti, ce pa\u0219i au fost f\u0103cu\u021bi \u00een direc\u021bia \u00eembun\u0103t\u0103\u021birii acestuia \u0219i care este planul autorit\u0103\u021bilor pe termen lung\u201d <\/strong>se va desf\u0103\u0219ura sub forma unei discu\u021bii interactive \u00eentre invita\u021bii prezen\u021bi \u0219i propune urm\u0103toarele teme:<\/p>\n<ul>\n<li>Starea actual\u0103 a sistemului de termoficare<\/li>\n<li>Strategia de termoficare a Municipiului Bucure\u0219ti<\/li>\n<li>Investi\u021biile efectuate \u00een re\u021beaua de transport a agentului termic<\/li>\n<li>Modalit\u0103\u021bi de diversificarea a produc\u021biei de energie termic\u0103<\/li>\n<li>Eficientizarea consumului popula\u021biei<\/li>\n<\/ul>\n<p>La dezbatere vor participa:<\/p>\n<ul>\n<li>Cristina Prun\u0103, vicepre\u0219edinte Comisia pentru industrii \u0219i servicii<\/li>\n<li>Claudiu N\u0103sui, pre\u0219edinte Comisia pentru antreprenoriat \u0219i turism<\/li>\n<li>Vlad Sinc\u0103, membru consiliu de administra\u021bie ADI Termoenergetica<\/li>\n<li>Mihai Mereu\u021b\u0103, pre\u0219edinte Liga Asocia\u021biilor de Proprietari HABITAT<\/li>\n<\/ul>\n<p><strong>Agenda evenimentului:<\/strong><\/p>\n<ul>\n<li>9:30 \u2013 10:00: Sosirea invita\u021bilor<\/li>\n<li>10:00 \u2013 12:00: Deschiderea evenimentului \u0219i introducere \u00een temele de dezbatere<\/li>\n<\/ul>\n<p>Dezbaterea se va desf\u0103\u0219ura la Camera Deputa\u021bilor. Vom reveni cu detalii suplimentare privind accesul la Palatul Parlamentului \u00een zilele urm\u0103toare.<\/p>\n<p>Pentru a confirma prezen\u021ba, v\u0103 rug\u0103m s\u0103 v\u0103 \u00eenscrie\u021bi aici: <a href=\"https:\/\/forms.gle\/YBmaXbUbD5VXTY8P7\"><u>\u00a0<\/u><u>https:\/\/forms.gle\/YBmaXbUbD5VXTY8P7<\/u><\/a><\/p>\n<p>Pentru \u00eentreb\u0103ri suplimentare, o pute\u021bi contacta pe colega noastr\u0103 Elisabeta \u0218erb\u0103nescu, tel: 0721 389 302.<\/p>\n<p>Cu stim\u0103,<br \/>\nCristina Prun\u0103<br \/>\nClaudiu N\u0103sui<\/p>\n","protected":false},"excerpt":{"rendered":"<p>Deputa\u021bii Cristina Prun\u0103 \u0219i Claudiu N\u0103sui au pl\u0103cerea de a v\u0103 invita la o dezbatere despre starea sistemului de termoficare din Bucure\u0219ti, ce pa\u0219i au fost f\u0103cu\u021bi \u00een direc\u021bia \u00eembun\u0103t\u0103\u021birii acestuia \u0219i care este planul autorit\u0103\u021bilor pe termen lung care se va desf\u0103\u0219ura la Palatul Parlamentului, joi, 28.07.2022, de la ora 10:00. Sistemul de termoficare [&hellip;]<\/p>\n","protected":false},"author":3,"featured_media":0,"comment_status":"open","ping_status":"open","sticky":false,"template":"","format":"standard","meta":{"footnotes":""},"categories":[1],"tags":[],"class_list":["post-3081","post","type-post","status-publish","format-standard","hentry","category-noutati"],"_links":{"self":[{"href":"https:\/\/www.habitaturban.ro\/index.php?rest_route=\/wp\/v2\/posts\/3081","targetHints":{"allow":["GET"]}}],"collection":[{"href":"https:\/\/www.habitaturban.ro\/index.php?rest_route=\/wp\/v2\/posts"}],"about":[{"href":"https:\/\/www.habitaturban.ro\/index.php?rest_route=\/wp\/v2\/types\/post"}],"author":[{"embeddable":true,"href":"https:\/\/www.habitaturban.ro\/index.php?rest_route=\/wp\/v2\/users\/3"}],"replies":[{"embeddable":true,"href":"https:\/\/www.habitaturban.ro\/index.php?rest_route=%2Fwp%2Fv2%2Fcomments&post=3081"}],"version-history":[{"count":3,"href":"https:\/\/www.habitaturban.ro\/index.php?rest_route=\/wp\/v2\/posts\/3081\/revisions"}],"predecessor-version":[{"id":3085,"href":"https:\/\/www.habitaturban.ro\/index.php?rest_route=\/wp\/v2\/posts\/3081\/revisions\/3085"}],"wp:attachment":[{"href":"https:\/\/www.habitaturban.ro\/index.php?rest_route=%2Fwp%2Fv2%2Fmedia&parent=3081"}],"wp:term":[{"taxonomy":"category","embeddable":true,"href":"https:\/\/www.habitaturban.ro\/index.php?rest_route=%2Fwp%2Fv2%2Fcategories&post=3081"},{"taxonomy":"post_tag","embeddable":true,"href":"https:\/\/www.habitaturban.ro\/index.php?rest_route=%2Fwp%2Fv2%2Ftags&post=3081"}],"curies":[{"name":"wp","href":"https:\/\/api.w.org\/{rel}","templated":true}]}}