{"id":3212,"date":"2023-06-13T09:24:01","date_gmt":"2023-06-13T07:24:01","guid":{"rendered":"https:\/\/www.habitaturban.ro\/?p=3212"},"modified":"2023-06-13T09:24:01","modified_gmt":"2023-06-13T07:24:01","slug":"invitatie-asociatii-de-proprietari-ziua-europeana-pentru-prevenirea-furturilor-din-locuinte","status":"publish","type":"post","link":"https:\/\/www.habitaturban.ro\/?p=3212","title":{"rendered":"Invitatie asociatii de proprietari Ziua Europeana pentru prevenirea furturilor din locuinte"},"content":{"rendered":"<p><strong>Stimat\u0103 doamn\u0103,<br \/>\n<\/strong><strong>Stimate domnule,<\/strong><\/p>\n<p>&nbsp;<\/p>\n<p><strong><em>Va transmitem rugamintea de a participa la evenimentul organizat de catre Institutul de Cercetare si Prevenire a Criminalitatii in data de 21.06.2023 (miercuri), ora 11.00, Centrul Cultural MAI, sala Nichita Stanescu (str. Mircea Voda nr. 17), cu ocazia Zilei Europene de prevenire a furturilor din locuinte.<\/em><\/strong><\/p>\n<p><span style=\"color: #808080;\">\u00cen conformitate cu decizia adoptat\u0103 de Consiliul Administrativ al Re\u0163elei Europene de Prevenire a Criminalit\u0103\u0163ii (EUCPN), \u00een data de 21.06.2023 va fi organizat, la nivel european, evenimentul \u201e<em>Ziua European\u0103 de prevenire a furturilor din locuinte<\/em>\u201d, pentru care Rom\u00e2nia \u015fi-a manifestat acordul de implementare.<\/span><\/p>\n<p><span style=\"color: #808080;\">Institutul de Cercetare \u015fi Prevenire a Criminalit\u0103\u0163ii, \u00een calitate de Punct Na\u0163ional de Contact \u00een cadrul Re\u0163elei Europene de Prevenire a Criminalit\u0103\u0163ii \u2014 EUCPN, este implicat \u00een realizarea acestui concept \u0219i coordoneaz\u0103 aplicarea lui la nivel na\u0163ional, particip\u00e2nd \u0219i la edi\u0163iile organizate anterior.<\/span><\/p>\n<p><span style=\"color: #808080;\">\u00cen acest context, v\u0103 rug\u0103m s\u0103 ne sprijini\u021bi \u00een organizarea unei \u00eent\u00e2lniri cu pre\u015fedin\u0163i de asocia\u0163ii de proprietari, pentru promovarea \u201c<em>Zilei Europene de prevenire a furturilor din locuin\u021be<\/em>\u201d, cu sprijinul partenerilor din proiectul de prevenire a furturilor din locuin\u0163\u0103 sigur ACAS\u0102 (Uniunea Na\u0163ional\u0103 a Societ\u0103\u021bilor de Asigurare \u015fi Reasigurare din Rom\u00e2nia (U.N.S.A.R., Asocia\u0163ia Rom\u00e2n\u0103 pentru Tehnic\u0103 de Securitate &#8211; A.R.T.$.), ce va avea loc \u00een sala \u201cNichita St\u0103nescu\u201d din Centrul Cultural al M.A.I., din Bucure\u015fti, str. Mihai Vod\u0103 nr. 17, \u00een data de 21.06.2023, oral 1.00. <\/span><\/p>\n<p><em>Avand in vedere cele mai sus, in spiritul bunei colaborari cu dumneavoastra, speram ca veti raspunde favorabil invitatiei noastre.<\/em><\/p>\n<p><strong><em>Va rog sa confirmati participarea, pana luni 19.06, la: <\/em><\/strong><strong><a href=\"mailto:mihai.mereuta@habitaturban.ro\">mihai.mereuta@habitaturban.ro<\/a><\/strong><strong><em> (de preferat), sau la 0744751416 prin sms sau whatsapp.<\/em><\/strong><\/p>\n<p><em>Va dorim <strong>succes<\/strong> in activitatea pe care o desfasurati, va multumim pentru colaborare si sprijin si va asiguram de intreaga noastra consideratie.<\/em><\/p>\n","protected":false},"excerpt":{"rendered":"<p>Stimat\u0103 doamn\u0103, Stimate domnule, &nbsp; Va transmitem rugamintea de a participa la evenimentul organizat de catre Institutul de Cercetare si Prevenire a Criminalitatii in data de 21.06.2023 (miercuri), ora 11.00, Centrul Cultural MAI, sala Nichita Stanescu (str. Mircea Voda nr. 17), cu ocazia Zilei Europene de prevenire a furturilor din locuinte. \u00cen conformitate cu decizia [&hellip;]<\/p>\n","protected":false},"author":3,"featured_media":0,"comment_status":"closed","ping_status":"open","sticky":false,"template":"","format":"standard","meta":{"footnotes":""},"categories":[1],"tags":[],"class_list":["post-3212","post","type-post","status-publish","format-standard","hentry","category-noutati"],"_links":{"self":[{"href":"https:\/\/www.habitaturban.ro\/index.php?rest_route=\/wp\/v2\/posts\/3212","targetHints":{"allow":["GET"]}}],"collection":[{"href":"https:\/\/www.habitaturban.ro\/index.php?rest_route=\/wp\/v2\/posts"}],"about":[{"href":"https:\/\/www.habitaturban.ro\/index.php?rest_route=\/wp\/v2\/types\/post"}],"author":[{"embeddable":true,"href":"https:\/\/www.habitaturban.ro\/index.php?rest_route=\/wp\/v2\/users\/3"}],"replies":[{"embeddable":true,"href":"https:\/\/www.habitaturban.ro\/index.php?rest_route=%2Fwp%2Fv2%2Fcomments&post=3212"}],"version-history":[{"count":1,"href":"https:\/\/www.habitaturban.ro\/index.php?rest_route=\/wp\/v2\/posts\/3212\/revisions"}],"predecessor-version":[{"id":3213,"href":"https:\/\/www.habitaturban.ro\/index.php?rest_route=\/wp\/v2\/posts\/3212\/revisions\/3213"}],"wp:attachment":[{"href":"https:\/\/www.habitaturban.ro\/index.php?rest_route=%2Fwp%2Fv2%2Fmedia&parent=3212"}],"wp:term":[{"taxonomy":"category","embeddable":true,"href":"https:\/\/www.habitaturban.ro\/index.php?rest_route=%2Fwp%2Fv2%2Fcategories&post=3212"},{"taxonomy":"post_tag","embeddable":true,"href":"https:\/\/www.habitaturban.ro\/index.php?rest_route=%2Fwp%2Fv2%2Ftags&post=3212"}],"curies":[{"name":"wp","href":"https:\/\/api.w.org\/{rel}","templated":true}]}}