{"id":3238,"date":"2023-09-22T13:48:17","date_gmt":"2023-09-22T11:48:17","guid":{"rendered":"https:\/\/www.habitaturban.ro\/?p=3238"},"modified":"2023-09-22T13:48:17","modified_gmt":"2023-09-22T11:48:17","slug":"invitatie-dezbatere-termoficarea-sezonul-de-incalzire-2023-2024","status":"publish","type":"post","link":"https:\/\/www.habitaturban.ro\/?p=3238","title":{"rendered":"INVITA\u021aIE DEZBATERE: TERMOFICAREA \u2013 SEZONUL DE INCALZIRE 2023 &#8211; 2024"},"content":{"rendered":"<p><strong><em>Stimat\u0103 doamn\u0103,<\/em><\/strong><\/p>\n<p><strong><em>Stimate domnule,<\/em><\/strong><\/p>\n<p><em>\u00cen cadrul dezbaterilor complet gratuite adresate membrilor \u0219i reprezentan\u021bilor asocia\u021biilor de proprietari, <\/em><span style=\"color: #ff0000;\"><strong><em>miercuri,<\/em><\/strong><em> <strong><u>27.09.2023<\/u><\/strong><\/em><\/span><em>, ora <\/em><span style=\"color: #ff0000;\"><strong><em>11.00<\/em><\/strong><em>, <\/em><strong><em>sediul ELCEN<\/em><\/strong><\/span><em> (<\/em><em>Splaiul Independentei nr 229, sector 6, Sala Groz\u0103ve\u0219ti, ultimul etaj, pe partea st\u00e2ng\u0103).<\/em><strong><em>Liga Na\u021bional\u0103 a Asocia\u021biilor de Proprietari Habitat<\/em><\/strong><em> \u00een colaborarea cu <strong>Asocia\u021bia Rom\u00e2n\u0103 pentru Locuin\u021be Casa Plus<\/strong>, <\/em><span style=\"color: #ff0000;\"><strong><em>cu sprijinul Electrocentrale Bucuresti<\/em><\/strong><\/span><em>, organizeaz\u0103 dezbaterea<\/em><em>: <\/em><span style=\"color: #ff0000;\"><strong><em>TERMOFICAREA<\/em><\/strong><strong><em> -SEZONUL DE INCALZIRE 2023 \u2013 2024<\/em><\/strong><\/span><\/p>\n<p><strong><em>Teme propuse<\/em><\/strong><\/p>\n<ul>\n<li><em>Costul total al serviciului \/ <\/em><em>Tariful platit de populatie \/Starea tehnica si financiara a SACET \/ Proiectele de investitii<\/em><\/li>\n<li><em>Proiectele derulate in parteneriat cu Primariile de Sector \/Noutati Termoenergetica \/ ELCEN \/ ADI Termoenergetica \/ PMB \/ CGMB<\/em><\/li>\n<li><em>Contorizarea \/montarea repartitoarelor \/ Relatia asociatiilor de proprietari cu <\/em><em>Termoenergetica<\/em><em>; \/ <\/em><strong><em>Evaluarea si Monitorizarea <\/em><\/strong><em>aliment\u0103rii cu energie termic\u0103 a Municipiului Bucure\u015fti<\/em><\/li>\n<\/ul>\n<p><strong><em><u>Invitati:<\/u><\/em><\/strong><\/p>\n<ul>\n<li><em>Reprezentanti ai asociatiilor de proprietari din Bucuresti; Reprezentanti ai Serviciilor pentru Asociatiile de Proprietari din cadrul Primariilor de Sector; Reprezentanti ai TERMOENERGETICA, ELCEN, PMB, CGMB, ANRE, <\/em><em>PARLAMENTARI<\/em><em>; Specialisti in domeniu;<\/em><\/li>\n<\/ul>\n<p><span style=\"color: #ff0000;\"><strong><em>Ne face o deosebit\u0103 pl\u0103cere de a v\u0103 invita la acesta Dezbatere!<\/em><\/strong><\/span><\/p>\n<p><em>Sprijinul dumneavoastr\u0103, participarea speciali\u0219tilor delega\u021bi sunt factori ce contribuie la succesul acestei ac\u021biuni.<\/em><\/p>\n<p><strong><em>V\u0103 rug\u0103m s\u0103 confirma\u021bi participarea \u00een cel mai scurt timp posibil. Participarea va fi posibil\u0103 \u00een limita locurilor disponibile \u0219i \u00een ordinea confirm\u0103rii.<\/em><\/strong><\/p>\n<p><span style=\"color: #ff0000;\"><strong><em>Pentru \u00eenscriere sau pentru informa\u021bii suplimentare: <\/em><\/strong><\/span><\/p>\n<ul>\n<li><span style=\"color: #ff0000;\"><strong><em>MIHAI MEREU<\/em><\/strong><strong><em>\u0162\u0102<\/em><\/strong><strong><em> &#8211; 0744.751.416; <\/em><\/strong><strong><em><a style=\"color: #ff0000;\" href=\"mailto:mihai.mereuta.ro@gmail.com\">mihai.mereuta.ro@gmail.com<\/a>;<\/em><\/strong><\/span><\/li>\n<\/ul>\n<p><strong>\u00a0<\/strong><\/p>\n<p><strong><em>Agenda provizorie<\/em><\/strong><\/p>\n<p><em>10.45 \u2013 11.00 &#8211; \u00eenregistrarea participan\u021bilor<\/em><\/p>\n<p><em>11.00 \u2013 11.15\u2013 deschiderea dezbaterii<\/em><\/p>\n<p><em>11.15 \u2013 12.00 &#8211; prezent\u0103ri ale invita\u021bilor &#8211;<strong>ELCEN, TERMOENERGETICA, Primaria municipiului bucuresti, CGMB, ADITBI &#8211; <\/strong><\/em><em>Asocia\u021bia de Dezvoltare Intercomunitar\u0103 TERMOENERGETICA Bucure\u0219ti Ilfov, <\/em><strong><em>PARLAMENTARI bucuresti, anre, Expert forum, PRESTATORI \u2013 REPARTIZARE, PRIMARII SECTOR, COGEN \u2013 VASILE MUNTENITA, SPECIALISTI<\/em><\/strong><\/p>\n<p><em>12.00 \u2013 12.45 &#8211; interven\u021bii ale mass-media, interven\u021bii ale membrilor \u0219i reprezentan\u021bilor asocia\u021biilor de proprietari<\/em><\/p>\n<p><em>12.45 \u2013 13.00 &#8211; concluzii<\/em><\/p>\n<p>&nbsp;<\/p>\n<p>Detalii Locatie:<\/p>\n<p><em>ELCEN (<\/em><em>Splaiul Independentei nr 229, sector 6, Sala Groz\u0103ve\u0219ti, ultimul etaj, pe partea st\u00e2ng\u0103).<\/em><\/p>\n<p><iframe loading=\"lazy\" style=\"border: 0;\" src=\"https:\/\/www.google.com\/maps\/embed?pb=!1m17!1m12!1m3!1d2848.5880846599293!2d26.063638899999994!3d44.44161109999999!2m3!1f0!2f0!3f0!3m2!1i1024!2i768!4f13.1!3m2!1m1!2zNDTCsDI2JzI5LjgiTiAyNsKwMDMnNDkuMSJF!5e0!3m2!1sen!2sro!4v1695383095793!5m2!1sen!2sro\" width=\"100%\" height=\"300\" allowfullscreen=\"allowfullscreen\"><span data-mce-type=\"bookmark\" style=\"display: inline-block; width: 0px; overflow: hidden; line-height: 0;\" class=\"mce_SELRES_start\">\ufeff<\/span><span data-mce-type=\"bookmark\" style=\"display: inline-block; width: 0px; overflow: hidden; line-height: 0;\" class=\"mce_SELRES_start\">\ufeff<\/span><\/iframe><\/p>\n<p>&nbsp;<\/p>\n<p><em>V\u0103 dorim <strong>succes<\/strong> \u00een activitatea pe care o desf\u0103sura\u021bi, v\u0103 mul\u021bumim pentru colaborare si sprijin \u0219i v\u0103 asigur\u0103m de \u00eentreaga noastr\u0103 considera\u021bie<\/em><\/p>\n<p>&nbsp;<\/p>\n<h2 align=\"center\"><strong>Mihai Mereuta<\/strong><\/h2>\n<p align=\"center\"><strong>Presedinte<\/strong><\/p>\n<table border=\"0\" width=\"100%\" cellspacing=\"0\" cellpadding=\"0\">\n<tbody>\n<tr>\n<td style=\"border: none;\" align=\"center\" valign=\"top\" width=\"50%\">\n<p align=\"center\"><strong><em>LIGA ASOCIA\u0162IILOR DE PROPRIETARI <\/em><\/strong><br \/>\n<strong><em>HABITAT<\/em><\/strong><\/p>\n<\/td>\n<td style=\"border: none;\" align=\"center\" valign=\"top\" width=\"50%\">\n<p align=\"center\"><strong><em>ASOCIA<\/em><\/strong><strong><em>\u0162<\/em><\/strong><strong><em>IA ROM<\/em><\/strong><strong><em>\u00c2<\/em><\/strong><strong><em>N<\/em><\/strong><strong><em>\u0102<\/em><\/strong><strong><em> PENTRU LOCUIN<\/em><\/strong><strong><em>\u0162<\/em><\/strong><strong><em>E<\/em><\/strong><br \/>\n<strong><em>CASA PLUS <\/em><\/strong><\/p>\n<\/td>\n<\/tr>\n<\/tbody>\n<\/table>\n","protected":false},"excerpt":{"rendered":"<p>Stimat\u0103 doamn\u0103, Stimate domnule, \u00cen cadrul dezbaterilor complet gratuite adresate membrilor \u0219i reprezentan\u021bilor asocia\u021biilor de proprietari, miercuri, 27.09.2023, ora 11.00, sediul ELCEN (Splaiul Independentei nr 229, sector 6, Sala Groz\u0103ve\u0219ti, ultimul etaj, pe partea st\u00e2ng\u0103).Liga Na\u021bional\u0103 a Asocia\u021biilor de Proprietari Habitat \u00een colaborarea cu Asocia\u021bia Rom\u00e2n\u0103 pentru Locuin\u021be Casa Plus, cu sprijinul Electrocentrale Bucuresti, organizeaz\u0103 [&hellip;]<\/p>\n","protected":false},"author":3,"featured_media":0,"comment_status":"closed","ping_status":"open","sticky":false,"template":"","format":"standard","meta":{"footnotes":""},"categories":[1],"tags":[],"class_list":["post-3238","post","type-post","status-publish","format-standard","hentry","category-noutati"],"_links":{"self":[{"href":"https:\/\/www.habitaturban.ro\/index.php?rest_route=\/wp\/v2\/posts\/3238","targetHints":{"allow":["GET"]}}],"collection":[{"href":"https:\/\/www.habitaturban.ro\/index.php?rest_route=\/wp\/v2\/posts"}],"about":[{"href":"https:\/\/www.habitaturban.ro\/index.php?rest_route=\/wp\/v2\/types\/post"}],"author":[{"embeddable":true,"href":"https:\/\/www.habitaturban.ro\/index.php?rest_route=\/wp\/v2\/users\/3"}],"replies":[{"embeddable":true,"href":"https:\/\/www.habitaturban.ro\/index.php?rest_route=%2Fwp%2Fv2%2Fcomments&post=3238"}],"version-history":[{"count":1,"href":"https:\/\/www.habitaturban.ro\/index.php?rest_route=\/wp\/v2\/posts\/3238\/revisions"}],"predecessor-version":[{"id":3239,"href":"https:\/\/www.habitaturban.ro\/index.php?rest_route=\/wp\/v2\/posts\/3238\/revisions\/3239"}],"wp:attachment":[{"href":"https:\/\/www.habitaturban.ro\/index.php?rest_route=%2Fwp%2Fv2%2Fmedia&parent=3238"}],"wp:term":[{"taxonomy":"category","embeddable":true,"href":"https:\/\/www.habitaturban.ro\/index.php?rest_route=%2Fwp%2Fv2%2Fcategories&post=3238"},{"taxonomy":"post_tag","embeddable":true,"href":"https:\/\/www.habitaturban.ro\/index.php?rest_route=%2Fwp%2Fv2%2Ftags&post=3238"}],"curies":[{"name":"wp","href":"https:\/\/api.w.org\/{rel}","templated":true}]}}