{"id":3248,"date":"2023-10-17T08:49:15","date_gmt":"2023-10-17T06:49:15","guid":{"rendered":"https:\/\/www.habitaturban.ro\/?p=3248"},"modified":"2023-10-17T08:49:59","modified_gmt":"2023-10-17T06:49:59","slug":"invitatie-contorizarea-repartizarea-individuala-in-condominii-20-octombrie-2023-online-zoom-ora-10-00","status":"publish","type":"post","link":"https:\/\/www.habitaturban.ro\/?p=3248","title":{"rendered":"INVITA\u021aIE CONTORIZAREA \/ REPARTIZAREA INDIVIDUALA IN CONDOMINII! 20 OCTOMBRIE 2023 Online \u2013 Zoom ORA 10.00"},"content":{"rendered":"<p><em>\u00cen cadrul dezbaterilor complet gratuite adresate membrilor \u0219i reprezentan\u021bilor asocia\u021biilor de proprietari, <strong>vineri,<\/strong> <strong><u>20.10.2023<\/u><\/strong>, ora <strong>10.00<\/strong>, online \u2013 platforma Zoom, Liga Na\u021bional\u0103 a Asocia\u021biilor de Proprietari Habitat \u00een colaborarea cu Asocia\u021bia Rom\u00e2n\u0103 pentru Locuin\u021be Casa Plus, organizeaz\u0103 dezbaterea<\/em><em>: <\/em><strong><em>CONTORIZAREA \/ REPARTIZAREA INDIVIDUALA IN CONDOMINII!<\/em><\/strong><\/p>\n<p><strong><u>Dezbaterile\u00a0 vor viza:<\/u><\/strong><\/p>\n<ul>\n<li><em>\u00cen imobilele de tip condominiu racordate la sistemul de alimentare centralizat\u0103 cu energie termic\u0103 \u00een sistem de distribu\u0163ie orizontal\u0103 este obligatorie montarea sistemelor de m\u0103surare p\u00e2n\u0103<\/em> <strong><em>la 31 decembrie 2023<\/em><\/strong> <em>pentru individualizarea consumurilor de energie pentru \u00eenc\u0103lzire\/r\u0103cire \u015fi ap\u0103 cald\u0103 la nivelul fiec\u0103rui apartament sau spa\u0163iu cu alt\u0103 destina\u0163ie dec\u00e2t cea de locuit. Pentru condominiile cu distribu\u0163ie vertical\u0103 a agentului termic \u00een care utilizarea de contoare individuale nu este fezabil\u0103 din punct de vedere tehnic sau nu este eficient\u0103 din punctul de vedere al costurilor este obligatorie montarea sistemelor tehnice de stabilire a consumurilor individuale de energie termic\u0103, respectiv a repartitoarelor de costuri, pe toate corpurile de \u00eenc\u0103lzire din fiecare apartament sau spa\u0163iu cu alt\u0103 destina\u0163ie dec\u00e2t cea de locuit, \u00een condi\u0163iile \u00een care exist\u0103 realizat la nivel de condominiu un sistem de echilibrare hidraulic\u0103 a instala\u0163iei de \u00eenc\u0103lzire. <\/em><em>Legea eficientei energetice 114\/2014<\/em>\n<ul>\n<li><em>Care este situa\u021bia actual\u0103?<\/em><\/li>\n<li><em>Ce spune legisla\u021bia?<\/em><\/li>\n<li><em>Care sunt obliga\u0163iile autoritatilor ANRE \/ PMB \/ CGMB<\/em><\/li>\n<li><em>Finantarea proiectelor cu privire la contorizarea individuala \/ repartizarea individuala o solutie ignorata.<\/em><\/li>\n<li><em>Exista lte solutii pt individualizarea consumurilor?<\/em><\/li>\n<li><em>Obligatiile reprezentantilor asociatiilor de proprietari;<\/em><\/li>\n<li><em>Propuneri de modificare a legislatiei;<\/em><\/li>\n<\/ul>\n<\/li>\n<\/ul>\n<p style=\"padding-left: 40px;\"><strong><u>Invitati:<\/u><\/strong><\/p>\n<ul>\n<li><em>Reprezentanti ai asociatiilor de proprietari din Bucuresti;<\/em><\/li>\n<li><em>Reprezentanti ai Serviciilor pentru Asociatiile de Proprietari din cadrul Primariilor de Sector; <\/em><\/li>\n<li><em>Reprezentanti ai ANRE, prefecturii municipiului bucuresti, Primariei Generale a Municipiului Bucuresti, Consiliului general Al Municipiului Bucuresti, TERMOENERGETICA.<\/em><\/li>\n<li><em>Specialisti in domeniu;<\/em><\/li>\n<\/ul>\n<p><strong><em>Agenda provizorie<\/em><\/strong><\/p>\n<p><em>09.45 &#8211; 10.00 &#8211; \u00eenregistrarea participan\u021bilor<br \/>\n<\/em><em>10.00 &#8211; 10.30 &#8211; prezent\u0103ri ale invita\u021bilor<br \/>\n<\/em><em>10.30 &#8211; 11.45 &#8211; interven\u021bii ale membrilor \u0219i reprezentan\u021bilor asocia\u021biilor de proprietari<br \/>\n<\/em><em>11.45 &#8211; 12.00 &#8211; concluzii<\/em><\/p>\n<p><strong><em>Ne face o deosebit\u0103 pl\u0103cere de a v\u0103 invita la acest\u0103 dezbatere! <\/em><\/strong><em>Sprijinul dumneavoastra, participarea specialistilor delegati sunt factori ce contribuie la succesul acestei actiuni. <\/em><em>Participan\u021bii sunt ruga\u021bi s\u0103 \u00ee\u0219i confirme participarea \u0219i s\u0103 transmit\u0103 <strong>formularul de \u00eenregistrare<\/strong> la adresa de e-mail <strong><a href=\"mailto:mihai.mereuta@habitaturban.ro\">mihai.mereuta@habitaturban.ro<\/a><\/strong>.<\/em><\/p>\n<p><strong><em>Link-ul<\/em><\/strong><em> de acces pentru eveniment va fi trimis prin e-mailul de confirmare a \u00eenregistr\u0103rii. <\/em><\/p>\n<p><em>Participarea este <strong>gratuit\u0103<\/strong>, \u00een limita a 100 de persoane. \u00cent\u00e2lnirea se adreseaz\u0103, cu prioritate, membrilor \u0219i reprezentan\u021bilor asocia\u021biilor de proprietari colaboratori ai Ligii Asocia\u021biilor de Proprietari Habitat \/ Asocia\u021biei Rom\u00e2ne pentru Locuin\u021be Casa Plus (asocia\u021bii de proprietari \/ ONG \/ proprietari). <\/em><\/p>\n<p><strong><em>Multumindu-va anticipat pentru participare, colaborare si sprijin, va asigur de deplina mea consideratie!<\/em><\/strong><\/p>\n<h2 align=\"center\"><strong>Mihai Mereuta<\/strong><\/h2>\n<p align=\"center\"><strong>Presedinte<\/strong><\/p>\n<table border=\"0\" width=\"100%\" cellspacing=\"0\" cellpadding=\"0\">\n<tbody>\n<tr>\n<td align=\"center\" valign=\"top\" width=\"50%\" style=\"border: none;\">\n<p align=\"center\"><strong><em>LIGA ASOCIA\u0162IILOR DE PROPRIETARI<\/em><\/strong><br \/>\n<strong><em>HABITAT<\/em><\/strong><\/p>\n<\/td>\n<td align=\"center\" valign=\"top\" width=\"50%\" style=\"border: none;\">\n<p align=\"center\"><strong><em>ASOCIA<\/em><\/strong><strong><em>\u0162<\/em><\/strong><strong><em>IA ROM<\/em><\/strong><strong><em>\u00c2<\/em><\/strong><strong><em>N<\/em><\/strong><strong><em>\u0102<\/em><\/strong><strong><em>\u00a0PENTRU LOCUIN<\/em><\/strong><strong><em>\u0162<\/em><\/strong><strong><em>E<\/em><\/strong><br \/>\n<strong><em>CASA PLUS<\/em><\/strong><\/p>\n<\/td>\n<\/tr>\n<\/tbody>\n<\/table>\n","protected":false},"excerpt":{"rendered":"<p>\u00cen cadrul dezbaterilor complet gratuite adresate membrilor \u0219i reprezentan\u021bilor asocia\u021biilor de proprietari, vineri, 20.10.2023, ora 10.00, online \u2013 platforma Zoom, Liga Na\u021bional\u0103 a Asocia\u021biilor de Proprietari Habitat \u00een colaborarea cu Asocia\u021bia Rom\u00e2n\u0103 pentru Locuin\u021be Casa Plus, organizeaz\u0103 dezbaterea: CONTORIZAREA \/ REPARTIZAREA INDIVIDUALA IN CONDOMINII! Dezbaterile\u00a0 vor viza: \u00cen imobilele de tip condominiu racordate la sistemul [&hellip;]<\/p>\n","protected":false},"author":3,"featured_media":0,"comment_status":"closed","ping_status":"open","sticky":false,"template":"","format":"standard","meta":{"footnotes":""},"categories":[1],"tags":[],"class_list":["post-3248","post","type-post","status-publish","format-standard","hentry","category-noutati"],"_links":{"self":[{"href":"https:\/\/www.habitaturban.ro\/index.php?rest_route=\/wp\/v2\/posts\/3248","targetHints":{"allow":["GET"]}}],"collection":[{"href":"https:\/\/www.habitaturban.ro\/index.php?rest_route=\/wp\/v2\/posts"}],"about":[{"href":"https:\/\/www.habitaturban.ro\/index.php?rest_route=\/wp\/v2\/types\/post"}],"author":[{"embeddable":true,"href":"https:\/\/www.habitaturban.ro\/index.php?rest_route=\/wp\/v2\/users\/3"}],"replies":[{"embeddable":true,"href":"https:\/\/www.habitaturban.ro\/index.php?rest_route=%2Fwp%2Fv2%2Fcomments&post=3248"}],"version-history":[{"count":2,"href":"https:\/\/www.habitaturban.ro\/index.php?rest_route=\/wp\/v2\/posts\/3248\/revisions"}],"predecessor-version":[{"id":3250,"href":"https:\/\/www.habitaturban.ro\/index.php?rest_route=\/wp\/v2\/posts\/3248\/revisions\/3250"}],"wp:attachment":[{"href":"https:\/\/www.habitaturban.ro\/index.php?rest_route=%2Fwp%2Fv2%2Fmedia&parent=3248"}],"wp:term":[{"taxonomy":"category","embeddable":true,"href":"https:\/\/www.habitaturban.ro\/index.php?rest_route=%2Fwp%2Fv2%2Fcategories&post=3248"},{"taxonomy":"post_tag","embeddable":true,"href":"https:\/\/www.habitaturban.ro\/index.php?rest_route=%2Fwp%2Fv2%2Ftags&post=3248"}],"curies":[{"name":"wp","href":"https:\/\/api.w.org\/{rel}","templated":true}]}}