{"id":3264,"date":"2023-11-27T14:08:58","date_gmt":"2023-11-27T12:08:58","guid":{"rendered":"https:\/\/www.habitaturban.ro\/?p=3264"},"modified":"2023-11-27T14:13:42","modified_gmt":"2023-11-27T12:13:42","slug":"webinar-acue","status":"publish","type":"post","link":"https:\/\/www.habitaturban.ro\/?p=3264","title":{"rendered":"Webinar ACUE"},"content":{"rendered":"<p><strong>Stimate <\/strong><strong>doamne,<\/strong><\/p>\n<p><strong>Stimati domni<\/strong><\/p>\n<p><strong>Va transmitem mai jos invitatia si agenda webinarului <\/strong><strong>ACUE, online, 28.11.2023, <\/strong><strong>\u00eentre orele 10.00-12.30<\/strong><strong>,<\/strong><strong> pe tema eficientei energetice<\/strong><strong> adresat membrilor si reprezentantilor asociatiilor de proprietari<\/strong><strong>. Va rugam sa diseminati tuturor asociatiilor membre cu rugamintea de a se inregistra la link<\/strong><strong>uu<\/strong><strong> din invitatie, lucru ce va permite transmiterea pe email a link<\/strong><strong>ul<\/strong><strong> de zoom pentru a putea intra in live.<\/strong><\/p>\n<p>&nbsp;<\/p>\n<p><img loading=\"lazy\" decoding=\"async\" class=\"aligncenter size-large wp-image-3265\" src=\"https:\/\/www.habitaturban.ro\/wp-content\/uploads\/2023\/11\/i4-1024x99.png\" alt=\"\" width=\"1024\" height=\"99\" srcset=\"https:\/\/www.habitaturban.ro\/wp-content\/uploads\/2023\/11\/i4-1024x99.png 1024w, https:\/\/www.habitaturban.ro\/wp-content\/uploads\/2023\/11\/i4-300x29.png 300w, https:\/\/www.habitaturban.ro\/wp-content\/uploads\/2023\/11\/i4-768x74.png 768w, https:\/\/www.habitaturban.ro\/wp-content\/uploads\/2023\/11\/i4-1536x148.png 1536w, https:\/\/www.habitaturban.ro\/wp-content\/uploads\/2023\/11\/i4.png 1686w\" sizes=\"auto, (max-width: 1024px) 100vw, 1024px\" \/><\/p>\n<p><a href=\"https:\/\/www.habitaturban.ro\/wp-content\/uploads\/2023\/11\/i1.png\"><img loading=\"lazy\" decoding=\"async\" class=\"aligncenter size-large wp-image-3266\" src=\"https:\/\/www.habitaturban.ro\/wp-content\/uploads\/2023\/11\/i1-1024x483.png\" alt=\"\" width=\"1024\" height=\"483\" srcset=\"https:\/\/www.habitaturban.ro\/wp-content\/uploads\/2023\/11\/i1-1024x483.png 1024w, https:\/\/www.habitaturban.ro\/wp-content\/uploads\/2023\/11\/i1-300x141.png 300w, https:\/\/www.habitaturban.ro\/wp-content\/uploads\/2023\/11\/i1-768x362.png 768w, https:\/\/www.habitaturban.ro\/wp-content\/uploads\/2023\/11\/i1-1536x724.png 1536w, https:\/\/www.habitaturban.ro\/wp-content\/uploads\/2023\/11\/i1.png 1920w\" sizes=\"auto, (max-width: 1024px) 100vw, 1024px\" \/><\/a><\/p>\n<p style=\"text-align: center;\"><strong>Invita\u021bie<\/strong><\/p>\n<p>Pentru locuitorii blocurilor din Rom\u00e2nia, eficien\u021ba energetic\u0103 este o dubl\u0103 provocare. Pe de-o parte izolarea ineficient\u0103 este una din marile surse de pierderi energetice iar rezolvarea acestei probleme \u021bine \u0219i de planific\u0103ri la nivelul autorit\u0103\u021bilor locale, dar \u0219i de bani suficien\u021bi. Pe de alt\u0103 parte, sunt spa\u021biile comune, care uneori primesc mai pu\u021bin\u0103 aten\u021bie sau sunt tratate ca \u00een trecut, c\u00e2nd costurile cu energia nu reprezentau o problem\u0103. Ce pot face \u00een aceste condi\u021bii asocia\u021biile de proprietari pentru a \u00eembun\u0103t\u0103\u021bi eficien\u021ba energetic\u0103 pentru membrii? Cum pot reduce costurile, ce solu\u021bii exist\u0103?<\/p>\n<p>Iat\u0103 c\u00e2teva \u00eentreb\u0103ri la care vom r\u0103spunde \u00een cadrul webinarului\u00a0<a href=\"https:\/\/eficient-energetic.ro\/\"><strong>Eficien\u021ba energetic\u0103 &#8211; Case, Cl\u0103diri, Re\u021bele Inteligente<\/strong><\/a>. V\u0103 invit\u0103m s\u0103 participa\u021bi la acest webinar pentru a v\u0103 pune la curent cu informa\u021bii practice \u0219i actualizate, privind modul \u00een care asocia\u021biile de proprietari pot diminua consumul de energie, nivelul facturilor, p\u0103str\u00e2nd confortul locatarilor.<\/p>\n<p>Webinarul se desf\u0103\u0219oar\u0103 online, pe data de\u00a0<strong>28 noiembrie 2023, \u00eentre orele 10.00-12.30<\/strong>, este interactiv, pragmatic \u0219i sus\u021binut de speciali\u0219ti \u00een domeniul eficien\u021bei energetice, preg\u0103ti\u021bi s\u0103 r\u0103spund\u0103 la teme ce acoper\u0103 \u00eentreaga gam\u0103 interese &#8211; de la m\u0103suri efective de eficientizare a consumului, la proiecte \u0219i surse de finan\u021bare disponibile pentru eficientizarea energetic\u0103.<\/p>\n<p>&nbsp;<\/p>\n<p style=\"text-align: center;\"><strong>V\u0103 rug\u0103m s\u0103 confirma\u021bi participarea aici:<br \/>\n<\/strong><a href=\"https:\/\/us06web.zoom.us\/webinar\/register\/WN_nySbmfVTQPuEihKpC2zsYg\"><strong>https:\/\/us06web.zoom.us\/webinar\/register\/WN_nySbmfVTQPuEihKpC2zsYg<\/strong><\/a><\/p>\n<p>&nbsp;<\/p>\n<p>&nbsp;<\/p>\n<table width=\"100%\" cellpadding=\"5\" border=\"0\" >\n<tbody>\n<tr>\n<td style=\"text-align: right; background-color: blue; padding: 10px 10px 0px 10px; color: white; border:none;\">&nbsp;<br \/>\n<strong>Sumar<br \/>\nProgram<\/strong><\/td>\n<td rowspan=\"2\" style=\"border:none;\"><strong>Teodora Vas\u00e2lc\u0103- Cimpoi &#8211;\u00a0moderator, speaker<\/strong><\/p>\n<ul>\n<li>De ce este important consumul eficient de energie?<\/li>\n<li><span style=\"font-family: inherit; font-size: inherit;\">Solu\u021bii de economisire acas\u0103 &#8211; c\u00e2t putem economisi prin simpla schimbare a comportamentului<\/span><\/li>\n<li><span style=\"font-family: inherit; font-size: inherit;\">Modele rom\u00e2ne\u0219ti \u0219i europene pentru renovare potrivite pentru asocia\u021biile de proprietari \u0219i pentru utilizarea energiei regenerabile<\/span><\/li>\n<\/ul>\n<p><strong>Alexandru Mure\u0219an &#8211;\u00a0Expert, eficien\u021b\u0103 energetic\u0103, clien\u021bi casnici<\/strong><\/p>\n<ul>\n<li>Eficien\u021ba energetic\u0103 de acas\u0103 &#8211; solu\u021bii, idei, calcule de impact<\/li>\n<\/ul>\n<p><strong>Ionu\u021b Che\u021be &#8211; Expert eficien\u021b\u0103 energetic\u0103 \u00een cl\u0103diri<\/strong><\/p>\n<ul>\n<li>Cum putem \u00eembun\u0103t\u0103\u021bi eficien\u021ba \u00een cl\u0103diri de locuin\u021be?<\/li>\n<li><span style=\"font-family: inherit; font-size: inherit;\">Sisteme de \u00eenc\u0103lzire-r\u0103cire \u2013 ce solu\u021bii sunt la \u00eendem\u00e2n\u0103, cum alegem solu\u021bia potrivit\u0103<\/span><\/li>\n<li><span style=\"font-family: inherit; font-size: inherit;\">Cl\u0103diri la standarde NZeb, proiectare \u0219i execu\u021bie \u2013 cerin\u021be, cost vs beneficiu<\/span><\/li>\n<li><span style=\"font-family: inherit; font-size: inherit;\">Exemple de bune practici din alte \u021b\u0103ri &#8211; blocuri de locuin\u021be &#8211; \u00a0Ce putem implementa \u00een Rom\u00e2nia?<\/span><\/li>\n<\/ul>\n<p><strong>Andrei Ceclan &#8211;\u00a0Expert eficien\u021b\u0103 energetic\u0103 integrat\u0103<\/strong><\/p>\n<ul>\n<li>Cum dezvolt\u0103m sisteme durabile de distribu\u021bie a energiei pentru a atinge tintele EU<\/li>\n<li><span style=\"font-family: inherit; font-size: inherit;\">Cum folosim \u0219i integr\u0103m stocarea energiei (\u00een principal baterii electrice) \u00een re\u021beaua de distribu\u021bie;<\/span><\/li>\n<li><span style=\"font-family: inherit; font-size: inherit;\">Solu\u021bii de electromobilitate \u00a0pentru blocurile de locuin\u021be<\/span><\/li>\n<li><span style=\"font-family: inherit; font-size: inherit;\">Prosumatori \u0219i distribuitori \u2013 parteneri \u00een utilizarea eficient\u0103 a re\u021belei electrice<\/span><\/li>\n<\/ul>\n<p>I<strong>oana Dr\u0103gan<\/strong>\u00a0&#8211;<strong>\u00a0Expert energie curat\u0103<\/strong><\/p>\n<ul>\n<li>Comunit\u0103\u021bi de energie, surse curate \u0219i solu\u021bii de valorificare a energiei produse, solu\u021bii de stocare, cadrul de reglementare la nivel european.<\/li>\n<\/ul>\n<p>Acest webinar face parte din proiectul \u201eEficien\u021b\u0103 Energetic\u0103 \u00een case inteligente, cl\u0103diri inteligente \u0219i re\u021bele inteligente&#8221;, lansat deFedera\u021bia Asocia\u021biilor Companiilor de Utilit\u0103\u021bi din Energie (ACUE) \u0219i finan\u021bat cu sprijinul granturilor acordate prin mecanismul financiar Norvegian2014-2021, \u00een cadrul \u201eProgramului de Energie din Rom\u00e2nia&#8221;.<\/p>\n<p><strong>Alina Vereha<br \/>\n<\/strong><strong>PR &amp; Communication Responsible<br \/>\n<\/strong><strong>M: 0722 966 486<br \/>\n<\/strong><strong>Federa\u0163ia Asocia\u0163iilor Companiilor de Utilit\u0103\u0163i din Energie<\/strong><\/p>\n<p>Ghica House, Str. Ion Ghica nr. 13<br \/>\nSector 3, cod postal 030044,<br \/>\nBucuresti, Romania<br \/>\n<a href=\"http:\/\/www.acue.ro\/\">www.acue.ro<\/a><\/td>\n<\/tr>\n<tr>\n<td style=\"border:none;\"><a href=\"https:\/\/www.habitaturban.ro\/wp-content\/uploads\/2023\/11\/i2.jpg\"><img loading=\"lazy\" decoding=\"async\" class=\"aligncenter size-large wp-image-3267\" src=\"https:\/\/www.habitaturban.ro\/wp-content\/uploads\/2023\/11\/i2-542x1024.jpg\" alt=\"\" width=\"542\" height=\"1024\" srcset=\"https:\/\/www.habitaturban.ro\/wp-content\/uploads\/2023\/11\/i2-542x1024.jpg 542w, https:\/\/www.habitaturban.ro\/wp-content\/uploads\/2023\/11\/i2-159x300.jpg 159w, https:\/\/www.habitaturban.ro\/wp-content\/uploads\/2023\/11\/i2.jpg 749w\" sizes=\"auto, (max-width: 542px) 100vw, 542px\" \/><\/a><\/p>\n<p><a href=\"https:\/\/www.habitaturban.ro\/wp-content\/uploads\/2023\/11\/i3.jpg\"><img loading=\"lazy\" decoding=\"async\" class=\"aligncenter size-full wp-image-3268\" src=\"https:\/\/www.habitaturban.ro\/wp-content\/uploads\/2023\/11\/i3.jpg\" alt=\"\" width=\"1002\" height=\"864\" srcset=\"https:\/\/www.habitaturban.ro\/wp-content\/uploads\/2023\/11\/i3.jpg 1002w, https:\/\/www.habitaturban.ro\/wp-content\/uploads\/2023\/11\/i3-300x259.jpg 300w, https:\/\/www.habitaturban.ro\/wp-content\/uploads\/2023\/11\/i3-768x662.jpg 768w\" sizes=\"auto, (max-width: 1002px) 100vw, 1002px\" \/><\/a><\/td>\n<\/tr>\n<\/tbody>\n<\/table>\n","protected":false},"excerpt":{"rendered":"<p>Stimate doamne, Stimati domni Va transmitem mai jos invitatia si agenda webinarului ACUE, online, 28.11.2023, \u00eentre orele 10.00-12.30, pe tema eficientei energetice adresat membrilor si reprezentantilor asociatiilor de proprietari. Va rugam sa diseminati tuturor asociatiilor membre cu rugamintea de a se inregistra la linkuu din invitatie, lucru ce va permite transmiterea pe email a linkul [&hellip;]<\/p>\n","protected":false},"author":3,"featured_media":0,"comment_status":"closed","ping_status":"open","sticky":false,"template":"","format":"standard","meta":{"footnotes":""},"categories":[1],"tags":[],"class_list":["post-3264","post","type-post","status-publish","format-standard","hentry","category-noutati"],"_links":{"self":[{"href":"https:\/\/www.habitaturban.ro\/index.php?rest_route=\/wp\/v2\/posts\/3264","targetHints":{"allow":["GET"]}}],"collection":[{"href":"https:\/\/www.habitaturban.ro\/index.php?rest_route=\/wp\/v2\/posts"}],"about":[{"href":"https:\/\/www.habitaturban.ro\/index.php?rest_route=\/wp\/v2\/types\/post"}],"author":[{"embeddable":true,"href":"https:\/\/www.habitaturban.ro\/index.php?rest_route=\/wp\/v2\/users\/3"}],"replies":[{"embeddable":true,"href":"https:\/\/www.habitaturban.ro\/index.php?rest_route=%2Fwp%2Fv2%2Fcomments&post=3264"}],"version-history":[{"count":11,"href":"https:\/\/www.habitaturban.ro\/index.php?rest_route=\/wp\/v2\/posts\/3264\/revisions"}],"predecessor-version":[{"id":3279,"href":"https:\/\/www.habitaturban.ro\/index.php?rest_route=\/wp\/v2\/posts\/3264\/revisions\/3279"}],"wp:attachment":[{"href":"https:\/\/www.habitaturban.ro\/index.php?rest_route=%2Fwp%2Fv2%2Fmedia&parent=3264"}],"wp:term":[{"taxonomy":"category","embeddable":true,"href":"https:\/\/www.habitaturban.ro\/index.php?rest_route=%2Fwp%2Fv2%2Fcategories&post=3264"},{"taxonomy":"post_tag","embeddable":true,"href":"https:\/\/www.habitaturban.ro\/index.php?rest_route=%2Fwp%2Fv2%2Ftags&post=3264"}],"curies":[{"name":"wp","href":"https:\/\/api.w.org\/{rel}","templated":true}]}}