{"id":3323,"date":"2024-02-16T07:56:36","date_gmt":"2024-02-16T05:56:36","guid":{"rendered":"https:\/\/www.habitaturban.ro\/?p=3323"},"modified":"2024-02-16T07:57:06","modified_gmt":"2024-02-16T05:57:06","slug":"invitatie-dezbatere-realizarea-sistemul-de-alimentare-centralizata-cu-energie-termica-sacet-misiune-imposibila","status":"publish","type":"post","link":"https:\/\/www.habitaturban.ro\/?p=3323","title":{"rendered":"INVITA\u021aIE DEZBATERE Realizarea Sistemul de Alimentare Centralizat\u0103 cu Energie Termic\u0103 (SACET) \u2013 misiune imposibil\u0103?"},"content":{"rendered":"<p><strong><em>Stimat\u0103 doamn\u0103,<br \/>\n<\/em><\/strong><strong><em>Stimate domnule,<\/em><\/strong><\/p>\n<p><em>\u00cen cadrul dezbaterilor complet gratuite adresate membrilor \u0219i reprezentan\u021bilor asocia\u021biilor de proprietari, <\/em><span style=\"color: #ff0000;\"><strong><em>joi,<\/em><\/strong><em> <strong><u>22.02.2024<\/u><\/strong><\/em><\/span><em>, ora <\/em><span style=\"color: #ff0000;\"><strong><em>11.00<\/em><\/strong><em>, <\/em><strong><em>sala ELCEN<\/em><\/strong><\/span><em> (<\/em><em>Splaiul Independentei nr 229, sector 6, Sala Groz\u0103ve\u0219ti, ultimul etaj, pe partea st\u00e2ng\u0103).<\/em><strong><em>Liga Na\u021bional\u0103 a Asocia\u021biilor de Proprietari Habitat<\/em><\/strong><em> \u00een colaborarea cu <strong>Asocia\u021bia Rom\u00e2n\u0103 pentru Locuin\u021be Casa Plus<\/strong>, <\/em><span style=\"color: #ff0000;\"><strong><em>cu sprijinul Electrocentrale Bucuresti<\/em><\/strong><\/span><em>, organizeaz\u0103 dezbaterea<\/em><em>: <\/em><strong><em>Fuziunea ELCEN-Termoenergetica realizarea Sistemul de Alimentare Centralizat\u0103 cu Energie Termic\u0103 (SACET) \u2013 misiune imposibil<\/em><\/strong><strong><em>\u0103?<\/em><\/strong><\/p>\n<p><strong><em>Guvernul a aprobat in data de 31.01.204 MEMORANDUMUL cu tema: Realizarea serviciului public de alimentare cu energie termic\u0103 \u00een sistem centralizat (SACET) respectiv producerea, transportul, distribu\u0163ia \u015fi furnizarea energiei termice \u00een Municipiul Bucure\u015fti, \u00een vederea utiliz\u0103rii optime a resurselor de energie \u015fi cu respectarea normelor de protec\u0163ie a mediului, s\u0103n\u0103t\u0103\u0163ii popula\u0163iei \u015fi dezvolt\u0103rii durabile.Memorandumul are drept scop demararea demersurilor necesare \u00een vederea realiz\u0103rii serviciului public de alimentare cu energie termic\u0103 prin sistem centralizat (SACET) \u00een Municipiul Bucuresti, prin fuziunea dintre Societatea Electrocentrale Bucure\u0219ti S.A. (\u201eELCEN\u201d) \u0219i Compania Municipal\u0103 Termoenergetica Bucure\u0219ti S.A. (\u201eCMTEB\u201d).<\/em><\/strong><\/p>\n<p><strong><em>\u00cen acest sens este necesar\u0103:<\/em><\/strong><\/p>\n<p><strong><em>a) Efectuarea unei analize de c\u0103tre Ministerul Dezvolt\u0103rii, Lucr\u0103rilor Publice \u0219i Administra\u021biei cu privire la cadrul legislativ aplicabil serviciului public de alimentare cu energie termic\u0103 (Legea serviciilor comunitare de utilit\u0103\u021bi publice nr. 51\/2006, Legea nr. 325\/2006 a serviciului public de alimentare cu energie termic\u0103, precum \u0219i normele secundare \u0219i ter\u021biare aferente) pentru a fi identificate modific\u0103rile \u0219i complet\u0103rile legislative necesare pentru ca, \u00een urma realiz\u0103rii fuziunii dintre ELCEN \u0219i CMTEB societatea absorbant\u0103 sau, dup\u0103 caz, noua societate rezultat\u0103 din procedura de fuziune s\u0103 poat\u0103 continua prestarea serviciului public de alimentare cu energie termic\u0103 \u00een Municipiul Bucure\u0219ti (respectiv producere, transport, distribu\u021bie \u0219i furnizare energie termic\u0103), prin gestiune direct\u0103, prin cesionarea Contractului nr. 7\/29.11.2019, semnat \u00eentre Asocia\u021bia de Dezvoltare Intercomunitar\u0103 Termoenergetica Bucure\u0219ti \u2013 Ilfov \u0219i CMTEB, cu toate drepturile \u0219i obliga\u021biile izvor\u00e2te din acest contract \u0219i din legisla\u021bia aplicabil\u0103, de\u021binute de\u00a0 Aceast\u0103 analiz\u0103 se propune a fi realizat\u0103 de c\u0103tre Ministerul Dezvolt\u0103rii, Lucr\u0103rilor Publice \u0219i Administra\u021biei (\u201eMDLPA\u201d), \u00een termen de 30 de zile de la data aprob\u0103rii prezentului Memorandum.<br \/>\nb) Modificarea \u0219i\/sau completarea actelor normative identificate de MDLPA conform pct. a), care s\u0103 permit\u0103 ca societatea absorbant\u0103 sau, dup\u0103 caz, noua societate rezultat\u0103 din procedura de fuziune s\u0103 poat\u0103 continua, dup\u0103 finalizarea procedurii de fuziune, prestarea serviciului public de alimentare cu energie termic\u0103 \u00een Municipiul Bucure\u0219ti. Termenul propus pentru realizarea acestui obiectiv este de 60 de zile de la data finaliz\u0103rii etapei prev\u0103zute la pct. a).<br \/>\nc)Transmiterea de c\u0103tre Ministerul Energiei a unei solicit\u0103ri, c\u0103tre Primarul General al Municipiului Bucure\u0219ti, pentru exprimarea unui punct de vedere si a unui\u00a0 acord de principiu (neangajant) pentru realizarea fuziunii dintre ELCEN \u0219i CMTEB \u00een vederea realiz\u0103rii serviciului public de alimentare cu energie termica prin sistem de alimentare centralizat\u0103 cu energie termic\u0103 integrat (SACET) \u00een Municipiul Bucure\u015fti.<\/em><\/strong><\/p>\n<p><strong><em>Fuziunea se va realiza\u00a0 cu condi\u021bia ca, la data fuziunii, toate crean\u021bele ELCEN de\u021binute \u00eempotriva C.M.T.E.B. s\u0103 fie achitate.<\/em><\/strong><\/p>\n<h3><strong><em>V\u0103 propunem o dezbatere pe aceast\u0103 tem\u0103!<\/em><\/strong><\/h3>\n<p><strong><em><u>Invitati:<\/u><\/em><\/strong><\/p>\n<ul>\n<li><em>Reprezentanti ai asociatiilor de proprietari din Bucuresti; Reprezentanti ai Serviciilor pentru Asociatiile de Proprietari din cadrul Primariilor de Sector; Reprezentanti ai Ministerului Energiei, TERMOENERGETICA, ELCEN, PMB, CGMB, ANRE, <\/em><em>PARLAMENTARI<\/em><em>; Specialisti in domeniu;<\/em><\/li>\n<\/ul>\n<p><span style=\"color: #ff0000;\"><strong><em>Ne face o deosebit\u0103 pl\u0103cere de a v\u0103 invita la acesta Dezbatere!<\/em><\/strong><\/span><\/p>\n<p><em>Sprijinul dumneavoastr\u0103, participarea speciali\u0219tilor delega\u021bi sunt factori ce contribuie la succesul acestei ac\u021biuni.<\/em><\/p>\n<p><strong><em>V\u0103 rug\u0103m s\u0103 confirma\u021bi participarea \u00een cel mai scurt timp posibil. Participarea va fi posibil\u0103 \u00een limita locurilor disponibile \u0219i \u00een ordinea confirm\u0103rii.<\/em><\/strong><\/p>\n<p><span style=\"color: #ff0000;\"><strong><em>Pentru \u00eenscriere sau pentru informa\u021bii suplimentare: MIHAI MEREU<\/em><\/strong><strong><em>\u0162\u0102<\/em><\/strong><strong><em> &#8211; 0744.751.416; <\/em><\/strong><strong><em><a style=\"color: #ff0000;\" href=\"mailto:mihai.mereuta.ro@gmail.com\">mihai.mereuta.ro@gmail.com<\/a>;<\/em><\/strong><\/span><\/p>\n<p><strong><em>Agenda provizorie<\/em><\/strong><\/p>\n<p><em>10.45 \u2013 11.00 &#8211; \u00eenregistrarea participan\u021bilor<br \/>\n<\/em><em>11.00 \u2013 11.15\u2013 deschiderea dezbaterii<br \/>\n<\/em><em>11.15 \u2013 12.00 &#8211; prezent\u0103ri ale invita\u021bilor &#8211;<strong>Ministerul energiei,<\/strong> <strong>ELCEN, TERMOENERGETICA, Primaria municipiului bucuresti, CGMB, ADITBI PARLAMENTARI bucuresti, anre, Expert forum, PRESTATORI \u2013 REPARTIZARE, PRIMARII SECTOR, COGEN \u2013 VASILE MUNTENITA, SPECIALISTI<br \/>\n<\/strong><\/em><em>12.00 \u2013 12.45 &#8211; interven\u021bii ale mass-media, interven\u021bii ale membrilor \u0219i reprezentan\u021bilor asocia\u021biilor de proprietari<br \/>\n<\/em><em>12.45 \u2013 13.00 &#8211; concluzii<\/em><\/p>\n<p><em>V\u0103 dorim <strong>succes<\/strong> \u00een activitatea pe care o desf\u0103sura\u021bi, v\u0103 mul\u021bumim pentru colaborare si sprijin \u0219i v\u0103 asigur\u0103m de \u00eentreaga noastr\u0103 considera\u021bie.<\/em><\/p>\n<p>Detalii loca\u021bie, aici: \u00a0<em>ELCEN (Splaiul Independentei nr 229, sector 6, Sala Groz\u0103ve\u0219ti, ultimul etaj, pe partea st\u00e2ng\u0103).<\/em><br \/>\n<iframe loading=\"lazy\" style=\"border: 0;\" src=\"https:\/\/www.google.com\/maps\/embed?pb=!1m17!1m12!1m3!1d2848.5880846599293!2d26.063638899999994!3d44.44161109999999!2m3!1f0!2f0!3f0!3m2!1i1024!2i768!4f13.1!3m2!1m1!2zNDTCsDI2JzI5LjgiTiAyNsKwMDMnNDkuMSJF!5e0!3m2!1sen!2sro!4v1708062967475!5m2!1sen!2sro\" width=\"600\" height=\"450\" allowfullscreen=\"allowfullscreen\"><\/iframe><\/p>\n","protected":false},"excerpt":{"rendered":"<p>Stimat\u0103 doamn\u0103, Stimate domnule, \u00cen cadrul dezbaterilor complet gratuite adresate membrilor \u0219i reprezentan\u021bilor asocia\u021biilor de proprietari, joi, 22.02.2024, ora 11.00, sala ELCEN (Splaiul Independentei nr 229, sector 6, Sala Groz\u0103ve\u0219ti, ultimul etaj, pe partea st\u00e2ng\u0103).Liga Na\u021bional\u0103 a Asocia\u021biilor de Proprietari Habitat \u00een colaborarea cu Asocia\u021bia Rom\u00e2n\u0103 pentru Locuin\u021be Casa Plus, cu sprijinul Electrocentrale Bucuresti, organizeaz\u0103 [&hellip;]<\/p>\n","protected":false},"author":3,"featured_media":0,"comment_status":"closed","ping_status":"open","sticky":false,"template":"","format":"standard","meta":{"footnotes":""},"categories":[1],"tags":[],"class_list":["post-3323","post","type-post","status-publish","format-standard","hentry","category-noutati"],"_links":{"self":[{"href":"https:\/\/www.habitaturban.ro\/index.php?rest_route=\/wp\/v2\/posts\/3323","targetHints":{"allow":["GET"]}}],"collection":[{"href":"https:\/\/www.habitaturban.ro\/index.php?rest_route=\/wp\/v2\/posts"}],"about":[{"href":"https:\/\/www.habitaturban.ro\/index.php?rest_route=\/wp\/v2\/types\/post"}],"author":[{"embeddable":true,"href":"https:\/\/www.habitaturban.ro\/index.php?rest_route=\/wp\/v2\/users\/3"}],"replies":[{"embeddable":true,"href":"https:\/\/www.habitaturban.ro\/index.php?rest_route=%2Fwp%2Fv2%2Fcomments&post=3323"}],"version-history":[{"count":2,"href":"https:\/\/www.habitaturban.ro\/index.php?rest_route=\/wp\/v2\/posts\/3323\/revisions"}],"predecessor-version":[{"id":3325,"href":"https:\/\/www.habitaturban.ro\/index.php?rest_route=\/wp\/v2\/posts\/3323\/revisions\/3325"}],"wp:attachment":[{"href":"https:\/\/www.habitaturban.ro\/index.php?rest_route=%2Fwp%2Fv2%2Fmedia&parent=3323"}],"wp:term":[{"taxonomy":"category","embeddable":true,"href":"https:\/\/www.habitaturban.ro\/index.php?rest_route=%2Fwp%2Fv2%2Fcategories&post=3323"},{"taxonomy":"post_tag","embeddable":true,"href":"https:\/\/www.habitaturban.ro\/index.php?rest_route=%2Fwp%2Fv2%2Ftags&post=3323"}],"curies":[{"name":"wp","href":"https:\/\/api.w.org\/{rel}","templated":true}]}}