{"id":3389,"date":"2024-05-21T20:01:03","date_gmt":"2024-05-21T18:01:03","guid":{"rendered":"https:\/\/www.habitaturban.ro\/?p=3389"},"modified":"2024-05-21T20:02:11","modified_gmt":"2024-05-21T18:02:11","slug":"conferinta-politici-europene-in-domeniul-locuirii-perspective-europene-realitati-locale","status":"publish","type":"post","link":"https:\/\/www.habitaturban.ro\/?p=3389","title":{"rendered":"Conferin\u0163a: Politici Europene \u00een domeniul Locuirii Perspective Europene \u2013 Realit\u0103\u021bi Locale"},"content":{"rendered":"<p><em>Vineri, <strong>24 mai<\/strong>, ora <strong>09.00<\/strong>, la Bucure\u0219ti, hotel <strong>My Continental <\/strong>(fost Ibis Nord<strong>, <\/strong><strong>Calea Grivi\u021bei nr.143, sector 1, Bucure\u0219ti<\/strong><strong>, <\/strong><strong>\u00ee<\/strong>n proximitatea G\u0103rii de Nord), sala Enescu, <strong>Liga Na\u021bional\u0103 a Asocia\u021biilor de Proprietari Habitat <\/strong>cu sprijinul <strong>Asocia\u021biei Rom\u00e2ne pentru Locuin\u021be Casa Plus, <\/strong>organizeaz\u0103<strong> Conferin\u021ba na\u021bional\u0103 a asocia\u021biilor de proprietari. Tema <\/strong>din acest an<strong> Politici europene \u00een domeniul locuirii &#8211; <\/strong><\/em><strong><em>Perspective Europene \u2013 Realit\u0103\u021bi Locale<\/em><\/strong><strong><em>. <\/em><\/strong><\/p>\n<p><em>Sunt invita\u021bi reprezentanti ai asociatiilor de proprietari, specialisti, reprezentanti ai autorit\u0103\u021bilor, <strong>candida\u021bi la alegerile pentru Parlamentul European. <\/strong><\/em><strong><em>Dezbaterea nu are caracter electoral.<\/em><\/strong> <em>Dorim s\u0103 aducem \u00een aten\u021bia viitorilor membri ai Parlamentului European teme propuse de c\u0103tre membrii \u0219i reprezentan\u021bii asocia\u021biilor de proprietari.<\/em><\/p>\n<p><strong><em>Dezbaterile vor viza <\/em><\/strong><\/p>\n<p>&nbsp;<\/p>\n<table width=\"100%\">\n<tbody>\n<tr>\n<td width=\"52%\">\n<ul>\n<li><em>Locuin\u021be \u00een siguran\u021b\u0103 <\/em><\/li>\n<\/ul>\n<\/td>\n<td width=\"48%\"><strong><em>\u2013 <\/em><\/strong><em>invitati reprezentan\u021bi ai<\/em> <strong><em>&#8211; INSPECTORATUL GENERAL AL POLI\u0162IEI ROM\u00c2NE PRIN INSTITUTUL PENTRU CERCETAREA \u015eI PREVENIREA CRIMINALIT\u0102\u0162II (IGPR-ICPC)<\/em><\/strong><\/p>\n<ul>\n<li><em>AURELIAN BOCAN \u2013 COMISAR SEF DE POLITIE<\/em><\/li>\n<li><em>SORIN STANICA \u2013 COMISAR SEF DE POLITIE<\/em><\/li>\n<\/ul>\n<\/td>\n<\/tr>\n<tr>\n<td>\n<ul>\n<li><em>Asigurarea locuintelor <\/em><\/li>\n<\/ul>\n<\/td>\n<td><em>\u2013 invitati reprezentan\u021bi ai<\/em> <strong><em>\u2013 ALINA BARBULESCU &#8211; UNSAR<\/em><\/strong><\/td>\n<\/tr>\n<tr>\n<td>\n<ul>\n<li><strong><em>Politici europene cu impact \u00een domeniul locuirii <\/em><\/strong>\n<ul>\n<li><strong><em>Eficien\u021ba energetic\u0103 \/ <\/em><\/strong><em>reducerea s\u0103raciei energetice \/ valul renov\u0103rii<\/em><\/li>\n<li><em>Apropierea Europei de cet\u0103\u021beni din perspectiva ora\u0219elor \u0219i regiunilor sale <\/em><\/li>\n<li><em>Programe europene ce se adreseaz\u0103 problemelor legate de dezvoltarea durabil\u0103 a zonelor urbane: mediu \u0219i eficien\u021b\u0103 energetic\u0103, transport urban, locuin\u021be, aspecte sociale (excluziune social\u0103, \u00eemb\u0103tr\u00e2nire a popula\u021biei), servicii publice de interes general, finan\u021bele publice locale,<\/em><\/li>\n<\/ul>\n<\/li>\n<li><em>Experien\u021be ale administra\u021biei publice locale \u00een accesarea programelor \/ finan\u021b\u0103rilor europene \u00een domeniul locuirii \u2013 primari \/ consilieri locali \/ speciali\u0219ti<\/em><\/li>\n<li><em>Programele na\u021bionale \u00een domeniul locuin\u021belor (reabilitare termic\u0103, consolidare) <\/em><\/li>\n<\/ul>\n<p>\u00b7\u00a0\u00a0\u00a0\u00a0\u00a0\u00a0\u00a0\u00a0 <em>Parteneriatul \u0219i participare membrilor \u0219i reprezentan\u021bilor asocia\u021biilor de proprietari \u00een aplicarea programelor \u00een domeniul serviciilor publice, eficien\u021bei energetice, locuitului &#8211; reprezentan\u021bi ai asocia\u021biilor de proprietari<\/em><\/p>\n<ul>\n<li><em>\u00cembun\u0103t\u0103\u021birea cadrului legal ce guverneaz\u0103 organizarea \u0219i func\u021bionarea asocia\u021biilor de proprietari. Legea nr. 196\/2018 privind \u00eenfiin\u0163area, organizarea \u015fi func\u0163ionarea asocia\u0163iilor de proprietari \u015fi administrarea condominiilor <\/em><\/li>\n<\/ul>\n<\/td>\n<td><em>\u2013 invitati Parlamentari \/ Candida\u021bi Parlamentul European, reprezentan\u021bi ai MDLPA, reprezentan\u021bi ai asocia\u021biilor de proprietari<\/em><\/p>\n<ul>\n<li><strong><em>SILVIA DINICA \u2013 SENATOR<\/em><\/strong><\/li>\n<li><strong><em>SEBASTIAN BURDUJA &#8211; MINISTRUL ENERGIEI<\/em><\/strong><\/li>\n<li><strong><em>IONUT STROE \u2013 DEPUTAT<\/em><\/strong><\/li>\n<li><strong><em>ANTONEL TANASE &#8211; DEPUTAT<\/em><\/strong><\/li>\n<li><strong><em>ANDREI CRECI \u2013 DIRECTOR ADITBI<\/em><\/strong><\/li>\n<li><strong><em>CATALIN DEACONESCU &#8211; CGMB<\/em><\/strong><\/li>\n<li><strong><em>ALIN APOSTOL \u2013 DEPUTAT<\/em><\/strong><\/li>\n<li><strong><em>CATALIN BUCIUMEANU<\/em><\/strong><\/li>\n<li><strong><em>MARIA PETRESCU \u2013 PS2<\/em><\/strong><\/li>\n<li><strong><em>PETRU OLARIU \u2013 FAL TIMISOARA<\/em><\/strong><\/li>\n<li><strong><em>ANCA HERBEI \u2013 ULAL ARAD<\/em><\/strong><\/li>\n<li><strong><em>SORIN MUNTEAN \u2013 FAP CLUJ<\/em><\/strong><\/li>\n<li><strong><em>VIOREL OLTEANU \u2013 AAP PRAHOVA<\/em><\/strong><\/li>\n<li><strong><em>EUGENIU MOCANU \u2013 HABITAT TURNU MAGURELE<\/em><\/strong><\/li>\n<li><strong><em>RADU DUMITRESCU \u2013 CASA PLUS<\/em><\/strong><\/li>\n<li><strong><em>GELU PUSCAS \u2013 ADMINISTRARE.RO<\/em><\/strong><\/li>\n<li><strong><em>ADAM GRECU \u2013 GAP IASI<\/em><\/strong><\/li>\n<li><strong><em>DORINA LUPSE \u2013 ARAD<\/em><\/strong><\/li>\n<li><strong><em>DANIELA MARIN \u2013 FAP BRAILA<\/em><\/strong><\/li>\n<li><strong><em>MAXIM VASILE \u2013 LAP BACAU<\/em><\/strong><\/li>\n<li><strong><em>ILIE PREDA \u2013 UAP DOLJ<\/em><\/strong><\/li>\n<li><strong><em>ALEXANDRU TIU \u2013 HABITAT<\/em><\/strong><\/li>\n<li><strong><em>VASILE CERGHIZAN \u2013 LAP MURES<\/em><\/strong><\/li>\n<\/ul>\n<p><strong><em>\u00a0<\/em><\/strong><\/td>\n<\/tr>\n<tr>\n<td>\n<ul>\n<li><em>P<\/em><em>rezent\u0103ri ale partenerilor <\/em><\/li>\n<\/ul>\n<\/td>\n<td>\n<ul>\n<li><em>CONSTRUC\u021aII ERBA\u0218U, <\/em><\/li>\n<li><em>ista rom\u00e2nia, <\/em><\/li>\n<li><em>smart eco PLUS \/ Elsaco<\/em><\/li>\n<\/ul>\n<\/td>\n<\/tr>\n<tr>\n<td>\n<ul>\n<li><em>Concluzii, \u00eenchiderea Conferin\u021bei<\/em><\/li>\n<\/ul>\n<\/td>\n<td><em>\u00a0<\/em><\/td>\n<\/tr>\n<\/tbody>\n<\/table>\n<p><strong><em>\u00a0<\/em><\/strong><\/p>\n<p><strong><em>Ne face o deosebit\u0103 pl\u0103cere de a v\u0103 invita la acest\u0103 Conferin\u021b\u0103!<\/em><\/strong><\/p>\n<p><em>Sprijinul dumneavoastr\u0103, participarea speciali\u0219tilor delega\u021bi sunt factori ce vor contribui la succesul acestei ac\u021biuni.<\/em><\/p>\n<p><strong><em>Num\u0103r limitat de locuri. V\u0103 rug\u0103m s\u0103 confirma\u021bi participarea. <\/em><\/strong><\/p>\n<p><strong><em>Pentru \u00eenscriere sau pentru informa\u021bii suplimentare: <\/em><\/strong><\/p>\n<ul>\n<li><strong><em>MIHAI MEREU<\/em><\/strong><strong><em>\u0162\u0102<\/em><\/strong><strong><em> &#8211; 0744.751.416; <\/em><\/strong><strong><em><a href=\"mailto:mihai.mereuta@habitaturban.ro\">mihai.mereuta@habitaturban.ro<\/a><\/em><\/strong><\/li>\n<li><strong><em>Daniela Florina Hu\u021ban \u2013 0763.525.845<\/em><\/strong><strong><em>;<\/em><\/strong><strong><em> dana.hutan@habitaturban.ro;<\/em><\/strong><\/li>\n<\/ul>\n<p><em>Va dorim <strong>succes<\/strong> in activitatea pe care o desfasurati, va multumim pentru colaborare si sprijin si va asiguram de intreaga noastra consideratie.<\/em><\/p>\n<p>&nbsp;<\/p>\n<h2 align=\"center\"><strong>Mihai Mereuta<\/strong><\/h2>\n<p align=\"center\"><strong>Presedinte<\/strong><\/p>\n<table border=\"0\" width=\"100%\" cellspacing=\"0\" cellpadding=\"0\">\n<tbody>\n<tr>\n<td style=\"border: none;\" align=\"center\" valign=\"top\" width=\"50%\">\n<p align=\"center\"><strong><em>LIGA ASOCIA\u0162IILOR DE PROPRIETARI<\/em><\/strong><br \/>\n<strong><em>HABITAT<\/em><\/strong><\/p>\n<\/td>\n<td style=\"border: none;\" align=\"center\" valign=\"top\" width=\"50%\">\n<p align=\"center\"><strong><em>ASOCIA<\/em><\/strong><strong><em>\u0162<\/em><\/strong><strong><em>IA ROM<\/em><\/strong><strong><em>\u00c2<\/em><\/strong><strong><em>N<\/em><\/strong><strong><em>\u0102<\/em><\/strong><strong><em>\u00a0PENTRU LOCUIN<\/em><\/strong><strong><em>\u0162<\/em><\/strong><strong><em>E<\/em><\/strong><br \/>\n<strong><em>CASA PLUS<\/em><\/strong><\/p>\n<\/td>\n<\/tr>\n<\/tbody>\n<\/table>\n","protected":false},"excerpt":{"rendered":"<p>Vineri, 24 mai, ora 09.00, la Bucure\u0219ti, hotel My Continental (fost Ibis Nord, Calea Grivi\u021bei nr.143, sector 1, Bucure\u0219ti, \u00een proximitatea G\u0103rii de Nord), sala Enescu, Liga Na\u021bional\u0103 a Asocia\u021biilor de Proprietari Habitat cu sprijinul Asocia\u021biei Rom\u00e2ne pentru Locuin\u021be Casa Plus, organizeaz\u0103 Conferin\u021ba na\u021bional\u0103 a asocia\u021biilor de proprietari. Tema din acest an Politici europene \u00een [&hellip;]<\/p>\n","protected":false},"author":3,"featured_media":0,"comment_status":"closed","ping_status":"open","sticky":false,"template":"","format":"standard","meta":{"footnotes":""},"categories":[1],"tags":[],"class_list":["post-3389","post","type-post","status-publish","format-standard","hentry","category-noutati"],"_links":{"self":[{"href":"https:\/\/www.habitaturban.ro\/index.php?rest_route=\/wp\/v2\/posts\/3389","targetHints":{"allow":["GET"]}}],"collection":[{"href":"https:\/\/www.habitaturban.ro\/index.php?rest_route=\/wp\/v2\/posts"}],"about":[{"href":"https:\/\/www.habitaturban.ro\/index.php?rest_route=\/wp\/v2\/types\/post"}],"author":[{"embeddable":true,"href":"https:\/\/www.habitaturban.ro\/index.php?rest_route=\/wp\/v2\/users\/3"}],"replies":[{"embeddable":true,"href":"https:\/\/www.habitaturban.ro\/index.php?rest_route=%2Fwp%2Fv2%2Fcomments&post=3389"}],"version-history":[{"count":2,"href":"https:\/\/www.habitaturban.ro\/index.php?rest_route=\/wp\/v2\/posts\/3389\/revisions"}],"predecessor-version":[{"id":3391,"href":"https:\/\/www.habitaturban.ro\/index.php?rest_route=\/wp\/v2\/posts\/3389\/revisions\/3391"}],"wp:attachment":[{"href":"https:\/\/www.habitaturban.ro\/index.php?rest_route=%2Fwp%2Fv2%2Fmedia&parent=3389"}],"wp:term":[{"taxonomy":"category","embeddable":true,"href":"https:\/\/www.habitaturban.ro\/index.php?rest_route=%2Fwp%2Fv2%2Fcategories&post=3389"},{"taxonomy":"post_tag","embeddable":true,"href":"https:\/\/www.habitaturban.ro\/index.php?rest_route=%2Fwp%2Fv2%2Ftags&post=3389"}],"curies":[{"name":"wp","href":"https:\/\/api.w.org\/{rel}","templated":true}]}}