{"id":3418,"date":"2024-08-15T16:17:00","date_gmt":"2024-08-15T14:17:00","guid":{"rendered":"https:\/\/www.habitaturban.ro\/?p=3418"},"modified":"2024-08-17T16:18:11","modified_gmt":"2024-08-17T14:18:11","slug":"totul-despre-presedinte-la-asociatiile-de-proprietari-obligatii-atributii-griji","status":"publish","type":"post","link":"https:\/\/www.habitaturban.ro\/?p=3418","title":{"rendered":"TOTUL DESPRE PRE\u0218EDINTE &#8230; LA ASOCIA\u021aIILE DE PROPRIETARI OBLIGA\u021aII \/ ATRIBU\u021aII\/ GRIJI"},"content":{"rendered":"<p><em>\u00cen cadrul dezbaterilor adresate membrilor \u0219i reprezentan\u021bilor asocia\u021biilor de proprietari, <strong>joi,<\/strong> <strong><u>22.08.2024<\/u><\/strong>, ora <strong>17.00<\/strong>, Liga Na\u021bional\u0103 a Asocia\u021biilor de Proprietari Habitat \u00een colaborarea cu Asocia\u021bia Rom\u00e2n\u0103 pentru Locuin\u021be Casa Plus, cu participarea <strong>domnului <\/strong><\/em><strong><em>avocat Gelu Pu\u0219ca\u0219<\/em><\/strong><em>, organizeaz\u0103 webinarul cu tema<\/em><em>: <\/em><strong><em>TOTUL DESPRE PRE\u0218EDINTE &#8230; <\/em><\/strong><strong><em>LA ASOCIA\u021aIILE DE PROPRIETARI &#8211;<\/em><\/strong><strong><em>OBLIGA\u021aII \/ ATRIBU\u021aII\/ GRIJI<\/em><\/strong><strong><em>!<\/em><\/strong><\/p>\n<p><em>Evenimentul are loc <strong>online<\/strong> prin intermediul aplica\u021biei <strong>Zoom<\/strong>.<\/em><em>Participan\u021bii sunt ruga\u021bi s\u0103 \u00ee\u0219i confirme participarea la adresa de e-mail <strong><a href=\"mailto:mihai.mereuta@habitaturban.ro\">mihai.mereuta@habitaturban.ro<\/a> sau whatsapp la 0744.751.416.<\/strong> <strong>Link-ul<\/strong> de acces pentru eveniment va fi trimis prin e-mailul de confirmare a \u00eenregistr\u0103rii sau pe whatsapp. <\/em><\/p>\n<p><em>Participarea este <strong>gratuit\u0103<\/strong>, \u00een limita a 100 de persoane. \u00cent\u00e2lnirea se adreseaz\u0103, cu prioritate, membrilor \u0219i reprezentan\u021bilor asocia\u021biilor de proprietari colaboratori ai Ligii Asocia\u021biilor de Proprietari Habitat \/ Asocia\u021biei Rom\u00e2ne pentru Locuin\u021be Casa Plus (autorit\u0103\u021bi, furnizori de servicii, speciali\u0219ti, asocia\u021bii de proprietari \/ ONG \/ proprietari). <\/em><\/p>\n<p><strong><em>Teme propuse<\/em><\/strong><\/p>\n<ul>\n<li><strong><em>Pre\u0219edintele asocia\u021biei de proprietari \u2013 atribu\u021bii, obliga\u021bii, griji.<\/em><\/strong><\/li>\n<li><strong><em>Prezentarea c\u0103r\u021bii \u201cPRE\u0218EDINTELE ASOCIA\u021aIEI DE PROPRIETARI\u201d autor avocat Gelu Pu\u0219ca\u0219<\/em><\/strong><\/li>\n<\/ul>\n<p><em>Dup\u0103 o munc\u0103 sus\u021binut\u0103, cea de a patra carte dedicat\u0103 asocia\u021biilor de proprietari\u00a0 a plecat spre editur\u0103. Autor Gelu Pu\u0219ca\u0219. O carte dedicat\u0103 pre\u0219edin\u021bilor asocia\u021biilor de proprietari dar \u0219i tuturor celor care doresc s\u0103 cunoasc\u0103 drepturile \u0219i obliga\u021biile, limitele \u0219i procedurile \u00een care trebuie s\u0103-\u0219i desf\u0103\u0219oare activitatea reprezentantul legal al asocia\u021biei. O carte \u00eemp\u0103r\u021bit\u0103 de autor \u00een dou\u0103: partea teoretic\u0103 \u0219i partea practic\u0103. Modele acte, modele cereri, procedura complet\u0103 de convocare a adun\u0103rii generale etc \u0219i practic\u0103 judiciar\u0103 pentru a se putea observa \u0219i interpretarea instan\u021belor de judecat\u0103. \u00cen cele peste 400 de pagini, autorul trateaz\u0103 aspecte care \u021bin de modul \u00een care se consemneaz\u0103 alegerea pre\u0219edintelui, \u00eenregistrarea calit\u0103\u021bii la instan\u021ba competent\u0103, obliga\u021biile \u0219i responsabilit\u0103\u021bile pre\u0219edinteluui, posibilit\u0103\u021bile \u0219i r\u0103spunderea pre\u0219edintelui. O aten\u021bie aparte a fost acordat\u0103 procedurilor astfel \u00eenc\u00e2t s\u0103 fie eliminate pe c\u00e2t posibil vulnerabilit\u0103\u021bile \u00een activitatea pre\u0219edintelui.\u00a0 Va ap\u0103rea la v\u00e2nzare \u00een luna septembrie 2024.<\/em><\/p>\n<ul>\n<li><strong><em>Obliga\u021biile pre\u0219edintelui <\/em><\/strong><strong><em>cu privire la FISCaLITATE \/ contabilitate<\/em><\/strong><strong><em>; &#8211; economist Doina Colceriu<\/em><\/strong><\/li>\n<\/ul>\n<p>&nbsp;<\/p>\n<p><strong><em>Invita\u021bi:<\/em><\/strong><\/p>\n<ul>\n<li><em>Reprezentan\u021bi ai asocia\u021biilor de proprietarii, <\/em><strong><em>furnizorilor de servicii, prim\u0103rii<\/em><\/strong><em>;<\/em><\/li>\n<li><em>Domnul avocat Gelu Pu\u0219ca\u0219<\/em><\/li>\n<li><em>doamna economist Doina Colceriu<\/em><\/li>\n<\/ul>\n<p><strong><em>\u00a0<\/em><\/strong><\/p>\n<p><strong><em>Agenda provizorie<\/em><\/strong><\/p>\n<p><em>16.45 &#8211; 17.00 &#8211; \u00eenregistrarea participan\u021bilor<br \/>\n<\/em><em>17.00 &#8211; 18.00 &#8211; prezent\u0103ri ale invita\u021bilor<br \/>\n<\/em><em>18.00 \u2013 18.45 &#8211; interven\u021bii ale membrilor \u0219i reprezentan\u021bilor asocia\u021biilor de proprietari<br \/>\n<\/em><em>18.45 &#8211; 19.00 &#8211; concluzii<\/em><\/p>\n<p>&nbsp;<\/p>\n<p><strong><em>Ne face o deosebit\u0103 pl\u0103cere de a v\u0103 invita la acest webinar!<\/em><\/strong><\/p>\n<p><em>Sprijinul dumneavoastr\u0103, participarea speciali\u0219tilor delega\u021bi sunt factori ce contribuie la succesul acestei ac\u021biuni. <strong>Num\u0103r limitat de locuri. V\u0103 rug\u0103m s\u0103 confirma\u021bi participarea p\u00e2n\u0103 \u00een data de 20 august. <\/strong><\/em><\/p>\n<p><strong><em>Mul\u021bumindu-v\u0103 anticipat pentru participare, colaborare \u0219i sprijin, v\u0103 asigur de deplina mea considera\u021bie!<\/em><\/strong><\/p>\n<h2 align=\"center\"><strong>Mihai Mereuta<\/strong><\/h2>\n<p align=\"center\"><strong>Presedinte<\/strong><\/p>\n<table border=\"0\" width=\"100%\" cellspacing=\"0\" cellpadding=\"0\">\n<tbody>\n<tr>\n<td style=\"border: none;\" align=\"center\" valign=\"top\" width=\"50%\">\n<p align=\"center\"><strong><em>LIGA ASOCIA\u0162IILOR DE PROPRIETARI<\/em><\/strong><br \/>\n<strong><em>HABITAT<\/em><\/strong><\/p>\n<\/td>\n<td style=\"border: none;\" align=\"center\" valign=\"top\" width=\"50%\">\n<p align=\"center\"><strong><em>ASOCIA<\/em><\/strong><strong><em>\u0162<\/em><\/strong><strong><em>IA ROM<\/em><\/strong><strong><em>\u00c2<\/em><\/strong><strong><em>N<\/em><\/strong><strong><em>\u0102<\/em><\/strong><strong><em>\u00a0PENTRU LOCUIN<\/em><\/strong><strong><em>\u0162<\/em><\/strong><strong><em>E<\/em><\/strong><br \/>\n<strong><em>CASA PLUS<\/em><\/strong><\/p>\n<\/td>\n<\/tr>\n<\/tbody>\n<\/table>\n","protected":false},"excerpt":{"rendered":"<p>\u00cen cadrul dezbaterilor adresate membrilor \u0219i reprezentan\u021bilor asocia\u021biilor de proprietari, joi, 22.08.2024, ora 17.00, Liga Na\u021bional\u0103 a Asocia\u021biilor de Proprietari Habitat \u00een colaborarea cu Asocia\u021bia Rom\u00e2n\u0103 pentru Locuin\u021be Casa Plus, cu participarea domnului avocat Gelu Pu\u0219ca\u0219, organizeaz\u0103 webinarul cu tema: TOTUL DESPRE PRE\u0218EDINTE &#8230; LA ASOCIA\u021aIILE DE PROPRIETARI &#8211;OBLIGA\u021aII \/ ATRIBU\u021aII\/ GRIJI! Evenimentul are loc [&hellip;]<\/p>\n","protected":false},"author":3,"featured_media":0,"comment_status":"closed","ping_status":"open","sticky":false,"template":"","format":"standard","meta":{"footnotes":""},"categories":[1],"tags":[],"class_list":["post-3418","post","type-post","status-publish","format-standard","hentry","category-noutati"],"_links":{"self":[{"href":"https:\/\/www.habitaturban.ro\/index.php?rest_route=\/wp\/v2\/posts\/3418","targetHints":{"allow":["GET"]}}],"collection":[{"href":"https:\/\/www.habitaturban.ro\/index.php?rest_route=\/wp\/v2\/posts"}],"about":[{"href":"https:\/\/www.habitaturban.ro\/index.php?rest_route=\/wp\/v2\/types\/post"}],"author":[{"embeddable":true,"href":"https:\/\/www.habitaturban.ro\/index.php?rest_route=\/wp\/v2\/users\/3"}],"replies":[{"embeddable":true,"href":"https:\/\/www.habitaturban.ro\/index.php?rest_route=%2Fwp%2Fv2%2Fcomments&post=3418"}],"version-history":[{"count":1,"href":"https:\/\/www.habitaturban.ro\/index.php?rest_route=\/wp\/v2\/posts\/3418\/revisions"}],"predecessor-version":[{"id":3419,"href":"https:\/\/www.habitaturban.ro\/index.php?rest_route=\/wp\/v2\/posts\/3418\/revisions\/3419"}],"wp:attachment":[{"href":"https:\/\/www.habitaturban.ro\/index.php?rest_route=%2Fwp%2Fv2%2Fmedia&parent=3418"}],"wp:term":[{"taxonomy":"category","embeddable":true,"href":"https:\/\/www.habitaturban.ro\/index.php?rest_route=%2Fwp%2Fv2%2Fcategories&post=3418"},{"taxonomy":"post_tag","embeddable":true,"href":"https:\/\/www.habitaturban.ro\/index.php?rest_route=%2Fwp%2Fv2%2Ftags&post=3418"}],"curies":[{"name":"wp","href":"https:\/\/api.w.org\/{rel}","templated":true}]}}