{"id":3449,"date":"2024-10-26T10:26:28","date_gmt":"2024-10-26T08:26:28","guid":{"rendered":"https:\/\/www.habitaturban.ro\/?p=3449"},"modified":"2024-10-26T10:26:28","modified_gmt":"2024-10-26T08:26:28","slug":"invitatie-dezbatere-incalzirea-locuintei-cu-energie-termica-in-sistem-centralizat","status":"publish","type":"post","link":"https:\/\/www.habitaturban.ro\/?p=3449","title":{"rendered":"INVITA\u021aIE: Dezbatere \u00cenc\u0103lzirea locuin\u021bei cu energie termic\u0103 \u00een sistem centralizat"},"content":{"rendered":"<p><em>\u00cen cadrul dezbaterilor complet gratuite adresate membrilor \u0219i reprezentan\u021bilor asocia\u021biilor de proprietari, <\/em><strong><em>miercuri,<\/em><\/strong><em> <strong><u>30.octombrie.2024<\/u><\/strong><\/em><em>, <\/em><em>ora <strong>17.00<\/strong>, online<\/em><em> \u2013 platforma <\/em><em>Zoom<\/em><em>, Liga Na\u021bional\u0103 a Asocia\u021biilor de Proprietari Habitat \/ Asocia\u021bia Casa Plus, organizeaz\u0103 dezbaterea av\u00e2nd ca tem\u0103<\/em><em>: <\/em><strong><em>\u00cenc\u0103lzirea locuin\u021bei cu energie termic\u0103 \u00een sistem centralizat noiembrie 2024 \u2013 martie 2025<\/em><\/strong><\/p>\n<p><strong><u>Dezbaterile\u00a0 vor viza:<\/u><\/strong><\/p>\n<ul>\n<li><strong><em>Starea SACET<\/em><\/strong><strong><em> \u2013 sezonul de \u00eenc\u0103lzire noiembrie 2024 \u2013 martie 2025 <\/em><\/strong><\/li>\n<li><strong><em>Se va modifica <\/em><\/strong><strong><em>pre\u021bul la consumatori<\/em><\/strong><strong><em>?<\/em><\/strong><\/li>\n<li><strong><em>Se va modifica <\/em><\/strong><strong><em>TVA- ul<\/em><\/strong><strong><em>?<\/em><\/strong><\/li>\n<li><em>\u00cen imobilele de tip condominiu racordate la sistemul de alimentare centralizat\u0103 cu energie termic\u0103 \u00een sistem de distribu\u0163ie orizontal\u0103 este obligatorie montarea sistemelor de m\u0103surare p\u00e2n\u0103 <strong>la <\/strong><\/em><strong><em>31 decembrie 2024<\/em><\/strong><em> pentru individualizarea consumurilor de energie pentru \u00eenc\u0103lzire\/r\u0103cire \u015fi ap\u0103 cald\u0103 la nivelul fiec\u0103rui apartament sau spa\u0163iu cu alt\u0103 destina\u0163ie dec\u00e2t cea de locuit. Legea eficientei energetice 121\/2014 <strong>Se va respecta termenul anul acesta?<\/strong><\/em><\/li>\n<li><em>Iarna aceasta se aplic\u0103 o nou\u0103 norm\u0103 pentru repartizarea consumurilor de energie termic\u0103 \u00eentre consumatorii din imobilele de tip condominiu, \u00een cazul folosirii sistemelor de repartizare a costurilor pentru \u00eenc\u0103lzire \u015fi ap\u0103 cald\u0103 de consum<\/em><em> (Ordinul ANRE nr. 7\/2024).<strong> S<\/strong><\/em><strong><em>unt preg\u0103ti\u021bi operatorii \/ consumatorii?<\/em><\/strong><\/li>\n<li><em>Guvernul a aprobat in data de 31.01.204 <\/em><em>MEMORANDUMUL<\/em><em> cu tema: Realizarea serviciului public de alimentare cu energie termic\u0103 \u00een sistem centralizat (SACET) respectiv producerea, transportul, distribu\u0163ia \u015fi furnizarea energiei termice \u00een Municipiul Bucure\u015fti. Memorandumul are drept scop demararea demersurilor necesare \u00een vederea realiz\u0103rii serviciului public de alimentare cu energie termic\u0103 prin sistem centralizat (<\/em><strong><em>SACET<\/em><\/strong><em>) \u00een Municipiul Bucuresti, prin fuziunea dintre \u201eELCEN\u201d \u0219i \u201eCMTEB\u201d. <\/em><\/li>\n<\/ul>\n<p><em><strong>Ce pa\u0219i s-au f\u0103cut?<\/strong><\/em><\/p>\n<p><strong><em>Invita\u021bi:<\/em><\/strong><\/p>\n<ul>\n<li><em>Reprezentan\u021bi ai asocia\u021biilor de proprietari din Bucure\u0219ti;<\/em><\/li>\n<li><em>Reprezentan\u021bi ai Serviciilor pentru Asocia\u021biile de Proprietari din cadrul Prim\u0103riilor de Sector; <\/em><\/li>\n<li><em>Reprezentan\u021bi ai ELCEN, ANRE, PREFECTURII MUNICIPIULUI BUCURESTI, PRIM\u0102RIEI GENERALE A MUNICIPIULUI BUCURE\u0218TI, CONSILIULUI GENERAL AL MUNICIPIULUI BUCURESTI, ADITBI, TERMOENERGETICA..<\/em><\/li>\n<li><em>Speciali\u0219ti in domeniu;<\/em><\/li>\n<\/ul>\n<p><strong><em>Agenda provizorie<\/em><\/strong><\/p>\n<p><em>16.45 &#8211; 17.00 &#8211; \u00eenregistrarea participan\u021bilor<br \/>\n<\/em><em>17.00 \u2013 18.00 &#8211; prezent\u0103ri ale invita\u021bilor<br \/>\n<\/em><em>18.00 &#8211; 18.45 &#8211; interven\u021bii ale membrilor \u0219i reprezentan\u021bilor asocia\u021biilor de proprietari<br \/>\n<\/em><em>18.45 &#8211; 19.00 &#8211; concluzii<\/em><\/p>\n<p><strong><em>Ne face o deosebit\u0103 pl\u0103cere de a v\u0103 invita la acest\u0103 dezbatere! <\/em><\/strong><em>Sprijinul dumneavoastra, participarea specialistilor delegati sunt factori ce contribuie la succesul acestei actiuni. <\/em><em>Participan\u021bii sunt ruga\u021bi s\u0103 \u00ee\u0219i confirme participarea \u0219i s\u0103 transmit\u0103 <strong>formularul de \u00eenregistrare<\/strong> la adresa de e-mail <strong><a href=\"mailto:mihai.mereuta@habitaturban.ro\">mihai.mereuta@habitaturban.ro<\/a> <\/strong>sau pe whatsapp la <strong>0744751416. Link-ul<\/strong> de acces pentru eveniment va fi trimis prin e-mailul de confirmare a \u00eenregistr\u0103rii. Participarea este <strong>gratuit\u0103<\/strong>, \u00een limita a 100 de persoane. \u00cenregistrarea se face \u00een ordinea confirm\u0103rilor. <\/em><\/p>\n<p><strong><em>Mul\u021bumindu-v\u0103 anticipat pentru participare, colaborare \u0219i sprijin, v\u0103 asigur de deplina mea considera\u021bie!<\/em><\/strong><\/p>\n<p>&nbsp;<\/p>\n<h2 align=\"center\"><strong>Mihai Mereuta<\/strong><\/h2>\n<p align=\"center\"><strong>Presedinte<\/strong><\/p>\n<table border=\"0\" width=\"100%\" cellspacing=\"0\" cellpadding=\"0\">\n<tbody>\n<tr>\n<td style=\"border: none;\" align=\"center\" valign=\"top\" width=\"50%\">\n<p align=\"center\"><strong><em>LIGA ASOCIA\u0162IILOR DE PROPRIETARI<\/em><\/strong><br \/>\n<strong><em>HABITAT<\/em><\/strong><\/p>\n<\/td>\n<td style=\"border: none;\" align=\"center\" valign=\"top\" width=\"50%\">\n<p align=\"center\"><strong><em>ASOCIA<\/em><\/strong><strong><em>\u0162<\/em><\/strong><strong><em>IA ROM<\/em><\/strong><strong><em>\u00c2<\/em><\/strong><strong><em>N<\/em><\/strong><strong><em>\u0102<\/em><\/strong><strong><em>&nbsp;PENTRU LOCUIN<\/em><\/strong><strong><em>\u0162<\/em><\/strong><strong><em>E<\/em><\/strong><br \/>\n<strong><em>CASA PLUS<\/em><\/strong><\/p>\n<\/td>\n<\/tr>\n<\/tbody>\n<\/table>\n","protected":false},"excerpt":{"rendered":"<p>\u00cen cadrul dezbaterilor complet gratuite adresate membrilor \u0219i reprezentan\u021bilor asocia\u021biilor de proprietari, miercuri, 30.octombrie.2024, ora 17.00, online \u2013 platforma Zoom, Liga Na\u021bional\u0103 a Asocia\u021biilor de Proprietari Habitat \/ Asocia\u021bia Casa Plus, organizeaz\u0103 dezbaterea av\u00e2nd ca tem\u0103: \u00cenc\u0103lzirea locuin\u021bei cu energie termic\u0103 \u00een sistem centralizat noiembrie 2024 \u2013 martie 2025 Dezbaterile\u00a0 vor viza: Starea SACET \u2013 [&hellip;]<\/p>\n","protected":false},"author":3,"featured_media":0,"comment_status":"closed","ping_status":"open","sticky":false,"template":"","format":"standard","meta":{"footnotes":""},"categories":[1],"tags":[],"class_list":["post-3449","post","type-post","status-publish","format-standard","hentry","category-noutati"],"_links":{"self":[{"href":"https:\/\/www.habitaturban.ro\/index.php?rest_route=\/wp\/v2\/posts\/3449","targetHints":{"allow":["GET"]}}],"collection":[{"href":"https:\/\/www.habitaturban.ro\/index.php?rest_route=\/wp\/v2\/posts"}],"about":[{"href":"https:\/\/www.habitaturban.ro\/index.php?rest_route=\/wp\/v2\/types\/post"}],"author":[{"embeddable":true,"href":"https:\/\/www.habitaturban.ro\/index.php?rest_route=\/wp\/v2\/users\/3"}],"replies":[{"embeddable":true,"href":"https:\/\/www.habitaturban.ro\/index.php?rest_route=%2Fwp%2Fv2%2Fcomments&post=3449"}],"version-history":[{"count":1,"href":"https:\/\/www.habitaturban.ro\/index.php?rest_route=\/wp\/v2\/posts\/3449\/revisions"}],"predecessor-version":[{"id":3450,"href":"https:\/\/www.habitaturban.ro\/index.php?rest_route=\/wp\/v2\/posts\/3449\/revisions\/3450"}],"wp:attachment":[{"href":"https:\/\/www.habitaturban.ro\/index.php?rest_route=%2Fwp%2Fv2%2Fmedia&parent=3449"}],"wp:term":[{"taxonomy":"category","embeddable":true,"href":"https:\/\/www.habitaturban.ro\/index.php?rest_route=%2Fwp%2Fv2%2Fcategories&post=3449"},{"taxonomy":"post_tag","embeddable":true,"href":"https:\/\/www.habitaturban.ro\/index.php?rest_route=%2Fwp%2Fv2%2Ftags&post=3449"}],"curies":[{"name":"wp","href":"https:\/\/api.w.org\/{rel}","templated":true}]}}