{"id":3502,"date":"2025-02-19T09:02:39","date_gmt":"2025-02-19T07:02:39","guid":{"rendered":"https:\/\/www.habitaturban.ro\/?p=3502"},"modified":"2025-02-19T09:02:39","modified_gmt":"2025-02-19T07:02:39","slug":"intalnire-dedicata-asociatiilor-de-proprietari-tema-organizarea-si-desfasurarea-adunarilor-generale-2","status":"publish","type":"post","link":"https:\/\/www.habitaturban.ro\/?p=3502","title":{"rendered":"\u00cent\u00e2lnire dedicat\u0103 asocia\u021biilor de proprietari, tema: organizarea \u0219i desf\u0103\u0219urarea adun\u0103rilor generale"},"content":{"rendered":"<p><em>Avem deosebit\u0103 pl\u0103cere de a v\u0103 invita, miercuri, <strong><u>19.02.2025<\/u><\/strong>, ora <strong><u>10.00<\/u><\/strong>, la hotel <strong><u>My Continental<\/u> <\/strong>(fost Ibis Nord<strong>, <\/strong><strong>Calea Grivi\u021bei nr.143, sector 1, Bucure\u0219ti<\/strong><strong>, <\/strong><strong>\u00ee<\/strong>n proximitatea G\u0103rii de Nord), sala Enescu la <\/em><em>o \u00eent\u00e2lnire util\u0103 \u0219i relevant\u0103, dedicat\u0103 membrilor \u0219i reprezentan\u021bilor <strong>asocia\u021biilor de proprietari<\/strong>, organizat\u0103 de <\/em><strong><em>Liga Na\u021bional\u0103 a Asocia\u021biilor de Proprietari Habitat <\/em><\/strong><em>\u0219i participarea<strong> domnului avocat Gelu Pu\u0219ca\u0219<\/strong>.<\/em><\/p>\n<p><strong><em>Agenda<\/em><\/strong><\/p>\n<ul>\n<li><strong><em>09.30 -10.00<\/em><\/strong><em> \u2013 \u00eenregistrarea participan\u021bilor<\/em><\/li>\n<li><strong><em>10.00 \u2013 10.05<\/em><\/strong><em> \u2013 deschiderea dezbaterii<\/em><\/li>\n<li><em>10.05 \u2013 10.15 &#8211; Participarea Poli\u021biei na\u021bionale \/ locale la adun\u0103rile generale -reprezentan\u021bi <\/em><strong><em>INSPECTORATUL GENERAL AL POLI\u0162IEI ROM\u00c2NE PRIN <\/em><\/strong><strong><em>INSTITUTUL PENTRU CERCETAREA \u015eI PREVENIREA CRIMINALIT\u0102\u0162II (IGPR-ICPC)<\/em><\/strong><strong><em>,<\/em><\/strong><em> reprezentan\u021bi <\/em><strong><em>Direc\u021bia General\u0103 de <\/em><\/strong><strong><em>P<\/em><\/strong><strong><em>oli\u021bie a Municipiului Bucure\u0219ti, <\/em><\/strong><em>reprezentan\u021bi<\/em><strong><em> Poli\u021bia Local\u0103<\/em><\/strong><\/li>\n<li><strong><em>10.15 \u2013 11.00<\/em><\/strong><em> &#8211; <strong>avocat Gelu Pu\u0219ca\u0219 <\/strong><strong>\u2013 organizarea <\/strong><\/em><strong><em>\u0219<\/em><\/strong><strong><em>i desf\u0103\u0219urarea adun\u0103rilor generale la asocia\u021biile de proprietari<\/em><\/strong>\n<ul>\n<li><em>obliga\u021biile, r\u0103spunderea \u0219i solidaritatea r\u0103spunderii \u00een cadrul asocia\u021biei;<\/em><\/li>\n<li><em>practica judiciara \/ situatii deosebite \/ greseli frecvente<\/em><\/li>\n<li><em>nulitate absolut\u0103 sau relativ\u0103 \u00een procedura convoc\u0103rii \u0219i desf\u0103\u0219ur\u0103rii adun\u0103rii generale<\/em><em>;<\/em><\/li>\n<\/ul>\n<\/li>\n<li><strong><em>11.00\u2013 11.10<\/em><\/strong> <strong><em>Campania Infocons \u2013 Stop practicilor incorecte \u00een imobiliare!<\/em><\/strong><\/li>\n<li><strong><em>11.10\u2013 11.20<\/em><\/strong><em> &#8211; <strong>avocat Alexandru Tiu<\/strong> <strong>\u2013 <\/strong><u>Teme abordate: <\/u>&#8211; <strong>organizarea <\/strong><\/em><strong><em>\u0219<\/em><\/strong><strong><em>i desf\u0103\u0219urarea adun\u0103rilor generale la asocia\u021biile de proprietari<\/em><\/strong><strong><em>\u00a0<\/em><\/strong><\/li>\n<li><strong><em>11.20 \u2013 11.30<\/em><\/strong><em> &#8211; <strong>Administrator de condominii \u2013 Reprezentant administrator de condominii &#8211; dnul Cosmin Nicolae \u2013 CEO Yco.ro <\/strong><u>Teme abordate: <\/u>&#8211; rolul administratorului in <strong>organizarea <\/strong><\/em><strong><em>\u0219<\/em><\/strong><strong><em>i desf\u0103\u0219urarea adun\u0103rilor generale la asocia\u021biile de proprietari<\/em><\/strong><\/li>\n<li><strong><em>11.30 \u2013 11.45 <\/em><\/strong><em>\u2013 <strong>Cenzor <\/strong><u>Teme abordate: <\/u>-rolul cenzorului in <strong>organizarea <\/strong><\/em><strong><em>\u0219<\/em><\/strong><strong><em>i desf\u0103\u0219urarea adun\u0103rilor generale la asocia\u021biile de proprietari<\/em><\/strong><\/li>\n<li><strong><em>11.45 \u2013 12.00 <\/em><\/strong><em>\u2013<strong>Laura Ostroveanu<\/strong> &#8211; pozitia dezvoltatorului fata de <strong>organizarea <\/strong><\/em><strong><em>\u0219<\/em><\/strong><strong><em>i desf\u0103\u0219urarea adun\u0103rilor generale la asocia\u021biile de proprietari<\/em><\/strong><\/li>\n<li><strong><em>12.00 \u2013 12.15 Rolul Serviciilor \/ Compartimentelor &#8211; Rela\u021bii cu Asocia\u021biile de Proprietari &#8211; <\/em><\/strong><em>sprijinirea, \u00eendrumarea \u0219i controlul asocia\u021biilor de proprietari pentru adun\u0103ri generale organizate \u0219i desf\u0103\u0219urate legal<\/em><\/li>\n<li><strong><em>12.1<\/em><\/strong><strong><em>5 \u2013 12.20 &#8211; <\/em><\/strong><strong><em>MIHAI MEREU<\/em><\/strong><strong><em>\u0162\u0102<\/em><\/strong><strong><em> &#8211;<\/em><\/strong> <em>pre\u0219edinte Liga Habitat <u>Teme abordate<\/u>:<\/em><em>\u2013 obliga\u021bii \/, r\u0103spunderi \u00een cadrul asocia\u021biei;<\/em><\/li>\n<li><strong><em>12. <\/em><\/strong><strong><em>20 \u2013 13.00<\/em><\/strong><em> &#8211; <\/em><strong><em>\u00centreb\u0103ri \u0219i r\u0103spunsuri; discu\u021bii libere<\/em><\/strong><\/li>\n<\/ul>\n<p><em>\u00a0<\/em><em>V\u0103 a\u0219tept\u0103m s\u0103 v\u0103 al\u0103tura\u021bi acestei ini\u021biative care are scopul de a cre\u0219te gradul de con\u0219tientizare \u0219i implicare pentru to\u021bi membrii comunit\u0103\u021bii noastre. <\/em><em>Num\u0103r limitat de locuri. <\/em><em>V\u0103 rug\u0103m s\u0103 confirma\u021bi participarea. <strong>Pentru confirmarea particip\u0103rii sau pentru informa\u021bii suplimentare: <\/strong><\/em><strong><em>Whatsapp &#8211; 0744.751.416; <\/em><\/strong><strong><em>email mihai.mereuta@habitaturban.ro; <\/em><\/strong><\/p>\n<p><em>V\u0103 a\u0219tept\u0103m cu drag! Cu stim\u0103,<\/em><br \/>\n&nbsp;<\/p>\n<table border=\"0\" width=\"98%\" cellspacing=\"0\" cellpadding=\"0\">\n<tbody>\n<tr>\n<td style=\"border: none;\" valign=\"top\" width=\"329\">\n<h2 align=\"center\"><strong>Mihai Mereuta<\/strong><\/h2>\n<p align=\"center\"><strong>Presedinte<\/strong><\/p>\n<\/td>\n<td style=\"border: none;\" valign=\"top\" width=\"321\">\n<h2 align=\"center\"><strong>Gelu Puscas<\/strong><\/h2>\n<p align=\"center\"><strong>Avocat<\/strong><\/p>\n<\/td>\n<\/tr>\n<tr>\n<td style=\"border: none;\" align=\"center\" valign=\"top\" width=\"50%\">\n<p>LIGA ASOCIA\u0162IILOR DE PROPRIETARI<br \/>\nHABITAT<\/p>\n<\/td>\n<td style=\"border: none;\" align=\"center\" valign=\"top\" width=\"50%\">\n<p align=\"center\">\n<\/td>\n<\/tr>\n<\/tbody>\n<\/table>\n","protected":false},"excerpt":{"rendered":"<p>Avem deosebit\u0103 pl\u0103cere de a v\u0103 invita, miercuri, 19.02.2025, ora 10.00, la hotel My Continental (fost Ibis Nord, Calea Grivi\u021bei nr.143, sector 1, Bucure\u0219ti, \u00een proximitatea G\u0103rii de Nord), sala Enescu la o \u00eent\u00e2lnire util\u0103 \u0219i relevant\u0103, dedicat\u0103 membrilor \u0219i reprezentan\u021bilor asocia\u021biilor de proprietari, organizat\u0103 de Liga Na\u021bional\u0103 a Asocia\u021biilor de Proprietari Habitat \u0219i participarea [&hellip;]<\/p>\n","protected":false},"author":3,"featured_media":0,"comment_status":"closed","ping_status":"open","sticky":false,"template":"","format":"standard","meta":{"footnotes":""},"categories":[1],"tags":[],"class_list":["post-3502","post","type-post","status-publish","format-standard","hentry","category-noutati"],"_links":{"self":[{"href":"https:\/\/www.habitaturban.ro\/index.php?rest_route=\/wp\/v2\/posts\/3502","targetHints":{"allow":["GET"]}}],"collection":[{"href":"https:\/\/www.habitaturban.ro\/index.php?rest_route=\/wp\/v2\/posts"}],"about":[{"href":"https:\/\/www.habitaturban.ro\/index.php?rest_route=\/wp\/v2\/types\/post"}],"author":[{"embeddable":true,"href":"https:\/\/www.habitaturban.ro\/index.php?rest_route=\/wp\/v2\/users\/3"}],"replies":[{"embeddable":true,"href":"https:\/\/www.habitaturban.ro\/index.php?rest_route=%2Fwp%2Fv2%2Fcomments&post=3502"}],"version-history":[{"count":1,"href":"https:\/\/www.habitaturban.ro\/index.php?rest_route=\/wp\/v2\/posts\/3502\/revisions"}],"predecessor-version":[{"id":3503,"href":"https:\/\/www.habitaturban.ro\/index.php?rest_route=\/wp\/v2\/posts\/3502\/revisions\/3503"}],"wp:attachment":[{"href":"https:\/\/www.habitaturban.ro\/index.php?rest_route=%2Fwp%2Fv2%2Fmedia&parent=3502"}],"wp:term":[{"taxonomy":"category","embeddable":true,"href":"https:\/\/www.habitaturban.ro\/index.php?rest_route=%2Fwp%2Fv2%2Fcategories&post=3502"},{"taxonomy":"post_tag","embeddable":true,"href":"https:\/\/www.habitaturban.ro\/index.php?rest_route=%2Fwp%2Fv2%2Ftags&post=3502"}],"curies":[{"name":"wp","href":"https:\/\/api.w.org\/{rel}","templated":true}]}}