{"id":3521,"date":"2025-03-14T11:34:04","date_gmt":"2025-03-14T09:34:04","guid":{"rendered":"https:\/\/www.habitaturban.ro\/?p=3521"},"modified":"2025-03-17T19:26:30","modified_gmt":"2025-03-17T17:26:30","slug":"invitatie-conferinta-cu-tema-locuinte-in-siguranta","status":"publish","type":"post","link":"https:\/\/www.habitaturban.ro\/?p=3521","title":{"rendered":"INVITA\u021aIE: Conferin\u021ba cu tema \u2013 locuin\u021be \u00een siguran\u021b\u0103"},"content":{"rendered":"<p><em>Avem deosebita pl\u0103cere de a v\u0103 invita, vineri, <strong><u>21.03.2025<\/u><\/strong>, ora <strong>10.00<\/strong>, la <strong>Ateneul Popular \u201eMaior Gh. Pastia\u201d<\/strong> (Pia\u021ba Unirii nr. 3, Foc\u0219ani) la conferin\u021ba cu tema \u2013 <\/em><strong><em>locuin\u021be \u00een siguran\u021b\u0103. <\/em><\/strong><em>Aceasta este organizat\u0103 de\u00a0 <strong>Liga Na\u021bionala a Asocia\u021biilor de Proprietari Habitat<\/strong> cu sprijinul deosebit al <strong>Prim\u0103riei Municipiului Foc\u0219ani \u2013 primar <\/strong><\/em><strong><em>Cristi Valentin Mis\u0103il\u0103<\/em><\/strong><em>.<\/em><\/p>\n<p><strong><em><u>Teme propuse<\/u><\/em><\/strong><\/p>\n<ul>\n<li><strong><em>Locuin\u021be \u00een siguran\u021b\u0103 \u2013 <\/em><\/strong>\n<ul>\n<li><em>Prevenirea furturilor din locuin\u021be<\/em><\/li>\n<li><em>Cartea de imobil <\/em><\/li>\n<li><em>Sanc\u0163ionarea faptelor de \u00eenc\u0103lcare a unor norme de convie\u0163uire social\u0103, a ordinii \u015fi lini\u015ftii publice <\/em><\/li>\n<\/ul>\n<\/li>\n<li><strong><em>Rela\u021bia <\/em><\/strong><em>membrilor \u0219i reprezentan\u021bilor asocia\u021bilor de proprietari<strong> cu <\/strong><\/em><strong><em>Prim\u0103ria Municipiului Foc\u0219ani<\/em><\/strong><\/li>\n<li><strong><em>Asigurarea locuin\u021belor<\/em><\/strong><em> &#8211; asigurarea obligatorie, asigurarea facultativa, <\/em><em>asigurare de raspunderecivila la asocia\u021biile de proprietari<\/em><\/li>\n<li><strong><em>Utilizarea \u00een siguran\u021b\u0103<\/em><\/strong><em> a Instala\u021biilor de gaze naturale (detectoare de gaze, norme de utilizare, detectoare de fum \u0219i CO2)<\/em><\/li>\n<li><strong><em>Nout\u0103\u021bi cu privire la<\/em><\/strong>\n<ul>\n<li><em>Legea nr. 196\/2018 privind \u00eenfiin\u0163area, organizarea \u015fi func\u0163ionarea asocia\u0163iilor de proprietari \u015fi administrarea condominiilor <\/em><\/li>\n<li><em>Fiscalitate, contabilitate, legisla\u021bie -asocia\u021bii de proprietari<\/em><\/li>\n<\/ul>\n<\/li>\n<\/ul>\n<p><strong><em><u>Sunt invita\u021bi reprezentan\u021bi ai<\/u><\/em><\/strong><\/p>\n<ul>\n<li><em>Prim\u0103ria Municipiului Foc\u0219ani<\/em><\/li>\n<li><em>INSPECTORATUL GENERAL AL POLI\u0162IEI ROM\u00c2NE PRIN INSTITUTUL<\/em><em> PEN<\/em><em>TRU<\/em><em> CERCETAREA \u015eI PREVENIREA CRIMINALIT\u0102\u0162II (IGPR-ICPC)<\/em><\/li>\n<li><em>I.P.J. Vrancea<\/em><\/li>\n<li><em>Poli\u021bia local\u0103 <\/em><em>Foc\u0219ani<\/em><\/li>\n<\/ul>\n<p><strong><em>Pentru inscriere sau pt informatii suplimentare: <\/em><\/strong><\/p>\n<p><em>&#8211;<strong>Liga Asociatiilor de Proprietari Habitat &#8211; MIHAI MEREU<\/strong><\/em><strong><em>\u0162\u0102<\/em><\/strong><strong><em> &#8211; 0744.751.416; <\/em><\/strong><em><a href=\"mailto:mihai.mereuta@habitaturban.ro\">mihai.mereuta@habitaturban.ro<\/a><\/em><strong><em>; presedinte\u00a0 Liga Asociatiilor de Proprietari Habitat, Asociatia Romana pentru Locuinte Casa Plus<\/em><\/strong><\/p>\n<p><strong><em>Ne face o deosebit\u0103 pl\u0103cere de a v\u0103 invita la aceast\u0103 dezbatere! <\/em><\/strong><em>Sprijinul dumneavoastr\u0103, participarea speciali\u0219tilor delega\u021bi sunt factori ce vor contribui la succesul acestei ac\u021biuni.<\/em><\/p>\n<p><em>Va dorim <strong>succes<\/strong> in activitatea pe care o desfasurati, va multumim pentru colaborare si sprijin si va asiguram de intreaga noastra consideratie.<\/em><\/p>\n<p>&nbsp;<\/p>\n<h2 align=\"center\"><strong>Mihai Mereuta<\/strong><\/h2>\n<p align=\"center\"><strong>Presedinte<\/strong><\/p>\n<p align=\"center\"><strong><em>LIGA ASOCIA\u0162IILOR DE PROPRIETARI <\/em><\/strong><br \/>\n<strong><em>HABITAT<\/em><\/strong><\/p>\n","protected":false},"excerpt":{"rendered":"<p>Avem deosebita pl\u0103cere de a v\u0103 invita, vineri, 21.03.2025, ora 10.00, la Ateneul Popular \u201eMaior Gh. Pastia\u201d (Pia\u021ba Unirii nr. 3, Foc\u0219ani) la conferin\u021ba cu tema \u2013 locuin\u021be \u00een siguran\u021b\u0103. Aceasta este organizat\u0103 de\u00a0 Liga Na\u021bionala a Asocia\u021biilor de Proprietari Habitat cu sprijinul deosebit al Prim\u0103riei Municipiului Foc\u0219ani \u2013 primar Cristi Valentin Mis\u0103il\u0103. Teme propuse [&hellip;]<\/p>\n","protected":false},"author":3,"featured_media":0,"comment_status":"closed","ping_status":"open","sticky":false,"template":"","format":"standard","meta":{"footnotes":""},"categories":[1],"tags":[],"class_list":["post-3521","post","type-post","status-publish","format-standard","hentry","category-noutati"],"_links":{"self":[{"href":"https:\/\/www.habitaturban.ro\/index.php?rest_route=\/wp\/v2\/posts\/3521","targetHints":{"allow":["GET"]}}],"collection":[{"href":"https:\/\/www.habitaturban.ro\/index.php?rest_route=\/wp\/v2\/posts"}],"about":[{"href":"https:\/\/www.habitaturban.ro\/index.php?rest_route=\/wp\/v2\/types\/post"}],"author":[{"embeddable":true,"href":"https:\/\/www.habitaturban.ro\/index.php?rest_route=\/wp\/v2\/users\/3"}],"replies":[{"embeddable":true,"href":"https:\/\/www.habitaturban.ro\/index.php?rest_route=%2Fwp%2Fv2%2Fcomments&post=3521"}],"version-history":[{"count":2,"href":"https:\/\/www.habitaturban.ro\/index.php?rest_route=\/wp\/v2\/posts\/3521\/revisions"}],"predecessor-version":[{"id":3534,"href":"https:\/\/www.habitaturban.ro\/index.php?rest_route=\/wp\/v2\/posts\/3521\/revisions\/3534"}],"wp:attachment":[{"href":"https:\/\/www.habitaturban.ro\/index.php?rest_route=%2Fwp%2Fv2%2Fmedia&parent=3521"}],"wp:term":[{"taxonomy":"category","embeddable":true,"href":"https:\/\/www.habitaturban.ro\/index.php?rest_route=%2Fwp%2Fv2%2Fcategories&post=3521"},{"taxonomy":"post_tag","embeddable":true,"href":"https:\/\/www.habitaturban.ro\/index.php?rest_route=%2Fwp%2Fv2%2Ftags&post=3521"}],"curies":[{"name":"wp","href":"https:\/\/api.w.org\/{rel}","templated":true}]}}