{"id":3554,"date":"2025-04-08T10:45:09","date_gmt":"2025-04-08T08:45:09","guid":{"rendered":"https:\/\/www.habitaturban.ro\/?p=3554"},"modified":"2025-04-08T10:45:36","modified_gmt":"2025-04-08T08:45:36","slug":"invitatie-dezbaterea-prosumatorul-de-condominiu-o-solutie-reala-pentru-facturi-mai-mici-la-energie","status":"publish","type":"post","link":"https:\/\/www.habitaturban.ro\/?p=3554","title":{"rendered":"INVITA\u021aIE Dezbaterea Prosumatorul de Condominiu \u2013 o solu\u021bie real\u0103 pentru facturi mai mici la energie"},"content":{"rendered":"<p><em>\u00cen cadrul dezbaterilor adresate membrilor \u0219i reprezentan\u021bilor asocia\u021biilor de proprietari, <\/em><strong><em>miercuri, 09<\/em><\/strong> <strong><em>aprilie\u00a0&#8211; Online \u2013 Zoom \u2013 ora 17.00<\/em><\/strong><em>, <strong>Liga Na\u021bional\u0103 a Asocia\u021biilor de Proprietari Habitat<\/strong> \u00een colaborarea cu <\/em><strong><em>Asocia\u021bia Prosumatorilor \u0219i Comunit\u0103\u021bilor de Energie din Rom\u00e2nia (A.P.C.E.)<\/em><\/strong> <em>organizeaz\u0103 webinarul cu tema<\/em><em>: <\/em><strong><em>Prosumatorul de Condominiu \u2013 o solu\u021bie real\u0103 pentru facturi mai mici la energie<\/em><\/strong><strong><em>!<\/em><\/strong><\/p>\n<p><em>Pre\u021bul energiei electrice continu\u0103 s\u0103 creasc\u0103, iar ofertele furnizorilor devin din ce \u00een ce mai \u00eempov\u0103r\u0103toare pentru consumatorii casnici din Rom\u00e2nia. \u00cen acest context, Asocia\u021bia Prosumatorilor \u0219i Comunit\u0103\u021bilor de Energie din Rom\u00e2nia (A.P.C.E.) a prezentat, pe 11 februarie 2025, o propunere legislativ\u0103 Ministerului Energiei, menit\u0103 s\u0103 optimizeze \u0219i s\u0103 reduc\u0103 facturile la energie pentru locatarii blocurilor de locuin\u021be. Aceast\u0103 ini\u021biativ\u0103 propune \u00eenfiin\u021barea unui nou tip de prosumator \u2013 <strong>Prosumatorul de Condominiu (P.C.)<\/strong> \u2013 care va permite locatarilor s\u0103 utilizeze direct energia regenerabil\u0103 produs\u0103 de panourile fotovoltaice montate pe acoperi\u0219urile blocurilor.<\/em><\/p>\n<p><strong><em>Invita\u021bi:<\/em><\/strong><\/p>\n<ul>\n<li><em>Reprezentan\u021bi ai APCE, Ministerul Energiei, ANRE, Comisia pentru Industrii \u0219i Servicii \u2013 Camera Deputa\u021bilor, asocia\u021bii de proprietari<\/em><\/li>\n<li><em>Speciali\u0219ti \u00een domeniu;<\/em><\/li>\n<\/ul>\n<p><strong><em>Agenda provizorie<\/em><\/strong><\/p>\n<p><em>16.45 &#8211; 17.00 &#8211; \u00eenregistrarea participan\u021bilor<br \/>\n<\/em><em>17.00 &#8211; 18.00 &#8211; prezent\u0103ri ale invita\u021bilor<\/em><\/p>\n<ul>\n<li style=\"list-style-type: none;\">\n<ul>\n<li><strong><em>Dan Pirsan, Pre\u0219edinte A.P.C.E.<\/em><\/strong><\/li>\n<li><strong><em>Alexandru Costin Soare \u2013 ANRE<\/em><\/strong><\/li>\n<li><strong><em>Liviu Panait<\/em><\/strong><\/li>\n<\/ul>\n<\/li>\n<\/ul>\n<p><em>18.00 \u2013 18.45 &#8211; interven\u021bii ale membrilor \u0219i reprezentan\u021bilor asocia\u021biilor de proprietari<br \/>\n<\/em><em>18.45 &#8211; 19.00 &#8211; concluzii<\/em><\/p>\n<p><em>V\u0103 a\u0219tept\u0103m s\u0103 v\u0103 al\u0103tura\u021bi acestei ini\u021biative care are scopul de a cre\u0219te gradul de con\u0219tientizare \u0219i implicare pentru to\u021bi membrii comunit\u0103\u021bii noastre. <\/em><em>Num\u0103r limitat de locuri. V\u0103 rug\u0103m s\u0103 confirma\u021bi participarea. <\/em><\/p>\n<p><strong><em>Pentru confirmarea particip\u0103rii sau pentru informa\u021bii suplimentare: <\/em><\/strong><strong><em>Whatsapp &#8211; 0744.751.416; email mihai.mereuta@habitaturban.ro; <\/em><\/strong><\/p>\n<p><strong><em>Link-ul<\/em><\/strong><em> de acces pentru eveniment va fi trimis prin e-mailul de confirmare a \u00eenregistr\u0103rii sau pe whatsapp. Participarea este <strong>gratuit\u0103<\/strong>, \u00een limita a 100 de persoane. \u00cenregistrarea se face \u00een ordinea confirm\u0103rilor. <\/em><\/p>\n<p><strong><em>Mul\u021bumindu-v\u0103 anticipat pentru participare, colaborare \u0219i sprijin, v\u0103 asigur de deplina mea considera\u021bie!<\/em><\/strong><\/p>\n<p>&nbsp;<\/p>\n<table border=\"0\" width=\"98%\" cellspacing=\"0\" cellpadding=\"0\">\n<tbody>\n<tr>\n<td style=\"border: none;\" valign=\"top\" width=\"329\">\n<h2 align=\"center\"><strong>Mihai Mereuta<\/strong><\/h2>\n<p align=\"center\"><strong>Presedinte<\/strong><\/p>\n<\/td>\n<td style=\"border: none;\" valign=\"top\" width=\"321\">\n<h2 align=\"center\"><strong>Dan Pirsan<\/strong><\/h2>\n<p align=\"center\"><strong>Pre\u0219edinte<\/strong><\/p>\n<\/td>\n<\/tr>\n<tr>\n<td style=\"border: none;\" align=\"center\" valign=\"top\" width=\"50%\">\n<p>CASA PLUS<br \/>HABITAT<\/p>\n<\/td>\n<td style=\"border: none;\" align=\"center\" valign=\"top\" width=\"50%\">\n<p align=\"center\">A.P.C.E.\n<\/p>\n<\/td>\n<\/tr>\n<\/tbody>\n<\/table>\n","protected":false},"excerpt":{"rendered":"<p>\u00cen cadrul dezbaterilor adresate membrilor \u0219i reprezentan\u021bilor asocia\u021biilor de proprietari, miercuri, 09 aprilie\u00a0&#8211; Online \u2013 Zoom \u2013 ora 17.00, Liga Na\u021bional\u0103 a Asocia\u021biilor de Proprietari Habitat \u00een colaborarea cu Asocia\u021bia Prosumatorilor \u0219i Comunit\u0103\u021bilor de Energie din Rom\u00e2nia (A.P.C.E.) organizeaz\u0103 webinarul cu tema: Prosumatorul de Condominiu \u2013 o solu\u021bie real\u0103 pentru facturi mai mici la energie! [&hellip;]<\/p>\n","protected":false},"author":3,"featured_media":0,"comment_status":"closed","ping_status":"open","sticky":false,"template":"","format":"standard","meta":{"footnotes":""},"categories":[1],"tags":[],"class_list":["post-3554","post","type-post","status-publish","format-standard","hentry","category-noutati"],"_links":{"self":[{"href":"https:\/\/www.habitaturban.ro\/index.php?rest_route=\/wp\/v2\/posts\/3554","targetHints":{"allow":["GET"]}}],"collection":[{"href":"https:\/\/www.habitaturban.ro\/index.php?rest_route=\/wp\/v2\/posts"}],"about":[{"href":"https:\/\/www.habitaturban.ro\/index.php?rest_route=\/wp\/v2\/types\/post"}],"author":[{"embeddable":true,"href":"https:\/\/www.habitaturban.ro\/index.php?rest_route=\/wp\/v2\/users\/3"}],"replies":[{"embeddable":true,"href":"https:\/\/www.habitaturban.ro\/index.php?rest_route=%2Fwp%2Fv2%2Fcomments&post=3554"}],"version-history":[{"count":2,"href":"https:\/\/www.habitaturban.ro\/index.php?rest_route=\/wp\/v2\/posts\/3554\/revisions"}],"predecessor-version":[{"id":3556,"href":"https:\/\/www.habitaturban.ro\/index.php?rest_route=\/wp\/v2\/posts\/3554\/revisions\/3556"}],"wp:attachment":[{"href":"https:\/\/www.habitaturban.ro\/index.php?rest_route=%2Fwp%2Fv2%2Fmedia&parent=3554"}],"wp:term":[{"taxonomy":"category","embeddable":true,"href":"https:\/\/www.habitaturban.ro\/index.php?rest_route=%2Fwp%2Fv2%2Fcategories&post=3554"},{"taxonomy":"post_tag","embeddable":true,"href":"https:\/\/www.habitaturban.ro\/index.php?rest_route=%2Fwp%2Fv2%2Ftags&post=3554"}],"curies":[{"name":"wp","href":"https:\/\/api.w.org\/{rel}","templated":true}]}}