{"id":3592,"date":"2025-05-23T07:18:32","date_gmt":"2025-05-23T05:18:32","guid":{"rendered":"https:\/\/www.habitaturban.ro\/?p=3592"},"modified":"2025-05-23T07:18:32","modified_gmt":"2025-05-23T05:18:32","slug":"vrem-sa-stii-27-mai","status":"publish","type":"post","link":"https:\/\/www.habitaturban.ro\/?p=3592","title":{"rendered":"VREM S\u0102 \u0218TII &#8211; 27 Mai"},"content":{"rendered":"<p><a href=\"https:\/\/www.habitaturban.ro\/wp-content\/uploads\/2025\/05\/img.jpg\"><img decoding=\"async\" class=\"aligncenter size-full wp-image-3577\" src=\"https:\/\/www.habitaturban.ro\/wp-content\/uploads\/2025\/05\/img.jpg\" alt=\"\" width=\"100%\" srcset=\"https:\/\/www.habitaturban.ro\/wp-content\/uploads\/2025\/05\/img.jpg 940w, https:\/\/www.habitaturban.ro\/wp-content\/uploads\/2025\/05\/img-300x157.jpg 300w, https:\/\/www.habitaturban.ro\/wp-content\/uploads\/2025\/05\/img-768x401.jpg 768w\" sizes=\"(max-width: 940px) 100vw, 940px\" \/><\/a><\/p>\n<p><strong>Vineri<\/strong><strong>, 27<\/strong>\u00a0<strong>mai<\/strong><strong>, 10.00 \u2013 11.00, la Radio Rom\u00e2nia Antena Satelor<\/strong>, emisiunea <strong>Vrem s\u0103 \u0219tii<\/strong>, redactor <strong>Claudia Ruse<\/strong>, o or\u0103 dedicat\u0103 membrilor \u0219i reprezentan\u021bilor <strong>asocia\u021biilor de proprietari. <\/strong><\/p>\n<p>Dezbatem probleme legate de organizarea \u0219i func\u021bionarea asocia\u021biilor de proprietari<\/p>\n<ul>\n<li><b>Teme importante pentru organizarea \u0219i contabilitatea asocia\u021biilor de proprietari<\/b><\/li>\n<\/ul>\n<p>\u00cen studio \u2013 economist <strong>Doina Colceriu<\/strong> \u2013 cenzor asocia\u021bii de proprietari<br \/>\nPrin telefon \u2013 <strong>Mihai Mereu\u021b\u0103<\/strong> \u2013 Liga Asocia\u021biilor de Proprietari Habitat<\/p>\n<p><strong>Pute\u021bi urm\u0103ri audio \/ video<\/strong><\/p>\n<ul>\n<li><a href=\"https:\/\/www.antenasatelor.ro\/live\/\">https:\/\/www.antenasatelor.ro\/live\/<\/a><\/li>\n<li><a href=\"https:\/\/www.antenasatelor.ro\/live-video\/\">https:\/\/www.antenasatelor.ro\/live-video\/<\/a><\/li>\n<li><a href=\"https:\/\/www.facebook.com\/share\/1KXAuNfQKg\/\">https:\/\/www.facebook.com\/share\/1KXAuNfQKg\/<\/a><\/li>\n<\/ul>\n<p><strong>Pute\u021bi interveni prin telefon.<\/strong><\/p>\n<ul>\n<li>021.311.12.41 sau 021.319.05.04 pentru <strong>interven\u021biile<\/strong> \u00een direct<\/li>\n<li>Mesaje scrise prin <strong>whatsapp<\/strong> la 0748.245.320 \u0219i pe pagina de facebook Radio Romania Antena Satelor<\/li>\n<\/ul>\n<hr \/>\n<p><strong><em>10:00 VREM S\u0102 \u0218TII<\/em><\/strong><\/p>\n<p><em>Vrem s\u0103 \u0219tii &#8211; Mergem in miezul problemei! Prezint\u0103 informa\u0163ia util\u0103, cu un termen mare de valabilitate, cu ajutorul speciali\u0219tilor invita\u021bi \u00een direct, care ofer\u0103 r\u0103spunsuri la probleme punctuale ale ascult\u0103torilor. Zilnic, emisiunea este dedicat\u0103 unui alt domeniu: luni &#8211; juridic, mar\u0163i &#8211; social, miercuri &#8211; economic, joi &#8211; s\u0103n\u0103tate, vineri &#8211; cas\u0103 \u0219i gr\u0103din\u0103.<\/em><\/p>\n<hr \/>\n<p><strong><em>V<\/em><\/strong><strong><em>\u0103<\/em><\/strong><strong><em> invit s\u0103 ne contacta\u021bi, s\u0103 interveni\u021bi \u0219i s\u0103 adresa\u021bi \u00eentreb\u0103rile dumneavoastr\u0103!<\/em><\/strong><\/p>\n","protected":false},"excerpt":{"rendered":"<p>Vineri, 27\u00a0mai, 10.00 \u2013 11.00, la Radio Rom\u00e2nia Antena Satelor, emisiunea Vrem s\u0103 \u0219tii, redactor Claudia Ruse, o or\u0103 dedicat\u0103 membrilor \u0219i reprezentan\u021bilor asocia\u021biilor de proprietari. Dezbatem probleme legate de organizarea \u0219i func\u021bionarea asocia\u021biilor de proprietari Teme importante pentru organizarea \u0219i contabilitatea asocia\u021biilor de proprietari \u00cen studio \u2013 economist Doina Colceriu \u2013 cenzor asocia\u021bii de [&hellip;]<\/p>\n","protected":false},"author":3,"featured_media":0,"comment_status":"closed","ping_status":"open","sticky":false,"template":"","format":"standard","meta":{"footnotes":""},"categories":[1],"tags":[],"class_list":["post-3592","post","type-post","status-publish","format-standard","hentry","category-noutati"],"_links":{"self":[{"href":"https:\/\/www.habitaturban.ro\/index.php?rest_route=\/wp\/v2\/posts\/3592","targetHints":{"allow":["GET"]}}],"collection":[{"href":"https:\/\/www.habitaturban.ro\/index.php?rest_route=\/wp\/v2\/posts"}],"about":[{"href":"https:\/\/www.habitaturban.ro\/index.php?rest_route=\/wp\/v2\/types\/post"}],"author":[{"embeddable":true,"href":"https:\/\/www.habitaturban.ro\/index.php?rest_route=\/wp\/v2\/users\/3"}],"replies":[{"embeddable":true,"href":"https:\/\/www.habitaturban.ro\/index.php?rest_route=%2Fwp%2Fv2%2Fcomments&post=3592"}],"version-history":[{"count":1,"href":"https:\/\/www.habitaturban.ro\/index.php?rest_route=\/wp\/v2\/posts\/3592\/revisions"}],"predecessor-version":[{"id":3593,"href":"https:\/\/www.habitaturban.ro\/index.php?rest_route=\/wp\/v2\/posts\/3592\/revisions\/3593"}],"wp:attachment":[{"href":"https:\/\/www.habitaturban.ro\/index.php?rest_route=%2Fwp%2Fv2%2Fmedia&parent=3592"}],"wp:term":[{"taxonomy":"category","embeddable":true,"href":"https:\/\/www.habitaturban.ro\/index.php?rest_route=%2Fwp%2Fv2%2Fcategories&post=3592"},{"taxonomy":"post_tag","embeddable":true,"href":"https:\/\/www.habitaturban.ro\/index.php?rest_route=%2Fwp%2Fv2%2Ftags&post=3592"}],"curies":[{"name":"wp","href":"https:\/\/api.w.org\/{rel}","templated":true}]}}