{"id":3600,"date":"2025-06-10T10:34:15","date_gmt":"2025-06-10T08:34:15","guid":{"rendered":"https:\/\/www.habitaturban.ro\/?p=3600"},"modified":"2025-06-11T10:37:12","modified_gmt":"2025-06-11T08:37:12","slug":"intalnire-dedicata-asociatiilor-de-proprietari-cu-tema-ziua-europeana-de-prevenire-a-furturilor-din-locuinta","status":"publish","type":"post","link":"https:\/\/www.habitaturban.ro\/?p=3600","title":{"rendered":"\u00cent\u00e2lnire dedicat\u0103 asocia\u021biilor de proprietari cu tema: Ziua european\u0103 de prevenire a furturilor din locuin\u021b\u0103"},"content":{"rendered":"<p><em>Avem deosebit\u0103 pl\u0103cere de a v\u0103 invita, miercuri, <strong><u>18.06.2025<\/u><\/strong>, ora <strong><u>10.00<\/u><\/strong>, la hotel <strong><u>My Continental<\/u> <\/strong>(fost Ibis Nord<strong>, <\/strong><strong>Calea Grivi\u021bei nr.143, sector 1, Bucure\u0219ti<\/strong><strong>, <\/strong><strong>\u00ee<\/strong>n proximitatea G\u0103rii de Nord), sala Enescu la <\/em><em>o \u00eent\u00e2lnire util\u0103 \u0219i relevant\u0103, dedicat\u0103 membrilor \u0219i reprezentan\u021bilor <strong>asocia\u021biilor de proprietari<\/strong>, organizat\u0103 de <\/em><strong><em>Liga Na\u021bional\u0103 a Asocia\u021biilor de Proprietari Habitat <\/em><\/strong><em>cu participarea <\/em><\/p>\n<ul>\n<li><span style=\"color: #ff0000;\"><strong><em>INSPECTORATULUI GENERAL AL POLI\u0162IEI ROM\u00c2NE<\/em><\/strong><\/span><\/li>\n<li><span style=\"color: #ff0000;\"><strong><em>Institutului de Cercetare \u0219i Prevenire a Crimin\u0103lit\u0103\u021bii<\/em><\/strong><\/span><\/li>\n<li><span style=\"color: #ff0000;\"><strong><em>Direc\u021biei Generale de Poli\u021bie a Municipiului Bucure\u0219ti<\/em><\/strong><\/span><\/li>\n<li><span style=\"color: #ff0000;\"><strong><em>UNSAR<\/em><\/strong><\/span><\/li>\n<li><span style=\"color: #ff0000;\"><strong><em>ARTS<\/em><\/strong><\/span><\/li>\n<li><span style=\"color: #ff0000;\"><strong><em>Doamnei economist Doina Colceriu.<\/em><\/strong><\/span><\/li>\n<\/ul>\n<p><em>Pentru al <\/em><em>\u0219aptelea<\/em><em> an consecutiv, Poli\u021bia Rom\u00e2n\u0103, \u00een parteneriat cu EUCPN (Re\u021beaua European\u0103 de Prevenire a Criminalit\u0103\u021bii), lanseaz\u0103\u00a0 Ziua european\u0103 de prevenire a furturilor din locuin\u021b\u0103. <strong>Institutul de Cercetare \u0219i Prevenire a Crimin\u0103lit\u0103\u021bii<\/strong>, \u00een calitate de punct de contact \u00een cadrul EUCPN (Re\u021beaua European\u0103 de Prevenire a Criminalit\u0103\u021bii), este implicat \u00een realizarea acestui concept \u0219i coordoneaz\u0103 aplicarea lui la nivel na\u021bional.<\/em><\/p>\n<p><strong><em>Agenda<\/em><\/strong><\/p>\n<ul>\n<li><strong><em>09.30 -10.00<\/em><\/strong><em> \u2013 \u00eenregistrarea participan\u021bilor<\/em><\/li>\n<li><strong><em>10.00 \u2013 10.05<\/em><\/strong><em> \u2013 deschiderea dezbaterii<\/em><\/li>\n<li><span style=\"color: #ff0000;\"><em>10.05 \u2013 10.30 \u2013 <\/em><strong><em>Prevenirea furturilor din locuin\u021be<\/em><\/strong><em> -reprezentan\u021bi <\/em><strong><em>INSPECTORATUL GENERAL AL POLI\u0162IEI ROM\u00c2NE<\/em><\/strong><strong><em>,<\/em><\/strong><em> reprezentan\u021bi <\/em><strong><em>Direc\u021bia General\u0103 de Poli\u021bie a Municipiului Bucure\u0219ti<\/em><\/strong><\/span><\/li>\n<li><strong><em>10.30\u2013 11.45<\/em><\/strong><em> &#8211; <strong>Alexandru Tiu \/ <\/strong>avocat <strong>Mihail Niemesch <\/strong>\u2013diverse spe\u021be la asocia\u021biile de proprietari<\/em><\/li>\n<li><span style=\"color: #ff0000;\"><em><strong>11.30 \u2013 12.00 \u2013 Cenzor<\/strong> -teme importante <strong>\u00a0la asocia\u021biile de proprietari<\/strong><\/em><\/span><\/li>\n<li><strong><em>12.00 \u2013 12.15 \u2013 asigurarea locuin\u021belor<\/em><\/strong><em>:<\/em><em>\u2013 <\/em><strong><em>diverse spe\u021be la asocia\u021biile de proprietari<\/em><\/strong><\/li>\n<li><strong><em>12.<\/em><\/strong><strong><em>15 \u2013 12.30<\/em><\/strong><em> &#8211; <\/em><strong><em>ARTS<\/em><\/strong><\/li>\n<li><strong><em>12.30 \u2013 13.00<\/em><\/strong><em> &#8211; <\/em><strong><em>\u00centreb\u0103ri \u0219i r\u0103spunsuri; discu\u021bii libere<\/em><\/strong><\/li>\n<\/ul>\n<p><em>Av\u00e2nd \u00een vedere cele mai sus, \u00een spiritul bunei colabor\u0103ri cu dumneavoastr\u0103, sper\u0103m ca ve\u021bi r\u0103spunde favorabil invita\u021biei noastre.<\/em><\/p>\n<p><strong><em>V\u0103 rog s\u0103 confirma\u021bi participarea la: <\/em><\/strong><strong><a href=\"mailto:mihai.mereuta@habitaturban.ro\">mihai.mereuta@habitaturban.ro<\/a><\/strong><strong><em> (de preferat), sau la 0744751416 prin sms sau whatsapp.<\/em><\/strong><\/p>\n<p><em>V\u0103 dorim <strong>succes<\/strong> \u00een activitatea pe care o desfasura\u021bi, v\u0103 mul\u021bumim pentru colaborare \u0219i sprijin \u0219i v\u0103 asigur\u0103m de \u00eentreaga noastr\u0103 considera\u021bie.<\/em><\/p>\n<h2 align=\"center\"><strong>Mihai Mereuta<\/strong><\/h2>\n<p align=\"center\"><strong>Presedinte<\/strong><\/p>\n<table border=\"0\" width=\"100%\" cellspacing=\"0\" cellpadding=\"0\">\n<tbody>\n<tr>\n<td style=\"border: none;\" align=\"center\" valign=\"top\" width=\"50%\">\n<p align=\"center\"><strong><em>LIGA ASOCIA\u0162IILOR DE PROPRIETARI<\/em><\/strong><br \/>\n<strong><em>HABITAT<\/em><\/strong><\/p>\n<\/td>\n<td style=\"border: none;\" align=\"center\" valign=\"top\" width=\"50%\">\n<p align=\"center\"><strong><em>ASOCIA<\/em><\/strong><strong><em>\u0162<\/em><\/strong><strong><em>IA ROM<\/em><\/strong><strong><em>\u00c2<\/em><\/strong><strong><em>N<\/em><\/strong><strong><em>\u0102<\/em><\/strong><strong><em>\u00a0PENTRU LOCUIN<\/em><\/strong><strong><em>\u0162<\/em><\/strong><strong><em>E<\/em><\/strong><br \/>\n<strong><em>CASA PLUS<\/em><\/strong><\/p>\n<\/td>\n<\/tr>\n<\/tbody>\n<\/table>\n","protected":false},"excerpt":{"rendered":"<p>Avem deosebit\u0103 pl\u0103cere de a v\u0103 invita, miercuri, 18.06.2025, ora 10.00, la hotel My Continental (fost Ibis Nord, Calea Grivi\u021bei nr.143, sector 1, Bucure\u0219ti, \u00een proximitatea G\u0103rii de Nord), sala Enescu la o \u00eent\u00e2lnire util\u0103 \u0219i relevant\u0103, dedicat\u0103 membrilor \u0219i reprezentan\u021bilor asocia\u021biilor de proprietari, organizat\u0103 de Liga Na\u021bional\u0103 a Asocia\u021biilor de Proprietari Habitat cu participarea [&hellip;]<\/p>\n","protected":false},"author":3,"featured_media":0,"comment_status":"closed","ping_status":"open","sticky":false,"template":"","format":"standard","meta":{"footnotes":""},"categories":[1],"tags":[],"class_list":["post-3600","post","type-post","status-publish","format-standard","hentry","category-noutati"],"_links":{"self":[{"href":"https:\/\/www.habitaturban.ro\/index.php?rest_route=\/wp\/v2\/posts\/3600","targetHints":{"allow":["GET"]}}],"collection":[{"href":"https:\/\/www.habitaturban.ro\/index.php?rest_route=\/wp\/v2\/posts"}],"about":[{"href":"https:\/\/www.habitaturban.ro\/index.php?rest_route=\/wp\/v2\/types\/post"}],"author":[{"embeddable":true,"href":"https:\/\/www.habitaturban.ro\/index.php?rest_route=\/wp\/v2\/users\/3"}],"replies":[{"embeddable":true,"href":"https:\/\/www.habitaturban.ro\/index.php?rest_route=%2Fwp%2Fv2%2Fcomments&post=3600"}],"version-history":[{"count":2,"href":"https:\/\/www.habitaturban.ro\/index.php?rest_route=\/wp\/v2\/posts\/3600\/revisions"}],"predecessor-version":[{"id":3602,"href":"https:\/\/www.habitaturban.ro\/index.php?rest_route=\/wp\/v2\/posts\/3600\/revisions\/3602"}],"wp:attachment":[{"href":"https:\/\/www.habitaturban.ro\/index.php?rest_route=%2Fwp%2Fv2%2Fmedia&parent=3600"}],"wp:term":[{"taxonomy":"category","embeddable":true,"href":"https:\/\/www.habitaturban.ro\/index.php?rest_route=%2Fwp%2Fv2%2Fcategories&post=3600"},{"taxonomy":"post_tag","embeddable":true,"href":"https:\/\/www.habitaturban.ro\/index.php?rest_route=%2Fwp%2Fv2%2Ftags&post=3600"}],"curies":[{"name":"wp","href":"https:\/\/api.w.org\/{rel}","templated":true}]}}