{"id":3624,"date":"2025-08-26T13:13:48","date_gmt":"2025-08-26T11:13:48","guid":{"rendered":"https:\/\/www.habitaturban.ro\/?p=3624"},"modified":"2025-08-29T13:15:46","modified_gmt":"2025-08-29T11:15:46","slug":"invitatie-conferinta-locuinte-in-siguranta-timisoara","status":"publish","type":"post","link":"https:\/\/www.habitaturban.ro\/?p=3624","title":{"rendered":"INVITA\u021aIE: Conferin\u0163a Locuin\u021be \u00een Siguran\u021b\u0103 TIMI\u0218OARA"},"content":{"rendered":"<p><em>Avem deosebita pl\u0103cere de a v\u0103 invita, joi, <strong><u>28.08.2025<\/u><\/strong>, ora <strong>10.00<\/strong>, la <strong>sediul FALT <\/strong>(<\/em><em>TIMI\u015eOARA, str. BRA\u015eOV, nr. 8<\/em><em>) la conferin\u021ba cu tema \u2013 <\/em><strong><em>locuin\u021be \u00een siguran\u021b\u0103. <\/em><\/strong><em>Aceasta este organizat\u0103 de\u00a0 <strong>Liga Na\u021bionala a Asocia\u021biilor de Proprietari Habitat<\/strong> cu sprijinul deosebit al <strong>FALT \u2013 pre\u0219edinte Petru Olariu<\/strong>.<\/em><\/p>\n<p><strong><em><u>Teme propuse<\/u><\/em><\/strong><\/p>\n<ul>\n<li><strong><em>Locuin\u021be \u00een siguran\u021b\u0103 \u2013 <\/em><\/strong>\n<ul>\n<li><em>Prevenirea furturilor din locuin\u021be<\/em><\/li>\n<li><em>Cartea de imobil <\/em><\/li>\n<li><em>Sanc\u0163ionarea faptelor de \u00eenc\u0103lcare a unor norme de convie\u0163uire social\u0103, a ordinii \u015fi lini\u015ftii publice <\/em><\/li>\n<\/ul>\n<\/li>\n<li><strong><em>Rela\u021bia <\/em><\/strong><em>membrilor \u0219i reprezentan\u021bilor asocia\u021bilor de proprietari<strong> cu <\/strong><\/em><strong><em>Prim\u0103ria Municipiului Timi\u0219oara<\/em><\/strong><\/li>\n<li><strong><em>Asigurarea locuin\u021belor<\/em><\/strong><em> &#8211; asigurarea obligatorie, asigurarea facultativa, <\/em><em>asigurare de raspunderecivila la asocia\u021biile de proprietari<\/em><\/li>\n<li><strong><em>Utilizarea \u00een siguran\u021b\u0103<\/em><\/strong><em> a Instala\u021biilor de gaze naturale (detectoare de gaze, norme de utilizare, detectoare de fum \u0219i CO2)<\/em><\/li>\n<li><strong><em>Nout\u0103\u021bi cu privire la<\/em><\/strong>\n<ul>\n<li><em>Legea nr. 196\/2018 privind \u00eenfiin\u0163area, organizarea \u015fi func\u0163ionarea asocia\u0163iilor de proprietari \u015fi administrarea condominiilor <\/em><\/li>\n<li><em>Fiscalitate, contabilitate, legisla\u021bie -asocia\u021bii de proprietari<\/em><\/li>\n<\/ul>\n<\/li>\n<\/ul>\n<p><strong><em><u>Sunt invita\u021bi reprezentan\u021bi ai<\/u><\/em><\/strong><\/p>\n<ul>\n<li><strong><em>P.J. Timi\u0219<\/em><\/strong><\/li>\n<\/ul>\n<p><strong><em>Pentru inscriere sau pt informatii suplimentare: <\/em><\/strong><\/p>\n<p><em>-Liga Asociatiilor de Proprietari Habitat &#8211; MIHAI MEREU<\/em><em>\u0162\u0102<\/em><em> &#8211; 0744.751.416; <\/em><em><a href=\"mailto:mihai.mereuta@habitaturban.ro\">mihai.mereuta@habitaturban.ro<\/a><\/em><em>; presedinte\u00a0 Liga Asociatiilor de Proprietari Habitat, Asociatia Romana pentru Locuinte Casa Plus<\/em><\/p>\n<p><strong><em>-FALT \u2013 Petru Olariu \u2013 0722.548.400; <\/em><\/strong><strong><em><a href=\"mailto:falt@falt.ro\">falt@falt.ro<\/a>; presedinte FALT, prim-vicepre\u0219edinte Liga Asociatiilor de Proprietari Habitat<br \/>\n<\/em><\/strong><strong><em>Num\u0103r limitat de locuri. V\u0103 rug\u0103m s\u0103 confirma\u021bi participarea.<br \/>\n<\/em><\/strong><strong><em>Ne face o deosebit\u0103 pl\u0103cere de a v\u0103 invita la aceast\u0103 dezbatere! <\/em><\/strong><em>Sprijinul dumneavoastr\u0103, participarea speciali\u0219tilor delega\u021bi sunt factori ce vor contribui la succesul acestei ac\u021biuni.<br \/>\n<\/em><em>Va dorim <strong>succes<\/strong> in activitatea pe care o desfasurati, va multumim pentru colaborare si sprijin si va asiguram de intreaga noastra consideratie.<\/em><\/p>\n<h2 align=\"center\"><strong>Mihai Mereuta<\/strong><\/h2>\n<p align=\"center\"><strong>Presedinte<\/strong><\/p>\n<table border=\"0\" width=\"100%\" cellspacing=\"0\" cellpadding=\"0\">\n<tbody>\n<tr>\n<td style=\"border: none;\" align=\"center\" valign=\"top\" width=\"50%\">\n<p align=\"center\"><strong><em>LIGA ASOCIA\u0162IILOR DE PROPRIETARI<\/em><\/strong><br \/>\n<strong><em>HABITAT<\/em><\/strong><\/p>\n<\/td>\n<\/tr>\n<\/tbody>\n<\/table>\n","protected":false},"excerpt":{"rendered":"<p>Avem deosebita pl\u0103cere de a v\u0103 invita, joi, 28.08.2025, ora 10.00, la sediul FALT (TIMI\u015eOARA, str. BRA\u015eOV, nr. 8) la conferin\u021ba cu tema \u2013 locuin\u021be \u00een siguran\u021b\u0103. Aceasta este organizat\u0103 de\u00a0 Liga Na\u021bionala a Asocia\u021biilor de Proprietari Habitat cu sprijinul deosebit al FALT \u2013 pre\u0219edinte Petru Olariu. Teme propuse Locuin\u021be \u00een siguran\u021b\u0103 \u2013 Prevenirea furturilor [&hellip;]<\/p>\n","protected":false},"author":3,"featured_media":0,"comment_status":"closed","ping_status":"open","sticky":false,"template":"","format":"standard","meta":{"footnotes":""},"categories":[1],"tags":[],"class_list":["post-3624","post","type-post","status-publish","format-standard","hentry","category-noutati"],"_links":{"self":[{"href":"https:\/\/www.habitaturban.ro\/index.php?rest_route=\/wp\/v2\/posts\/3624","targetHints":{"allow":["GET"]}}],"collection":[{"href":"https:\/\/www.habitaturban.ro\/index.php?rest_route=\/wp\/v2\/posts"}],"about":[{"href":"https:\/\/www.habitaturban.ro\/index.php?rest_route=\/wp\/v2\/types\/post"}],"author":[{"embeddable":true,"href":"https:\/\/www.habitaturban.ro\/index.php?rest_route=\/wp\/v2\/users\/3"}],"replies":[{"embeddable":true,"href":"https:\/\/www.habitaturban.ro\/index.php?rest_route=%2Fwp%2Fv2%2Fcomments&post=3624"}],"version-history":[{"count":1,"href":"https:\/\/www.habitaturban.ro\/index.php?rest_route=\/wp\/v2\/posts\/3624\/revisions"}],"predecessor-version":[{"id":3625,"href":"https:\/\/www.habitaturban.ro\/index.php?rest_route=\/wp\/v2\/posts\/3624\/revisions\/3625"}],"wp:attachment":[{"href":"https:\/\/www.habitaturban.ro\/index.php?rest_route=%2Fwp%2Fv2%2Fmedia&parent=3624"}],"wp:term":[{"taxonomy":"category","embeddable":true,"href":"https:\/\/www.habitaturban.ro\/index.php?rest_route=%2Fwp%2Fv2%2Fcategories&post=3624"},{"taxonomy":"post_tag","embeddable":true,"href":"https:\/\/www.habitaturban.ro\/index.php?rest_route=%2Fwp%2Fv2%2Ftags&post=3624"}],"curies":[{"name":"wp","href":"https:\/\/api.w.org\/{rel}","templated":true}]}}