{"id":556,"date":"2008-11-09T16:24:53","date_gmt":"2008-11-09T14:24:53","guid":{"rendered":"http:\/\/habitaturban.ro\/?p=556"},"modified":"2019-03-08T10:29:54","modified_gmt":"2019-03-08T08:29:54","slug":"ordin-nr-483-din-29092008-privind-aprobarea-contractului-cadru-de-furnizare-a-energiei-termice","status":"publish","type":"post","link":"https:\/\/www.habitaturban.ro\/?p=556","title":{"rendered":"Ordin nr. 483 din 29\/09\/2008 privind aprobarea Contractului-cadru de furnizare a energiei termice"},"content":{"rendered":"<p class=\"MsoNormal\"><span class=\"ln2preambul1\"><span style=\"font-size: 9pt; font-family: Arial;\"> <\/span><\/span><span class=\"ln2tpreambul1\"><span style=\"font-size: 9pt; font-family: Arial;\"> Av\u00e2nd \u00een vedere prevederile art. 14 alin. (2) lit. g) din Legea serviciului public de alimentare cu energie termic\u0103 <\/span><\/span><span class=\"ln2lnk1\"><em><span style=\"font-family: Arial;\">nr. 325\/2006<\/span><\/em><\/span><span class=\"ln2tpreambul1\"><span style=\"font-size: 9pt; font-family: Arial;\">, <\/span><\/span><\/p>\n<p class=\"MsoNormal\"><span class=\"ln2preambul1\"><span style=\"font-size: 9pt; font-family: Arial;\"> <\/span><\/span><span class=\"ln2tpreambul1\"><span style=\"font-size: 9pt; font-family: Arial;\"> \u00een temeiul art. 4 alin. (4) din <\/span><\/span><span class=\"ln2lnk1\"><em><span style=\"font-family: Arial;\">Regulamentul<\/span><\/em><\/span><span class=\"ln2tpreambul1\"><span style=\"font-size: 9pt; font-family: Arial;\"> de organizare \u015fi func\u0163ionare a Autorit\u0103\u0163ii Na\u0163ionale de Reglementare pentru Serviciile Comunitare de Utilit\u0103\u0163i Publice, aprobat prin Hot\u0103r\u00e2rea Guvernului <\/span><\/span><span class=\"ln2lnk1\"><em><span style=\"font-family: Arial;\">nr. 671\/2007<\/span><\/em><\/span><span class=\"ln2tpreambul1\"><span style=\"font-size: 9pt; font-family: Arial;\">, \u015fi al art. 16 alin. <\/span><\/span><span class=\"ln2tpreambul1\"><span style=\"font-size: 9pt; font-family: Arial;\">(7) \u015fi (9) din Legea serviciilor comunitare de utilit\u0103\u0163i publice <\/span><\/span><span class=\"ln2lnk1\"><em><span style=\"font-family: Arial;\">nr. 51\/2006<\/span><\/em><\/span><span class=\"ln2tpreambul1\"><span style=\"font-size: 9pt; font-family: Arial;\">, cu modific\u0103rile \u015fi complet\u0103rile ulterioare,<\/span><\/span><span class=\"ln2tpreambul1\"><span style=\"font-size: 9pt; font-family: Arial;\"> pre\u015fedintele Autorit\u0103\u0163ii Na\u0163ionale de Reglementare pentru Serviciile Comunitare de Utilit\u0103\u0163i Publice emite urm\u0103torul ordin:<\/span><\/span><span style=\"font-size: 9pt; font-family: Arial;\"><br \/>\n<!--[if !supportLineBreakNewLine]--><br \/>\n<!--[endif]--><\/span><\/p>\n<p class=\"MsoNormal\"><span class=\"ln2articol1\"><span style=\"font-size: 9pt; font-family: Arial;\"> Art. 1.<\/span><\/span><span class=\"ln2tarticol\"><span style=\"font-size: 9pt; font-family: Arial;\"> &#8211; Se aprob\u0103 Contractul-cadru de furnizare a energiei termice, prev\u0103zut \u00een anexa care face parte integrant\u0103 din prezentul ordin. <\/span><\/span><\/p>\n<p class=\"MsoNormal\"><span class=\"ln2articol1\"><span style=\"font-size: 9pt; font-family: Arial;\"> Art. 2.<\/span><\/span><span class=\"ln2tarticol\"><span style=\"font-size: 9pt; font-family: Arial;\"> &#8211; <\/span><\/span><span class=\"ln2alineat1\"><span style=\"font-size: 9pt; font-family: Arial;\">(1)<\/span><\/span><span class=\"ln2talineat\"><span style=\"font-size: 9pt; font-family: Arial;\"> Modificarea contractelor existente de furnizare a energiei termice se va face \u00een termen de 6 luni de la intrarea \u00een vigoare a contractului-cadru aprobat prin prezentul ordin, cu respectarea dispozi\u0163iilor acestuia. <\/span><\/span><\/p>\n<p><span class=\"ln2alineat1\"><span style=\"font-size: 9pt; font-family: Arial;\"> (2)<\/span><\/span><span class=\"ln2talineat\"><span style=\"font-size: 9pt; font-family: Arial;\"> \u00cen situa\u0163ia nemodific\u0103rii contractelor \u00een termenul prev\u0103zut la alin. (1), se aplic\u0103 prevederile contractului-cadru aprobat prin <\/span><\/span><\/p>\n<div style=\"text-align: right;\"><a href=\"documente\/1.doc\">download<\/a><\/div>\n","protected":false},"excerpt":{"rendered":"<p>Av\u00e2nd \u00een vedere prevederile art. 14 alin. (2) lit. g) din Legea serviciului public de alimentare cu energie termic\u0103 nr. 325\/2006, \u00een temeiul art. 4 alin. (4) din Regulamentul de organizare \u015fi func\u0163ionare a Autorit\u0103\u0163ii Na\u0163ionale de Reglementare pentru Serviciile Comunitare de Utilit\u0103\u0163i Publice, aprobat prin Hot\u0103r\u00e2rea Guvernului nr. 671\/2007, \u015fi al art. 16 alin. [&hellip;]<\/p>\n","protected":false},"author":3,"featured_media":0,"comment_status":"open","ping_status":"open","sticky":false,"template":"","format":"standard","meta":{"footnotes":""},"categories":[85],"tags":[],"class_list":["post-556","post","type-post","status-publish","format-standard","hentry","category-arhiva"],"_links":{"self":[{"href":"https:\/\/www.habitaturban.ro\/index.php?rest_route=\/wp\/v2\/posts\/556","targetHints":{"allow":["GET"]}}],"collection":[{"href":"https:\/\/www.habitaturban.ro\/index.php?rest_route=\/wp\/v2\/posts"}],"about":[{"href":"https:\/\/www.habitaturban.ro\/index.php?rest_route=\/wp\/v2\/types\/post"}],"author":[{"embeddable":true,"href":"https:\/\/www.habitaturban.ro\/index.php?rest_route=\/wp\/v2\/users\/3"}],"replies":[{"embeddable":true,"href":"https:\/\/www.habitaturban.ro\/index.php?rest_route=%2Fwp%2Fv2%2Fcomments&post=556"}],"version-history":[{"count":3,"href":"https:\/\/www.habitaturban.ro\/index.php?rest_route=\/wp\/v2\/posts\/556\/revisions"}],"predecessor-version":[{"id":2771,"href":"https:\/\/www.habitaturban.ro\/index.php?rest_route=\/wp\/v2\/posts\/556\/revisions\/2771"}],"wp:attachment":[{"href":"https:\/\/www.habitaturban.ro\/index.php?rest_route=%2Fwp%2Fv2%2Fmedia&parent=556"}],"wp:term":[{"taxonomy":"category","embeddable":true,"href":"https:\/\/www.habitaturban.ro\/index.php?rest_route=%2Fwp%2Fv2%2Fcategories&post=556"},{"taxonomy":"post_tag","embeddable":true,"href":"https:\/\/www.habitaturban.ro\/index.php?rest_route=%2Fwp%2Fv2%2Ftags&post=556"}],"curies":[{"name":"wp","href":"https:\/\/api.w.org\/{rel}","templated":true}]}}