{"id":558,"date":"2008-11-09T16:43:36","date_gmt":"2008-11-09T14:43:36","guid":{"rendered":"http:\/\/habitaturban.ro\/?p=558"},"modified":"2019-03-08T10:29:58","modified_gmt":"2019-03-08T08:29:58","slug":"lege-nr-200-din-21102008-privind-aprobarea-ordonantei-de-urgenta-a-guvernului-nr-912007-pentru-modificarea-si-completarea-unor-acte-normative-din-domeniul-protectiei-sociale","status":"publish","type":"post","link":"https:\/\/www.habitaturban.ro\/?p=558","title":{"rendered":"Lege nr. 200 din 21\/10\/2008 privind aprobarea Ordonan\u0163ei de urgen\u0163\u0103 a Guvernului nr. 91\/2007 pentru modificarea \u015fi completarea unor acte normative din domeniul protec\u0163iei sociale"},"content":{"rendered":"<p class=\"MsoNormal\"><span class=\"ln2articol1\"><span style=\"font-family: Arial;\">Articol unic. <\/span><\/span><span class=\"ln2tarticol\"><span style=\"font-family: Arial;\">&#8211; Se aprob\u0103 Ordonan\u0163a de urgen\u0163\u0103 a Guvernului <\/span><\/span><span class=\"ln2lnk1\"><span style=\"font-size: 9pt; font-family: Arial;\">nr. 91<\/span><\/span><span class=\"ln2tarticol\"><span style=\"font-family: Arial;\"> din 26 septembrie 2007 pentru modificarea \u015fi completarea unor acte normative din domeniul protec\u0163iei sociale, publicat\u0103 \u00een Monitorul Oficial al Rom\u00e2niei, Partea I, nr. 671 din 1 octombrie 2007, cu urm\u0103toarele modific\u0103ri: <\/span><\/span><\/p>\n<p class=\"MsoNormal\"><span class=\"ln2punct1\"><span style=\"font-family: Arial;\"> 1.<\/span><\/span><span class=\"ln2tpunct\"><span style=\"font-family: Arial;\"> La articolul I punctul 15, articolul 26 va avea urm\u0103torul cuprins: <\/span><\/span><\/p>\n<p class=\"MsoNormal\"><span class=\"ln2paragraf1\"><span style=\"font-family: Arial;\"> <\/span><\/span><span class=\"ln2tparagraf\"><span style=\"font-family: Arial;\"> <\/span><\/span><span class=\"ln2tparagraf\"><span style=\"font-family: Arial;\">&#8222;Art. 26. &#8211; (1) <strong>Contribu\u0163ia de asigur\u0103ri sociale nu se datoreaz\u0103<\/strong> asupra sumelor reprezent\u00e2nd: <\/span><\/span><\/p>\n<p class=\"MsoNormal\"><span class=\"ln2paragraf1\"><span style=\"font-family: Arial;\"> <\/span><\/span><span class=\"ln2tparagraf\"><span style=\"font-family: Arial;\"> a) presta\u0163ii suportate din bugetul asigur\u0103rilor sociale de stat, inclusiv cele acordate pentru accidente de munc\u0103 \u015fi boli profesionale; <\/span><\/span><\/p>\n<p class=\"MsoNormal\"><span class=\"ln2paragraf1\"><span style=\"font-family: Arial;\"> <\/span><\/span><span class=\"ln2tparagraf\"><span style=\"font-family: Arial;\"> b) <strong>diurne de deplasare \u015fi de delegare, indemniza\u0163ii de delegare, deta\u015fare \u015fi transfer, drepturi de autor, precum \u015fi venituri primite \u00een baza unor conven\u0163ii civile sau contracte de colaborare<\/strong>; <\/span><\/span><\/p>\n<p class=\"MsoNormal\"><span class=\"ln2paragraf1\"><span style=\"font-family: Arial;\"> <\/span><\/span><span class=\"ln2tparagraf\"><span style=\"font-family: Arial;\"> <\/span><\/span><span class=\"ln2tparagraf\"><span style=\"font-family: Arial;\">c) participarea salaria\u0163ilor la profit. <\/span><\/span><\/p>\n<p class=\"MsoNormal\"><span class=\"ln2paragraf1\"><span style=\"font-family: Arial;\"> <\/span><\/span><span class=\"ln2tparagraf\"><span style=\"font-family: Arial;\"> (2) Sumele asupra c\u0103rora nu se datoreaz\u0103 contribu\u0163ia de asigur\u0103ri sociale, prev\u0103zute la alin. (1) lit. b) \u015fi c), nu se iau \u00een considerare la stabilirea presta\u0163iilor din sistemul public de pensii.&#8221; <\/span><\/span><\/p>\n<p class=\"MsoNormal\"><span class=\"ln2punct1\"><span style=\"font-family: Arial;\"> 2.<\/span><\/span><span class=\"ln2tpunct\"><span style=\"font-family: Arial;\"> La articolul I punctul 20, alineatul (1) al articolului 142 se modific\u0103 \u015fi va avea urm\u0103torul cuprins: <\/span><\/span><\/p>\n<p class=\"MsoNormal\" style=\"text-align: right;\"><a href=\"documente\/2.doc\">download<\/a><\/p>\n","protected":false},"excerpt":{"rendered":"<p>Articol unic. &#8211; Se aprob\u0103 Ordonan\u0163a de urgen\u0163\u0103 a Guvernului nr. 91 din 26 septembrie 2007 pentru modificarea \u015fi completarea unor acte normative din domeniul protec\u0163iei sociale, publicat\u0103 \u00een Monitorul Oficial al Rom\u00e2niei, Partea I, nr. 671 din 1 octombrie 2007, cu urm\u0103toarele modific\u0103ri: 1. La articolul I punctul 15, articolul 26 va avea urm\u0103torul [&hellip;]<\/p>\n","protected":false},"author":3,"featured_media":0,"comment_status":"open","ping_status":"open","sticky":false,"template":"","format":"standard","meta":{"footnotes":""},"categories":[85],"tags":[],"class_list":["post-558","post","type-post","status-publish","format-standard","hentry","category-arhiva"],"_links":{"self":[{"href":"https:\/\/www.habitaturban.ro\/index.php?rest_route=\/wp\/v2\/posts\/558","targetHints":{"allow":["GET"]}}],"collection":[{"href":"https:\/\/www.habitaturban.ro\/index.php?rest_route=\/wp\/v2\/posts"}],"about":[{"href":"https:\/\/www.habitaturban.ro\/index.php?rest_route=\/wp\/v2\/types\/post"}],"author":[{"embeddable":true,"href":"https:\/\/www.habitaturban.ro\/index.php?rest_route=\/wp\/v2\/users\/3"}],"replies":[{"embeddable":true,"href":"https:\/\/www.habitaturban.ro\/index.php?rest_route=%2Fwp%2Fv2%2Fcomments&post=558"}],"version-history":[{"count":4,"href":"https:\/\/www.habitaturban.ro\/index.php?rest_route=\/wp\/v2\/posts\/558\/revisions"}],"predecessor-version":[{"id":2772,"href":"https:\/\/www.habitaturban.ro\/index.php?rest_route=\/wp\/v2\/posts\/558\/revisions\/2772"}],"wp:attachment":[{"href":"https:\/\/www.habitaturban.ro\/index.php?rest_route=%2Fwp%2Fv2%2Fmedia&parent=558"}],"wp:term":[{"taxonomy":"category","embeddable":true,"href":"https:\/\/www.habitaturban.ro\/index.php?rest_route=%2Fwp%2Fv2%2Fcategories&post=558"},{"taxonomy":"post_tag","embeddable":true,"href":"https:\/\/www.habitaturban.ro\/index.php?rest_route=%2Fwp%2Fv2%2Ftags&post=558"}],"curies":[{"name":"wp","href":"https:\/\/api.w.org\/{rel}","templated":true}]}}