{"id":561,"date":"2008-11-09T16:44:39","date_gmt":"2008-11-09T14:44:39","guid":{"rendered":"http:\/\/habitaturban.ro\/?p=561"},"modified":"2019-03-08T10:30:01","modified_gmt":"2019-03-08T08:30:01","slug":"ordin-nr-1339-din-23102008-pentru-aprobarea-ghidului-de-finantare-a-programului-de-inlocuire-sau-completare-a-sistemelor-clasice-de-incalzire-cu-sisteme-care-utilizeaza-energie-solara-energie-geo","status":"publish","type":"post","link":"https:\/\/www.habitaturban.ro\/?p=561","title":{"rendered":"Ordin nr. 1339 din 23\/10\/2008  pentru aprobarea Ghidului de finan\u0163are a Programului de \u00eenlocuire sau completare a sistemelor clasice de \u00eenc\u0103lzire cu sisteme care utilizeaz\u0103 energie solar\u0103, energie geotermal\u0103 \u015fi energie eolian\u0103 ori alte sisteme care conduc la \u00eembun\u0103t\u0103\u0163irea calit\u0103\u0163ii aerului, apei \u015fi solului"},"content":{"rendered":"<p><!--[if gte mso 9]><xml> <w:WordDocument> <w:View>Normal<\/w:View> <w:Zoom>0<\/w:Zoom> <w:Compatibility> <w:BreakWrappedTables \/> <w:SnapToGridInCell \/> <w:WrapTextWithPunct \/> <w:UseAsianBreakRules \/> <\/w:Compatibility> <w:BrowserLevel>MicrosoftInternetExplorer4<\/w:BrowserLevel> <\/w:WordDocument> <\/xml><![endif]--> <!--[if gte mso 10]> <mce:style><!\n\/* Style Definitions *\/\ntable.MsoNormalTable\n{mso-style-name:\"Table Normal\";\nmso-tstyle-rowband-size:0;\nmso-tstyle-colband-size:0;\nmso-style-noshow:yes;\nmso-style-parent:\"\";\nmso-padding-alt:0in 5.4pt 0in 5.4pt;\nmso-para-margin:0in;\nmso-para-margin-bottom:.0001pt;\nmso-pagination:widow-orphan;\nfont-size:10.0pt;\nfont-family:\"Times New Roman\";}\n--> <!--[endif]--><\/p>\n<p><!--[if gte mso 9]><xml> <w:WordDocument> <w:View>Normal<\/w:View> <w:Zoom>0<\/w:Zoom> <w:Compatibility> <w:BreakWrappedTables \/> <w:SnapToGridInCell \/> <w:WrapTextWithPunct \/> <w:UseAsianBreakRules \/> <\/w:Compatibility> <w:BrowserLevel>MicrosoftInternetExplorer4<\/w:BrowserLevel> <\/w:WordDocument> <\/xml><![endif]--><\/p>\n<p><!--[if gte mso 10]> <mce:style><!\n\/* Style Definitions *\/\ntable.MsoNormalTable\n{mso-style-name:\"Table Normal\";\nmso-tstyle-rowband-size:0;\nmso-tstyle-colband-size:0;\nmso-style-noshow:yes;\nmso-style-parent:\"\";\nmso-padding-alt:0in 5.4pt 0in 5.4pt;\nmso-para-margin:0in;\nmso-para-margin-bottom:.0001pt;\nmso-pagination:widow-orphan;\nfont-size:10.0pt;\nfont-family:\"Times New Roman\";}\n--> <!--[endif]--><\/p>\n<p class=\"MsoNormal\"><span class=\"ln2preambul1\"><span style=\"font-size: 9pt; font-family: Arial;\"> <\/span><\/span><span class=\"ln2tpreambul1\"><span style=\"font-size: 9pt; font-family: Arial;\"> \u00cen baza art. 13<sup>1<\/sup> alin. (3) din Ordonan\u0163a de urgen\u0163\u0103 a Guvernului <\/span><\/span><span class=\"ln2lnk1\"><em><span style=\"font-size: 9pt;\">nr. 196\/2005<\/span><\/em><\/span><span class=\"ln2tpreambul1\"><span style=\"font-size: 9pt; font-family: Arial;\"> privind Fondul pentru mediu, aprobat\u0103 cu modific\u0103ri \u015fi complet\u0103ri prin Legea <\/span><\/span><span class=\"ln2lnk1\"><em><span style=\"font-size: 9pt;\">nr. 105\/2006<\/span><\/em><\/span><span class=\"ln2tpreambul1\"><span style=\"font-size: 9pt; font-family: Arial;\">, cu modific\u0103rile \u015fi complet\u0103rile ulterioare, <\/span><\/span><\/p>\n<p class=\"MsoNormal\"><span class=\"ln2preambul1\"><span style=\"font-size: 9pt; font-family: Arial;\"> <\/span><\/span><span class=\"ln2tpreambul1\"><span style=\"font-size: 9pt; font-family: Arial;\"> \u00een temeiul art. 5 alin. (7) din Hot\u0103r\u00e2rea Guvernului <\/span><\/span><span class=\"ln2lnk1\"><em><span style=\"font-size: 9pt;\">nr. 368\/2007<\/span><\/em><\/span><span class=\"ln2tpreambul1\"><span style=\"font-size: 9pt; font-family: Arial;\"> privind organizarea \u015fi func\u0163ionarea Ministerului Mediului \u015fi Dezvolt\u0103rii Durabile, cu complet\u0103rile ulterioare, <\/span><\/span><\/p>\n<p class=\"MsoNormal\"><span class=\"ln2preambul1\"><span style=\"font-size: 9pt; font-family: Arial;\"> <\/span><\/span><span class=\"ln2tpreambul1\"><span style=\"font-size: 9pt; font-family: Arial;\"> ministrul mediului \u015fi dezvolt\u0103rii durabile emite prezentul ordin. <\/span><\/span><\/p>\n<p class=\"MsoNormal\"><span style=\"font-size: 9pt; font-family: Arial;\"> <\/span><\/p>\n<p class=\"MsoNormal\"><span class=\"ln2articol1\"><span style=\"font-size: 9pt; font-family: Arial;\"> Art. 1.<\/span><\/span><span class=\"ln2tarticol\"><span style=\"font-size: 9pt; font-family: Arial;\"> &#8211; Se aprob\u0103 Ghidul de finan\u0163are a Programului de \u00eenlocuire sau completare a sistemelor clasice de \u00eenc\u0103lzire cu sisteme care utilizeaz\u0103 energie solar\u0103, energie geotermal\u0103 \u015fi energie eolian\u0103 ori alte sisteme care conduc la \u00eembun\u0103t\u0103\u0163irea calit\u0103\u0163ii aerului, apei \u015fi solului, cuprins \u00een anexa care face parte integrant\u0103 din prezentul ordin. <\/span><\/span><\/p>\n<p class=\"MsoNormal\"><span class=\"ln2articol1\"><span style=\"font-size: 9pt; font-family: Arial;\"> Art. 2.<\/span><\/span><span class=\"ln2tarticol\"><span style=\"font-size: 9pt; font-family: Arial;\"> &#8211; Administra\u0163ia Fondului pentru Mediu va duce la \u00eendeplinire prevederile prezentului ordin. <\/span><\/span><\/p>\n<p class=\"MsoNormal\"><span class=\"ln2articol1\"><span style=\"font-size: 9pt; font-family: Arial;\"> Art. 3.<\/span><\/span><span class=\"ln2tarticol\"><span style=\"font-size: 9pt; font-family: Arial;\"> &#8211; Prezentul ordin se public\u0103 \u00een Monitorul Oficial al Rom\u00e2niei, Partea I. <\/span><\/span><\/p>\n<p class=\"MsoNormal\"><span style=\"font-size: 9pt; font-family: Arial;\"> <\/span><\/p>\n<p class=\"MsoNormal\" style=\"text-align: center;\" align=\"center\"><span class=\"ln2paragraf1\"><span style=\"font-size: 9pt; font-family: Arial;\"> <\/span><\/span><span class=\"ln2tparagraf\"><span style=\"font-size: 9pt; font-family: Arial;\"> Ministrul mediului \u015fi dezvolt\u0103rii durabile,<\/span><\/span><span style=\"font-size: 9pt; font-family: Arial;\"><br \/>\n<span class=\"ln2tparagraf\">Attila Korodi <\/span><\/span><\/p>\n<p class=\"MsoNormal\"><span class=\"ln2paragraf1\"><span style=\"font-size: 9pt; font-family: Arial;\"> <\/span><\/span><span class=\"ln2tparagraf\"><span style=\"font-size: 9pt; font-family: Arial;\"> Bucure\u015fti, 23 octombrie 2008. <\/span><\/span><\/p>\n<p class=\"MsoNormal\"><span class=\"ln2paragraf1\"><span style=\"font-size: 9pt; font-family: Arial;\"> <\/span><\/span><span class=\"ln2tparagraf\"><span style=\"font-size: 9pt; font-family: Arial;\"> Nr. 1.339. <\/span><\/span><\/p>\n<p class=\"MsoNormal\">\n<p class=\"MsoNormal\" style=\"text-align: right;\"><a href=\"documente\/3.doc\">download<\/a><\/p>\n","protected":false},"excerpt":{"rendered":"<p>\u00cen baza art. 131 alin. (3) din Ordonan\u0163a de urgen\u0163\u0103 a Guvernului nr. 196\/2005 privind Fondul pentru mediu, aprobat\u0103 cu modific\u0103ri \u015fi complet\u0103ri prin Legea nr. 105\/2006, cu modific\u0103rile \u015fi complet\u0103rile ulterioare, \u00een temeiul art. 5 alin. (7) din Hot\u0103r\u00e2rea Guvernului nr. 368\/2007 privind organizarea \u015fi func\u0163ionarea Ministerului Mediului \u015fi Dezvolt\u0103rii Durabile, cu complet\u0103rile ulterioare, [&hellip;]<\/p>\n","protected":false},"author":3,"featured_media":0,"comment_status":"open","ping_status":"open","sticky":false,"template":"","format":"standard","meta":{"footnotes":""},"categories":[85],"tags":[],"class_list":["post-561","post","type-post","status-publish","format-standard","hentry","category-arhiva"],"_links":{"self":[{"href":"https:\/\/www.habitaturban.ro\/index.php?rest_route=\/wp\/v2\/posts\/561","targetHints":{"allow":["GET"]}}],"collection":[{"href":"https:\/\/www.habitaturban.ro\/index.php?rest_route=\/wp\/v2\/posts"}],"about":[{"href":"https:\/\/www.habitaturban.ro\/index.php?rest_route=\/wp\/v2\/types\/post"}],"author":[{"embeddable":true,"href":"https:\/\/www.habitaturban.ro\/index.php?rest_route=\/wp\/v2\/users\/3"}],"replies":[{"embeddable":true,"href":"https:\/\/www.habitaturban.ro\/index.php?rest_route=%2Fwp%2Fv2%2Fcomments&post=561"}],"version-history":[{"count":5,"href":"https:\/\/www.habitaturban.ro\/index.php?rest_route=\/wp\/v2\/posts\/561\/revisions"}],"predecessor-version":[{"id":2773,"href":"https:\/\/www.habitaturban.ro\/index.php?rest_route=\/wp\/v2\/posts\/561\/revisions\/2773"}],"wp:attachment":[{"href":"https:\/\/www.habitaturban.ro\/index.php?rest_route=%2Fwp%2Fv2%2Fmedia&parent=561"}],"wp:term":[{"taxonomy":"category","embeddable":true,"href":"https:\/\/www.habitaturban.ro\/index.php?rest_route=%2Fwp%2Fv2%2Fcategories&post=561"},{"taxonomy":"post_tag","embeddable":true,"href":"https:\/\/www.habitaturban.ro\/index.php?rest_route=%2Fwp%2Fv2%2Ftags&post=561"}],"curies":[{"name":"wp","href":"https:\/\/api.w.org\/{rel}","templated":true}]}}