{"id":780,"date":"2009-04-07T11:54:04","date_gmt":"2009-04-07T09:54:04","guid":{"rendered":"http:\/\/www.habitaturban.ro\/?p=780"},"modified":"2009-04-11T12:07:24","modified_gmt":"2009-04-11T10:07:24","slug":"salvati-spatiile-verzi","status":"publish","type":"post","link":"https:\/\/www.habitaturban.ro\/?p=780","title":{"rendered":"Salvati spatiile verzi!"},"content":{"rendered":"<p style=\"border: medium none; margin: 0in 0in 0.0001pt; padding: 0in;\">Miercuri, 08.04.2009, ora 11.00, la Sala de consiliu a primariei sectorului 4 bucuresti are loc seminarul cu tema:<\/p>\n<h3 style=\"text-align: center;\">Salvati spatiile verzi!<\/h3>\n<p class=\"MsoNormal\" style=\"border: medium none; padding: 0in; text-align: center;\" align=\"center\"><strong><em><span style=\"font-size: 10pt; text-transform: uppercase; font-family: Arial;\">este cel de al \u2013 12 &#8211; lea an in care oferim consiliere gratuita!<\/span><\/em><\/strong><\/p>\n<p class=\"ln2acttitlu\" style=\"margin: 0in 0in 0.0001pt; text-align: justify;\"><span style=\"font-size: 9pt; font-family: Arial;\">In cadrul seminariilor complet gratuite adresate membrilor si reprezentantilor asociatiilor de proprietari (din toate sectoarele Capitalei) <\/span>la Sala de consiliu a primariei sectorului 4 bucuresti are loc seminarul cu tema: salvati spatiile verzi.<\/p>\n<p class=\"ln2acttitlu\" style=\"margin: 0in 0in 0.0001pt; text-align: justify;\"><strong><\/strong><\/p>\n<p class=\"ln2acttitlu\" style=\"margin: 0in 0in 0.0001pt; text-align: justify;\"><strong><span style=\"font-size: 9pt; text-transform: uppercase; font-family: Arial; color: #000000;\">Prezentarile vor viza:<\/span><\/strong><\/p>\n<p class=\"ln2acttitlu\" style=\"margin: 0in 0in 0.0001pt; text-align: justify;\"><span style=\"font-size: 10pt;\" lang=\"RO\"><span style=\"font-size-adjust: none; font-stretch: normal; font-family: &quot;Times New Roman&quot;;\"> <\/span><\/span><span style=\"font-size: 9pt; font-family: Arial;\"><em><strong>Probleme cum ar fi:<\/strong><\/em><\/span><\/p>\n<p class=\"MsoBodyText2\" style=\"margin: 0in 0in 0.0001pt 27pt; text-align: justify; text-indent: 0in; line-height: normal;\"><span style=\"font-size: 9pt; font-family: &quot;Courier New&quot;;\">o<span style=\"font-size-adjust: none; font-stretch: normal; font-family: &quot;Times New Roman&quot;;\"> <\/span><\/span><span style=\"font-size: 9pt; font-family: Arial;\">Por\u0163iuni din parcurile publice, sau chiar parcuri \u00eentregi, sunt retrocedate \u00een continuare \u015fi betonate pentru materializarea unor proiecte imobiliare, ac\u0163iuni ilegale conform prevederilor OUG 114\/2007;<\/span><\/p>\n<p class=\"MsoBodyText2\" style=\"margin: 0in 0in 0.0001pt 27pt; text-align: justify; text-indent: 0in; line-height: normal;\"><span style=\"font-size: 9pt; font-family: &quot;Courier New&quot;;\">o<span style=\"font-size-adjust: none; font-stretch: normal; font-family: &quot;Times New Roman&quot;;\"> <\/span><\/span><span style=\"font-size: 9pt; font-family: Arial;\">Spa\u0163ii verzi din vecin\u0103tatea unor blocuri devin arii construibile f\u0103r\u0103 a fi solicitat acceptul riveranilor care au dreptul la o opinie exprimat\u0103 inclusiv \u00een cadrul unor dezbateri publice obligatorii (conform Conven\u0163iei de la Aarhus ratificat\u0103 de Rom\u00e2nia prin Legea nr. 86\/2000) sau prin sfidarea ac\u0163iunilor de protest ale acestora adresate autorit\u0103\u0163ilor locale; abera\u0163ia merge p\u00e2n\u0103 la construirea unor blocuri la distan\u0163e de 2-3 metri de cele vechi;<\/span><\/p>\n<p class=\"MsoBodyText2\" style=\"margin: 0in 0in 0.0001pt 27pt; text-align: justify; text-indent: 0in; line-height: normal;\"><span style=\"font-size: 9pt; font-family: &quot;Courier New&quot;;\">o<span style=\"font-size-adjust: none; font-stretch: normal; font-family: &quot;Times New Roman&quot;;\"> <\/span><\/span><span style=\"font-size: 9pt; font-family: Arial;\">Autorit\u0103\u0163ile publice emit autoriza\u0163ii de construire pe suprafa\u0163a parc\u0103rilor dintre blocuri, con\u0163in\u00e2nd de multe ori \u015fi un aliniament cu vegeta\u0163ie, sau pe spa\u0163ii de joac\u0103 pentru copii;<!--more--><\/span><\/p>\n<p class=\"MsoBodyText2\" style=\"margin: 0in 0in 0.0001pt 27pt; text-align: justify; text-indent: 0in; line-height: normal;\"><span style=\"font-size: 9pt; font-family: &quot;Courier New&quot;;\">o<span style=\"font-size-adjust: none; font-stretch: normal; font-family: &quot;Times New Roman&quot;;\"> <\/span><\/span><span style=\"font-size: 9pt; font-family: Arial;\">\u00cen prezent, unui locuitor al Capitalei \u00eei revin cca 6 mp de spa\u0163iu verde, exist\u00e2nd sectoare precum sectorul 6 unde unui locuitor \u00eei revin sub 3mp!<\/span><\/p>\n<p class=\"MsoBodyText2\" style=\"margin: 0in 0in 0.0001pt 27pt; text-align: justify; text-indent: 0in; line-height: normal;\"><span style=\"font-size: 9pt; font-family: &quot;Courier New&quot;;\">o<span style=\"font-size-adjust: none; font-stretch: normal; font-family: &quot;Times New Roman&quot;;\"> <\/span><\/span><span style=\"font-size: 9pt; font-family: Arial;\">\u00cen 2006 numai de pe aliniamentele stradale lipseau circa 600.000 de arbori, conform unei estim\u0103ri realizate de Funda\u0163ia Eco-Civica;<\/span><\/p>\n<p class=\"MsoBodyText2\" style=\"margin: 0in 0in 0.0001pt 27pt; text-align: justify; text-indent: 0in; line-height: normal;\"><span style=\"font-size: 9pt; font-family: &quot;Courier New&quot;;\">o<span style=\"font-size-adjust: none; font-stretch: normal; font-family: &quot;Times New Roman&quot;;\"> <\/span><\/span><span style=\"font-size: 9pt; font-family: Arial;\">\u00cens\u0103\u015fi Prim\u0103riile, care sunt datoare s\u0103 apere interesele cet\u0103\u0163eanului, taie arbori din aliniamentul stradal pentru interese comerciale.<\/span><\/p>\n<p class=\"MsoBodyText2\" style=\"margin: 0in 0in 0.0001pt 27pt; text-align: justify; text-indent: 0in; line-height: normal;\">\n<ul>\n<li> <span style=\"font-size: 9pt; font-family: Arial;\"><em>Obligatiile membrilor si reprezentantilor asociatiilor de proprietari;<\/em><\/span><\/li>\n<li> <span style=\"font-size: 9pt; font-family: Arial;\"><em>Relatia cu Primaria;<\/em><\/span><\/li>\n<li> <span style=\"font-size: 9pt; font-family: Arial;\"><em>Probleme si relatia cu asociatiile de proprietari;<\/em><\/span><\/li>\n<li> <span style=\"font-size: 9pt; font-family: Arial;\"><em>Implicarea autoritatilor locale si centrale in apararea consumatorilor.<\/em><\/span><\/li>\n<\/ul>\n<h3 style=\"text-align: justify;\">Invitati:<\/h3>\n<ul>\n<li> <em><span style=\"font-size: 9pt; font-family: Arial;\">Reprezentanti ai asociatiilor de proprietari din Bucuresti;<\/span><\/em><\/li>\n<li> <em><span style=\"font-size: 9pt; font-family: Arial;\">Reprezentanti ai MM, MAI si MDRL;<\/span><\/em><\/li>\n<li> <em><span style=\"font-size: 9pt; font-family: Arial;\">Reprezentanti ai Primariei Generale a Municipiului Bucureresti;<\/span><\/em><\/li>\n<li> <em><span style=\"font-size: 9pt; font-family: Arial;\">Reprezentanti ai Consiliului General al Municipiului Bucuresti;<\/span><\/em><\/li>\n<li> <em><span style=\"font-size: 9pt; font-family: Arial;\">Reprezentanti ai <\/span><\/em><em><span style=\"font-size: 9pt; font-family: Arial;\">Prefecturii Municipiului Bucuresti<\/span><\/em><em><\/em><\/li>\n<li> <em><span style=\"font-size: 9pt; font-family: Arial;\">Reprezentanti ai <\/span><\/em><em><span style=\"font-size: 9pt; font-family: Arial;\">Autoritatii Nationale pentru Protectia Consumatorilor si ai <\/span><\/em><em><span style=\"font-size: 9pt; font-family: Arial;\">OPC Bucuresti<\/span><\/em><em><\/em><\/li>\n<li> <em><span style=\"font-size: 9pt; font-family: Arial;\">Specialisti in domeniu;<\/span><\/em><\/li>\n<\/ul>\n<p class=\"MsoNormal\" style=\"text-align: justify;\"><strong><span style=\"text-decoration: underline;\"><span style=\"font-size: 9pt; font-family: Arial;\">Va rugam sa delegati un reprezentant la aceasta intalnire!<\/span><\/span><\/strong><\/p>\n<p class=\"MsoNormal\" style=\"margin-top: 3pt; text-align: justify;\"><strong><span style=\"font-size: 9pt; font-family: Arial;\">Pentru confirmarea participarii: tel\/fax 021.319.07.99; 0744.751.416, <span style=\"letter-spacing: 1pt;\">Email: <a href=\"mailto:mihai.mereuta@habitaturban.ro\">mihai.mereuta@habitaturban.ro<\/a>.<\/span><\/span><\/strong><\/p>\n<p class=\"MsoNormal\" style=\"margin: 2pt 0in; text-align: justify;\"><span style=\"font-size: 9pt; font-family: Arial;\">Informarea corecta si de calitate a reprezentantilor asociatiilor de proprietari cu privire la drepturile si obligatiile acestora este benefica tuturor partilor implicate!<\/span><\/p>\n<p class=\"MsoBodyText\"><span style=\"font-weight: normal; font-size: 9pt; font-family: Arial;\">Multumindu-va anticipat pentru PARTICIPARE, va rog sa primiti, asigurarea deplinei mele consideratii.<\/span><\/p>\n","protected":false},"excerpt":{"rendered":"<p>Miercuri, 08.04.2009, ora 11.00, la Sala de consiliu a primariei sectorului 4 bucuresti are loc seminarul cu tema: Salvati spatiile verzi! este cel de al \u2013 12 &#8211; lea an in care oferim consiliere gratuita! In cadrul seminariilor complet gratuite adresate membrilor si reprezentantilor asociatiilor de proprietari (din toate sectoarele Capitalei) la Sala de consiliu [&hellip;]<\/p>\n","protected":false},"author":3,"featured_media":0,"comment_status":"open","ping_status":"open","sticky":false,"template":"","format":"standard","meta":{"footnotes":""},"categories":[1],"tags":[],"class_list":["post-780","post","type-post","status-publish","format-standard","hentry","category-noutati"],"_links":{"self":[{"href":"https:\/\/www.habitaturban.ro\/index.php?rest_route=\/wp\/v2\/posts\/780","targetHints":{"allow":["GET"]}}],"collection":[{"href":"https:\/\/www.habitaturban.ro\/index.php?rest_route=\/wp\/v2\/posts"}],"about":[{"href":"https:\/\/www.habitaturban.ro\/index.php?rest_route=\/wp\/v2\/types\/post"}],"author":[{"embeddable":true,"href":"https:\/\/www.habitaturban.ro\/index.php?rest_route=\/wp\/v2\/users\/3"}],"replies":[{"embeddable":true,"href":"https:\/\/www.habitaturban.ro\/index.php?rest_route=%2Fwp%2Fv2%2Fcomments&post=780"}],"version-history":[{"count":15,"href":"https:\/\/www.habitaturban.ro\/index.php?rest_route=\/wp\/v2\/posts\/780\/revisions"}],"predecessor-version":[{"id":782,"href":"https:\/\/www.habitaturban.ro\/index.php?rest_route=\/wp\/v2\/posts\/780\/revisions\/782"}],"wp:attachment":[{"href":"https:\/\/www.habitaturban.ro\/index.php?rest_route=%2Fwp%2Fv2%2Fmedia&parent=780"}],"wp:term":[{"taxonomy":"category","embeddable":true,"href":"https:\/\/www.habitaturban.ro\/index.php?rest_route=%2Fwp%2Fv2%2Fcategories&post=780"},{"taxonomy":"post_tag","embeddable":true,"href":"https:\/\/www.habitaturban.ro\/index.php?rest_route=%2Fwp%2Fv2%2Ftags&post=780"}],"curies":[{"name":"wp","href":"https:\/\/api.w.org\/{rel}","templated":true}]}}