{"id":784,"date":"2009-04-07T12:02:26","date_gmt":"2009-04-07T10:02:26","guid":{"rendered":"http:\/\/www.habitaturban.ro\/?p=784"},"modified":"2009-04-11T12:03:01","modified_gmt":"2009-04-11T10:03:01","slug":"imbunatatirea-capacitatii-asociatiilor-de-proprietari","status":"publish","type":"post","link":"https:\/\/www.habitaturban.ro\/?p=784","title":{"rendered":"\u00cembun\u0103t\u0103\u0163irea capacit\u0103\u0163ii asocia\u0163iilor de proprietari"},"content":{"rendered":"<p style=\"border: medium none; padding: 0in; background: white none repeat scroll 0% 0%;\">Miercuri,08 aprilie 2009, ora 17.00, la Piatra Neamt are loc seminarul cu tema:<\/p>\n<h3 style=\"background: white; text-align: center; padding: 0in;\"><span style=\"color: #993300;\">&#8222;Reabilitarea termic\u00e3 a blocurilor de locuinte&#8221;<\/span><\/h3>\n<p style=\"text-align: center;\"><a href=\"https:\/\/www.habitaturban.ro\/?p=759\">-Noua legislatie-<\/a><\/p>\n<p class=\"MsoNormal\" style=\"border: medium none; padding: 0in; background: white none repeat scroll 0% 0%; text-align: center;\" align=\"center\"><em><strong><span style=\"font-size: 9pt; text-transform: uppercase; font-family: Arial;\">este cel de al \u2013 12 &#8211; lea an in care oferim consiliere gratuita!<\/span><\/strong><\/em><\/p>\n<p class=\"MsoNormal\" style=\"background: white none repeat scroll 0% 0%; text-align: justify;\"><span style=\"font-size: 11pt; font-family: Arial;\">In cadrul seminariilor, complet gratuite, adresate membrilor si reprezentantilor asociatiilor de proprietari<span style=\"text-transform: uppercase;\">, <\/span><\/span><span style=\"font-size: 11pt; font-family: Arial;\"> la<strong> <\/strong><\/span><span style=\"font-size: 11pt; font-family: Arial;\">sala de sedinte a Consiliului Judetean a se desfasoara o intalnire avand ca teme principale:<\/span><\/p>\n<p class=\"MsoNormal\" style=\"background: white none repeat scroll 0% 0%; text-align: justify;\"><!--more--><\/p>\n<ul>\n<li>\nReabilitarea termic\u00e3 a blocurilor de locuinte \u2013 condominii, conform OUG nr. 18\/2009<\/li>\n<li>\nPrezentarea proiectului &#8222;\u00cembun\u0103t\u0103\u0163irea capacit\u0103\u0163ii asocia\u0163iilor de proprietari din Rom\u00e2nia pentru derularea programelor de reabilitare termic\u0103 a cl\u0103dirilor de locuit&#8221;<\/li>\n<li>\nObligatiile membrilor si reprezentantilor asociatiilor de proprietari;<\/li>\n<li>\nRelatia cu Primaria;<\/li>\n<\/ul>\n<p class=\"MsoNormal\" style=\"background: white none repeat scroll 0% 0%; text-align: justify;\"><strong><span style=\"font-size: 11pt; font-family: Arial;\">Invitati:<\/span><\/strong><\/p>\n<ul>\n<li>\n<span style=\"font-size: 11pt; font-family: Arial;\"><em><span style=\"font-family: Arial;\">Reprezentanti ai asociatiilor de proprietari din <\/span><\/em><\/span><em><strong><span style=\"font-size: 11pt; text-transform: uppercase; font-family: Arial;\">piatra neamt<\/span><\/strong><\/em><em><span style=\"font-size: 11pt; font-family: Arial;\">;<\/span><\/em><\/li>\n<li>\n<span style=\"font-size: 11pt; font-family: Arial;\"><em><span style=\"font-family: Arial;\">Reprezentanti ai MAI si MDRL;<\/span><\/em><\/span><\/li>\n<li>\n<em><span style=\"font-size: 11pt; font-family: Arial;\">Reprezentanti ai Serviciului pentru Asociatiile de Proprietari din cadrul Primariei<\/span><\/em><em><strong><span style=\"font-size: 11pt; text-transform: uppercase; font-family: Arial;\"> piatra neamt<\/span><\/strong><\/em><em><span style=\"font-size: 11pt; font-family: Arial;\">; <\/span><\/em><\/li>\n<li>\n<span style=\"font-size: 11pt; font-family: Arial;\"><em><span style=\"font-family: Arial;\">Specialisti in domeniu;<\/span><\/em><\/span><\/li>\n<li>\n<em><span style=\"font-size: 11pt; font-family: Arial;\">Echipa Ligii Habitat;<\/span><\/em><\/li>\n<\/ul>\n<p class=\"MsoNormal\" style=\"border: medium none; padding: 0in; background: white none repeat scroll 0% 0%; text-align: justify;\"><span style=\"font-size: 10pt; font-family: Arial;\">Acest seminar se desfasoara in cadrul proiectului <\/span><strong><span style=\"font-size: 10pt; font-family: Arial;\">&#8222;\u00cembun\u0103t\u0103\u0163irea capacit\u0103\u0163ii asocia\u0163iilor de proprietari din Rom\u00e2nia pentru derularea programelor de reabilitare termic\u0103 a cl\u0103dirilor de locuit&#8221;<\/span><\/strong><span class=\"ln2tarticol\"><span style=\"font-size: 10pt; font-family: Arial;\">, finantat din Fondul de contrapartid\u0103, prin ajutor financiar nerambursabil acordat de Ambasada Confedera\u0163iei Elve\u0163iene din Rom\u00e2nia.<\/span><\/span><\/p>\n<p class=\"MsoNormal\" style=\"text-align: justify;\"><strong><span style=\"text-decoration: underline;\"><span style=\"font-size: 10pt; font-family: Arial;\">Va rugam sa delegati un reprezentant la aceasta intalnire!<\/span><\/span><\/strong><\/p>\n<p class=\"MsoNormal\" style=\"margin-top: 3pt; text-align: left;\"><strong><span style=\"font-size: 10pt; font-family: Arial;\">Confirmarea participarii se poate face la: tel\/fax 021.319.07.99; <span style=\"letter-spacing: 1pt;\">Email: <\/span><\/span><\/strong><strong><span style=\"font-size: 10pt; letter-spacing: 1pt; font-family: Arial;\"><a href=\"mailto:mihai.mereuta@habitaturban.ro\">mihai.mereuta@habitaturban.ro<\/a><\/span><\/strong><\/p>\n<p class=\"MsoNormal\" style=\"text-align: justify;\"><span style=\"font-size: 10pt; font-family: Arial;\">Informarea corecta si de calitate a reprezentantilor asociatiilor de proprietari cu privire la drepturile si obligatiile acestora este benefica tuturor partilor implicate!<\/span><\/p>\n<p class=\"MsoNormal\" style=\"margin-top: 6pt; text-align: justify;\"><span style=\"font-size: 10pt; font-family: Arial;\">Va dorim succes in activitatea pe care o desfasurati, va multumim pentru colaborarea si sprijin si va asiguram de intreaga noastra consideratie.<\/span><\/p>\n","protected":false},"excerpt":{"rendered":"<p>Miercuri,08 aprilie 2009, ora 17.00, la Piatra Neamt are loc seminarul cu tema: &#8222;Reabilitarea termic\u00e3 a blocurilor de locuinte&#8221; -Noua legislatie- este cel de al \u2013 12 &#8211; lea an in care oferim consiliere gratuita! In cadrul seminariilor, complet gratuite, adresate membrilor si reprezentantilor asociatiilor de proprietari, la sala de sedinte a Consiliului Judetean a [&hellip;]<\/p>\n","protected":false},"author":3,"featured_media":0,"comment_status":"open","ping_status":"open","sticky":false,"template":"","format":"standard","meta":{"footnotes":""},"categories":[1],"tags":[],"class_list":["post-784","post","type-post","status-publish","format-standard","hentry","category-noutati"],"_links":{"self":[{"href":"https:\/\/www.habitaturban.ro\/index.php?rest_route=\/wp\/v2\/posts\/784","targetHints":{"allow":["GET"]}}],"collection":[{"href":"https:\/\/www.habitaturban.ro\/index.php?rest_route=\/wp\/v2\/posts"}],"about":[{"href":"https:\/\/www.habitaturban.ro\/index.php?rest_route=\/wp\/v2\/types\/post"}],"author":[{"embeddable":true,"href":"https:\/\/www.habitaturban.ro\/index.php?rest_route=\/wp\/v2\/users\/3"}],"replies":[{"embeddable":true,"href":"https:\/\/www.habitaturban.ro\/index.php?rest_route=%2Fwp%2Fv2%2Fcomments&post=784"}],"version-history":[{"count":11,"href":"https:\/\/www.habitaturban.ro\/index.php?rest_route=\/wp\/v2\/posts\/784\/revisions"}],"predecessor-version":[{"id":786,"href":"https:\/\/www.habitaturban.ro\/index.php?rest_route=\/wp\/v2\/posts\/784\/revisions\/786"}],"wp:attachment":[{"href":"https:\/\/www.habitaturban.ro\/index.php?rest_route=%2Fwp%2Fv2%2Fmedia&parent=784"}],"wp:term":[{"taxonomy":"category","embeddable":true,"href":"https:\/\/www.habitaturban.ro\/index.php?rest_route=%2Fwp%2Fv2%2Fcategories&post=784"},{"taxonomy":"post_tag","embeddable":true,"href":"https:\/\/www.habitaturban.ro\/index.php?rest_route=%2Fwp%2Fv2%2Ftags&post=784"}],"curies":[{"name":"wp","href":"https:\/\/api.w.org\/{rel}","templated":true}]}}