{"id":845,"date":"2009-04-27T10:18:01","date_gmt":"2009-04-27T08:18:01","guid":{"rendered":"http:\/\/www.habitaturban.ro\/?p=845"},"modified":"2009-04-27T10:18:01","modified_gmt":"2009-04-27T08:18:01","slug":"comunicat-de-presa","status":"publish","type":"post","link":"https:\/\/www.habitaturban.ro\/?p=845","title":{"rendered":"Comunicat de presa"},"content":{"rendered":"<p class=\"MsoNormal\" style=\"margin: 0cm 0cm 0pt; text-align: center; mso-margin-top-alt: auto; mso-margin-bottom-alt: auto;\" align=\"center\"><strong><span style=\"font-size: 10pt; font-family: &quot;Arial&quot;,&quot;sans-serif&quot;; mso-bidi-font-weight: normal;\">COMUNICAT DE PRESA<\/span><\/strong><\/p>\n<p class=\"MsoNormal\" style=\"margin: 0cm 0cm 0pt; text-align: center; mso-margin-top-alt: auto; mso-margin-bottom-alt: auto;\" align=\"center\"><span style=\"font-size: 10pt; font-family: &quot;Arial&quot;,&quot;sans-serif&quot;;\"> <\/span><\/p>\n<p class=\"MsoNormal\" style=\"margin: 0cm 0cm 0pt; text-align: justify; mso-margin-top-alt: auto; mso-margin-bottom-alt: auto;\"><strong><span style=\"font-size: 10pt; font-family: &quot;Arial&quot;,&quot;sans-serif&quot;; mso-bidi-font-weight: normal;\">Liga Asocia\u0163iilor de Proprietari Habitat a organizat Conferinta Nationala a Asociatiilor de Proprietari din Romania (23-25 APRILIE CLUJ NAPOCA).<\/span><\/strong><\/p>\n<p class=\"MsoNormal\" style=\"margin: 0cm 0cm 0pt; text-align: justify; mso-margin-top-alt: auto; mso-margin-bottom-alt: auto;\"><span style=\"font-size: 10pt; font-family: &quot;Arial&quot;,&quot;sans-serif&quot;;\"> <\/span><\/p>\n<p class=\"MsoNormal\" style=\"margin: 0cm 0cm 0pt; text-align: justify; mso-margin-top-alt: auto; mso-margin-bottom-alt: auto;\"><span style=\"font-size: 10pt; font-family: &quot;Arial&quot;,&quot;sans-serif&quot;;\">Reprezentantii asociatiilor de proprietari din 31 de judete s-au intalnit cu reprezentanti ai Ministerului Dezvoltarii Regionale si Locuintelor, ANRSC, ANPC, ANPSC, APMCR, furnizori de servicii, administratii publice locale, Oficiilor locale pentru Protectia Consumatorilor, Patronatului din Constructii.<\/span><\/p>\n<p class=\"MsoNormal\" style=\"margin: 0cm 0cm 0pt; text-align: justify; mso-margin-top-alt: auto; mso-margin-bottom-alt: auto;\"><span style=\"font-size: 10pt; font-family: &quot;Arial&quot;,&quot;sans-serif&quot;;\"> <\/span><\/p>\n<p class=\"MsoNormal\" style=\"margin: 0cm 0cm 0pt; text-align: justify; mso-margin-top-alt: auto; mso-margin-bottom-alt: auto;\"><span style=\"font-size: 10pt; font-family: &quot;Arial&quot;,&quot;sans-serif&quot;;\">Principalele subiecte aduse in discutie si propunerile asociatiilor de proprietari au vizat:<\/span><\/p>\n<p class=\"MsoNormal\" style=\"margin: 0cm 0cm 0pt 54pt; text-indent: -18pt; text-align: justify; mso-margin-top-alt: auto; mso-margin-bottom-alt: auto; tab-stops: list 54.0pt;\"><strong><span style=\"font-size: 10pt; color: red; font-family: &quot;Arial&quot;,&quot;sans-serif&quot;; mso-bidi-font-weight: normal; mso-fareast-font-family: Arial;\">1.<\/span><\/strong><strong><span style=\"font-size: 7pt; color: red; mso-bidi-font-weight: normal; mso-fareast-font-family: Arial;\"><span style=\"font-family: Times New Roman;\">      <\/span><\/span><\/strong><strong><span style=\"font-size: 10pt; color: red; font-family: &quot;Arial&quot;,&quot;sans-serif&quot;; mso-bidi-font-weight: normal;\">Legislatia cu privire la oraganizarea si functionarea asociatiilor de proprietari<\/span><\/strong><\/p>\n<p class=\"MsoNormal\" style=\"margin: 0cm 0cm 0pt 54pt; text-indent: -18pt; text-align: justify; mso-margin-top-alt: auto; mso-margin-bottom-alt: auto; tab-stops: list 54.0pt;\"><strong><span style=\"font-size: 10pt; color: blue; font-family: &quot;Arial&quot;,&quot;sans-serif&quot;; mso-bidi-font-weight: normal; mso-fareast-font-family: Arial;\">2.<\/span><\/strong><strong><span style=\"font-size: 7pt; color: blue; mso-bidi-font-weight: normal; mso-fareast-font-family: Arial;\"><span style=\"font-family: Times New Roman;\">      <\/span><\/span><\/strong><strong><span style=\"font-size: 10pt; color: blue; font-family: &quot;Arial&quot;,&quot;sans-serif&quot;; mso-bidi-font-weight: normal;\">Reabilitarea termica a blocurilor de locuinte;<\/span><\/strong><\/p>\n<p class=\"MsoNormal\" style=\"margin: 0cm 0cm 0pt 54pt; text-indent: -18pt; text-align: justify; mso-margin-top-alt: auto; mso-margin-bottom-alt: auto; tab-stops: list 54.0pt;\"><strong><span style=\"font-size: 10pt; color: #ff6600; font-family: &quot;Arial&quot;,&quot;sans-serif&quot;; mso-bidi-font-weight: normal; mso-fareast-font-family: Arial;\">3.<\/span><\/strong><strong><span style=\"font-size: 7pt; color: #ff6600; mso-bidi-font-weight: normal; mso-fareast-font-family: Arial;\"><span style=\"font-family: Times New Roman;\">      <\/span><\/span><\/strong><strong><span style=\"font-size: 10pt; color: #ff6600; font-family: &quot;Arial&quot;,&quot;sans-serif&quot;; mso-bidi-font-weight: normal;\">Strategiile de dezvoltare durabila si de eficienta energetica;<\/span><\/strong><\/p>\n<p class=\"MsoNormal\" style=\"margin: 0cm 0cm 0pt 54pt; text-indent: -18pt; text-align: justify; mso-margin-top-alt: auto; mso-margin-bottom-alt: auto; tab-stops: list 54.0pt;\"><strong><span style=\"font-size: 10pt; color: #339966; font-family: &quot;Arial&quot;,&quot;sans-serif&quot;; mso-bidi-font-weight: normal; mso-fareast-font-family: Arial;\">4.<\/span><\/strong><strong><span style=\"font-size: 7pt; color: #339966; mso-bidi-font-weight: normal; mso-fareast-font-family: Arial;\"><span style=\"font-family: Times New Roman;\">      <\/span><\/span><\/strong><strong><span style=\"font-size: 10pt; color: #339966; font-family: &quot;Arial&quot;,&quot;sans-serif&quot;; mso-bidi-font-weight: normal;\">Tarife, preturi si relatii contractuale pentru utilitatile publice;<\/span><\/strong><\/p>\n<p class=\"MsoNormal\" style=\"margin: 0cm 0cm 0pt 54pt; text-indent: -18pt; text-align: justify; mso-margin-top-alt: auto; mso-margin-bottom-alt: auto; tab-stops: list 54.0pt;\"><strong><span style=\"font-size: 10pt; color: #993366; font-family: &quot;Arial&quot;,&quot;sans-serif&quot;; mso-bidi-font-weight: normal; mso-fareast-font-family: Arial;\">5.<\/span><\/strong><strong><span style=\"font-size: 7pt; color: #993366; mso-bidi-font-weight: normal; mso-fareast-font-family: Arial;\"><span style=\"font-family: Times New Roman;\">      <\/span><\/span><\/strong><strong><span style=\"font-size: 10pt; color: #993366; font-family: &quot;Arial&quot;,&quot;sans-serif&quot;; mso-bidi-font-weight: normal;\">Transparenta decizionala, acces la informatiile de interes public.<\/span><\/strong><\/p>\n<p class=\"MsoNormal\" style=\"margin: 0cm 0cm 0pt; text-align: justify; mso-margin-top-alt: auto; mso-margin-bottom-alt: auto;\"><span style=\"font-size: 10pt; font-family: &quot;Arial&quot;,&quot;sans-serif&quot;;\"> <\/span><\/p>\n<p class=\"MsoNormal\" style=\"margin: 0cm 0cm 0pt; text-align: justify; mso-margin-top-alt: auto; mso-margin-bottom-alt: auto;\"><strong><span style=\"text-decoration: underline;\"><span style=\"color: red; font-family: &quot;Arial&quot;,&quot;sans-serif&quot;; mso-bidi-font-weight: normal;\"><span style=\"font-size: small;\">1.Legislatia cu privire la oraganizarea si functionarea asociatiilor de proprietari<\/span><\/span><\/span><\/strong><\/p>\n<p class=\"MsoNormal\" style=\"margin: 0cm 0cm 0pt; mso-margin-top-alt: auto; mso-margin-bottom-alt: auto;\"><span style=\"font-size: 10pt; color: red; font-family: &quot;Arial&quot;,&quot;sans-serif&quot;;\"> <\/span><\/p>\n<p class=\"MsoNormal\" style=\"margin: 2pt 0cm; text-align: justify; tab-stops: list 0cm;\"><span style=\"font-size: 9pt; color: red; font-family: Wingdings; mso-fareast-font-family: Wingdings; mso-bidi-font-family: Wingdings; mso-ansi-language: IT;\" lang=\"IT\">\u00d8<\/span><span style=\"font-size: 7pt; color: red; mso-fareast-font-family: Wingdings; mso-ansi-language: IT;\" lang=\"IT\"><span style=\"font-family: Times New Roman;\">                <\/span><\/span><span style=\"font-size: 9pt; color: red; font-family: &quot;Arial&quot;,&quot;sans-serif&quot;; mso-ansi-language: IT;\" lang=\"IT\">Solicitam recunoa\u015fterea a asocia\u0163iilor de proprietari ca organizatii de utilitate publica!<\/span><\/p>\n<p class=\"MsoNormal\" style=\"margin: 2pt 0cm; vertical-align: baseline; text-align: justify; tab-stops: list 0cm; mso-layout-grid-align: none; punctuation-wrap: simple;\"><span style=\"font-size: 9pt; color: red; font-family: Wingdings; mso-fareast-font-family: Wingdings; mso-bidi-font-family: Wingdings; mso-ansi-language: IT;\" lang=\"IT\">\u00d8<\/span><span style=\"font-size: 7pt; color: red; mso-fareast-font-family: Wingdings; mso-ansi-language: IT;\" lang=\"IT\"><span style=\"font-family: Times New Roman;\">                <\/span><\/span><span style=\"font-size: 9pt; color: red; font-family: &quot;Arial&quot;,&quot;sans-serif&quot;; mso-ansi-language: IT;\" lang=\"IT\">Solicitam anularea prevederilor cu privire la atestarea administratorilor de imobile de c\u0103tre primar, la propunerea compartimentelor specializate din cadrul autorit\u0103\u0163ii administra\u0163iei publice locale, \u00een baza unei hot\u0103r\u00e2ri a consiliului local. <\/span><\/p>\n<p class=\"MsoNormal\" style=\"margin: 2pt 0cm; text-align: justify;\"><span style=\"font-size: 9pt; color: red; font-family: &quot;Arial&quot;,&quot;sans-serif&quot;; mso-ansi-language: PT-BR;\" lang=\"PT-BR\">Consideram ca absolvirea unui curs este suficienta. <\/span><\/p>\n<p class=\"MsoNormal\" style=\"margin: 2pt 0cm; vertical-align: baseline; text-align: justify; tab-stops: list 0cm; mso-layout-grid-align: none; punctuation-wrap: simple;\"><span style=\"font-size: 9pt; color: red; font-family: Wingdings; mso-fareast-font-family: Wingdings; mso-bidi-font-family: Wingdings; mso-ansi-language: PT-BR;\" lang=\"PT-BR\">\u00d8<\/span><span style=\"font-size: 7pt; color: red; mso-fareast-font-family: Wingdings; mso-ansi-language: PT-BR;\" lang=\"PT-BR\"><span style=\"font-family: Times New Roman;\">                <\/span><\/span><span class=\"ln2talineat\"><span style=\"font-size: 9pt; color: red; font-family: &quot;Arial&quot;,&quot;sans-serif&quot;; mso-ansi-language: PT-BR;\" lang=\"PT-BR\">Solicitam introducerea unor prevederi care sa stabileasca ca proiectele de acte normative care privesc \u00een mod direct <\/span><\/span><span class=\"ln2tlitera\"><span style=\"font-size: 9pt; color: red; font-family: &quot;Arial&quot;,&quot;sans-serif&quot;; mso-ansi-language: PT-BR;\" lang=\"PT-BR\">asociatiile de proprietari<\/span><\/span><span class=\"ln2talineat\"><span style=\"font-size: 9pt; color: red; font-family: &quot;Arial&quot;,&quot;sans-serif&quot;; mso-ansi-language: PT-BR;\" lang=\"PT-BR\"> sa fie transmise pre\u015fedin\u0163ilor structurilor asociative ale acestora de c\u0103tre autoritatea administra\u0163iei publice ini\u0163iatoare, cu cel pu\u0163in 15 zile \u00eenainte de prezentarea, spre \u00eensu\u015fire, de c\u0103tre conduc\u0103torul acesteia. <\/span><\/span><\/p>\n<p class=\"MsoNormal\" style=\"margin: 2pt 0cm; vertical-align: baseline; text-align: justify; tab-stops: list 0cm; mso-layout-grid-align: none; punctuation-wrap: simple;\"><span style=\"font-size: 9pt; color: red; font-family: Wingdings; mso-fareast-font-family: Wingdings; mso-bidi-font-family: Wingdings; mso-ansi-language: IT;\" lang=\"IT\">\u00d8<\/span><span style=\"font-size: 7pt; color: red; mso-fareast-font-family: Wingdings; mso-ansi-language: IT;\" lang=\"IT\"><span style=\"font-family: Times New Roman;\">                <\/span><\/span><span style=\"font-size: 9pt; color: red; font-family: &quot;Arial&quot;,&quot;sans-serif&quot;; mso-ansi-language: IT;\" lang=\"IT\">Solicitam simplificarea Legislatiei in domeniul Asociatiilor de proprietari;<\/span><\/p>\n<p class=\"MsoNormal\" style=\"margin: 2pt 0cm; vertical-align: baseline; text-align: justify; tab-stops: list 0cm; mso-layout-grid-align: none; punctuation-wrap: simple;\"><span style=\"font-size: 9pt; color: red; font-family: Wingdings; mso-fareast-font-family: Wingdings; mso-bidi-font-family: Wingdings; mso-ansi-language: IT;\" lang=\"IT\">\u00d8<\/span><span style=\"font-size: 7pt; color: red; mso-fareast-font-family: Wingdings; mso-ansi-language: IT;\" lang=\"IT\"><span style=\"font-family: Times New Roman;\">                <\/span><\/span><span style=\"font-size: 9pt; color: red; font-family: &quot;Arial&quot;,&quot;sans-serif&quot;; mso-ansi-language: IT;\" lang=\"IT\">Solicitam o lege cadru a asociatiilor de proprietari dublata de hotarari ale consililor locale pentru adoptarea Normelor Specifice Locale de Aplicare. Nici o lege nu va putea acoperi toate problemele! Vom evita astfel zecile de mii de reclamatii-interventii din diferite zone.<\/span><\/p>\n<div style=\"padding-right: 4pt; padding-left: 4pt; padding-bottom: 1pt; padding-top: 1pt; mso-element: para-border-div; mso-border-alt: solid windowtext .5pt; border: windowtext 1pt solid;\">\n<p class=\"MsoNormal\" style=\"margin: 2pt 0cm; text-align: justify; mso-border-alt: solid windowtext .5pt; mso-padding-alt: 1.0pt 4.0pt 1.0pt 4.0pt; padding: 0cm;\"><span style=\"font-size: 9pt; color: red; font-family: &quot;Arial&quot;,&quot;sans-serif&quot;;\">Propunem crearea unui <strong><span style=\"text-decoration: underline;\"><span style=\"font-family: &quot;Arial&quot;,&quot;sans-serif&quot;; mso-bidi-font-weight: normal;\">grup de lucru<\/span><\/span><\/strong> pentru analizarea legislatiei in domeniu asociatiilor de proprietari, care sa aiba ca sarcina redactarea unei legi (inclusiv norme de aplicare) care sa cuprinda observatiile celor peste 15.000 de asociatii membre ale Ligii Habitat.<\/span><\/p>\n<p class=\"MsoNormal\" style=\"margin: 2pt 0cm; text-align: justify; mso-border-alt: solid windowtext .5pt; mso-padding-alt: 1.0pt 4.0pt 1.0pt 4.0pt; padding: 0cm;\"><span style=\"font-size: 9pt; color: red; font-family: &quot;Arial&quot;,&quot;sans-serif&quot;;\">Numai dupa aceea ii putem da drumul pe circuitul de aprobare.<\/span><\/p>\n<p class=\"MsoNormal\" style=\"margin: 2pt 0cm; text-align: justify; mso-border-alt: solid windowtext .5pt; mso-padding-alt: 1.0pt 4.0pt 1.0pt 4.0pt; padding: 0cm;\"><span style=\"font-size: 9pt; color: red; font-family: &quot;Arial&quot;,&quot;sans-serif&quot;;\">In fond este normal ca beneficiarii acestei<span style=\"mso-spacerun: yes;\">  <\/span>legi, asociatiile de proprietari, sa aiba drept de veto asupra prevederilor cuprinse.<\/span><\/p>\n<\/div>\n<p class=\"MsoNormal\" style=\"margin: 2pt 0cm; vertical-align: baseline; text-align: justify; tab-stops: list 36.0pt; mso-layout-grid-align: none; punctuation-wrap: simple;\"><span style=\"font-size: 9pt; color: red; font-family: Wingdings; mso-fareast-font-family: Wingdings; mso-bidi-font-family: Wingdings; mso-ansi-language: IT;\" lang=\"IT\">\u00d8<\/span><span style=\"font-size: 7pt; color: red; mso-fareast-font-family: Wingdings; mso-ansi-language: IT;\" lang=\"IT\"><span style=\"font-family: Times New Roman;\">                <\/span><\/span><span style=\"font-size: 9pt; color: red; font-family: &quot;Arial&quot;,&quot;sans-serif&quot;; mso-ansi-language: IT;\" lang=\"IT\">Strategiile nationale de eficienta energetica si de asistenta sociala ar trebui dublate de strategii locale adoptate prin consultarea cetatenilor.<\/span><\/p>\n<p class=\"MsoNormal\" style=\"margin: 0cm 0cm 0pt; text-align: justify; mso-margin-top-alt: auto; mso-margin-bottom-alt: auto;\"><strong><span style=\"font-size: 10pt; font-family: &quot;Arial&quot;,&quot;sans-serif&quot;; mso-bidi-font-weight: normal;\"> <\/span><\/strong><\/p>\n<p class=\"MsoNormal\" style=\"margin: 0cm 0cm 0pt; text-align: justify; mso-margin-top-alt: auto; mso-margin-bottom-alt: auto;\"><span style=\"font-size: small;\"><strong><span style=\"text-decoration: underline;\"><span style=\"color: blue; font-family: &quot;Arial&quot;,&quot;sans-serif&quot;; mso-bidi-font-weight: normal; mso-ansi-language: IT;\" lang=\"IT\">2. <\/span><\/span><\/strong><strong><span style=\"text-decoration: underline;\"><span style=\"color: blue; font-family: &quot;Arial&quot;,&quot;sans-serif&quot;; mso-bidi-font-weight: normal;\">Reabilitarea termica a blocurilor de locuinte;<\/span><\/span><\/strong><\/span><\/p>\n<p class=\"MsoNormal\" style=\"margin: 0cm 0cm 0pt; mso-margin-top-alt: auto; mso-margin-bottom-alt: auto;\"><span style=\"font-size: 10pt; color: blue; font-family: &quot;Arial&quot;,&quot;sans-serif&quot;;\"> <\/span><\/p>\n<p class=\"MsoNormal\" style=\"margin: 0cm 0cm 0pt; text-align: justify; mso-margin-top-alt: auto; mso-margin-bottom-alt: auto; tab-stops: list 0cm;\"><span style=\"font-size: 9pt; color: blue; font-family: Symbol; mso-fareast-font-family: Symbol; mso-bidi-font-family: Symbol;\">\u00b7<\/span><span style=\"font-size: 7pt; color: blue; mso-fareast-font-family: Symbol;\"><span style=\"font-family: Times New Roman;\">                  <\/span><\/span><span style=\"font-size: 9pt; color: blue; font-family: &quot;Arial&quot;,&quot;sans-serif&quot;;\">Solicitam includerea de urgenta in legislatie a observatiilor depuse de catre Liga Habitat<\/span><\/p>\n<p class=\"MsoNormal\" style=\"margin: 0cm 0cm 0pt; text-align: justify; mso-margin-top-alt: auto; mso-margin-bottom-alt: auto; tab-stops: list 0cm;\"><span style=\"font-size: 9pt; color: blue; font-family: Symbol; mso-fareast-font-family: Symbol; mso-bidi-font-family: Symbol;\">\u00b7<\/span><span style=\"font-size: 7pt; color: blue; mso-fareast-font-family: Symbol;\"><span style=\"font-family: Times New Roman;\">                  <\/span><\/span><span style=\"font-size: 9pt; color: blue; font-family: &quot;Arial&quot;,&quot;sans-serif&quot;;\">Asocia\u0163iile care se angajeaz\u0103 s\u0103 execute lucrarea din fonduri proprii s\u0103 se poat\u0103 \u00eenscrie \u00een program pentru a avea auditul \u015fi proiectarea gratuit\u0103;<\/span><\/p>\n<p class=\"MsoNormal\" style=\"margin: 0cm 0cm 0pt; text-align: justify; mso-margin-top-alt: auto; mso-margin-bottom-alt: auto; tab-stops: list 0cm;\"><span style=\"font-size: 9pt; color: blue; font-family: Symbol; mso-bidi-font-weight: bold; mso-fareast-font-family: Symbol; mso-bidi-font-family: Symbol;\">\u00b7<\/span><span style=\"font-size: 7pt; color: blue; mso-bidi-font-weight: bold; mso-fareast-font-family: Symbol;\"><span style=\"font-family: Times New Roman;\">                  <\/span><\/span><strong><span style=\"font-size: 9pt; color: blue; font-family: &quot;Arial&quot;,&quot;sans-serif&quot;;\">Renuntarea la perceperea de TVA pentru lucrarile de reabilitare si consolidare (inclusiv pentru materialele de constructie folosite);<\/span><\/strong><\/p>\n<p class=\"MsoNormal\" style=\"margin: 0cm 0cm 0pt; text-align: justify; mso-margin-top-alt: auto; mso-margin-bottom-alt: auto; tab-stops: list 0cm;\"><span style=\"font-size: 9pt; color: blue; font-family: Symbol; mso-fareast-font-family: Symbol; mso-bidi-font-family: Symbol;\">\u00b7<\/span><span style=\"font-size: 7pt; color: blue; mso-fareast-font-family: Symbol;\"><span style=\"font-family: Times New Roman;\">                  <\/span><\/span><span style=\"font-size: 9pt; color: blue; font-family: &quot;Arial&quot;,&quot;sans-serif&quot;;\">Solicitam TVA 9% la utilitati, cu conditia folosirii fondurilor disponibilizate pentru finantarea reabilitarii fondului locativ;<\/span><\/p>\n<p class=\"MsoNormal\" style=\"margin: 0cm 0cm 0pt; text-align: justify; mso-margin-top-alt: auto; mso-margin-bottom-alt: auto; tab-stops: list 0cm;\"><span style=\"font-size: 9pt; color: blue; font-family: Symbol; mso-fareast-font-family: Symbol; mso-bidi-font-family: Symbol;\">\u00b7<\/span><span style=\"font-size: 7pt; color: blue; mso-fareast-font-family: Symbol;\"><span style=\"font-family: Times New Roman;\">                  <\/span><\/span><span style=\"font-size: 9pt; color: blue; font-family: &quot;Arial&quot;,&quot;sans-serif&quot;;\">Atragem atentia asupra discrepantelor existente intre tarile occidentale si cele din Europa de Est in ceea ce priveste investitia medie in reabilitarea cladirilor (25.000 Euro pe apartament in tarile vestice<span style=\"mso-spacerun: yes;\">  <\/span>fata de 5000-8000 euro pe apartament in Romania);<\/span><\/p>\n<p class=\"MsoNormal\" style=\"margin: 0cm 0cm 0pt; text-align: justify; mso-margin-top-alt: auto; mso-margin-bottom-alt: auto; tab-stops: list 0cm;\"><span style=\"font-size: 9pt; color: blue; font-family: Symbol; mso-fareast-font-family: Symbol; mso-bidi-font-family: Symbol;\">\u00b7<\/span><span style=\"font-size: 7pt; color: blue; mso-fareast-font-family: Symbol;\"><span style=\"font-family: Times New Roman;\">                  <\/span><\/span><span style=\"font-size: 9pt; color: blue; font-family: &quot;Arial&quot;,&quot;sans-serif&quot;;\">S\u0103 se specifice clar interven\u0163iile la instala\u0163iile interioare pentru care se acord\u0103 finan\u0163are &#8211; a nu se uita co\u015furile de fum. Trecerea de la sistemul de distribu\u0163ie pe vertical\u0103 la cel cu distribu\u0163ie pe orizontal\u0103 pentru instala\u0163ia de \u00eenc\u0103lzire se poate realiza sau NU pe program? Ce se \u00eent\u00e2mpl\u0103 dac\u0103 la execu\u0163ie apar elemente care nu au fost cuprinse \u00een proiectul tehnic?<\/span><\/p>\n<p class=\"MsoBodyText\" style=\"margin: auto 0cm; tab-stops: list 0cm left 36.0pt 108.0pt 144.0pt 180.0pt 216.0pt 252.0pt 288.0pt 324.0pt 360.0pt 396.0pt 432.0pt; mso-pagination: none; mso-hyphenate: none;\"><span style=\"font-size: 9pt; color: blue; font-family: Symbol; mso-bidi-font-weight: bold; mso-fareast-font-family: Symbol; mso-bidi-font-family: Symbol;\">\u00b7<\/span><span style=\"font-size: 7pt; color: blue; mso-bidi-font-weight: bold; mso-fareast-font-family: Symbol;\"><span style=\"font-family: Times New Roman;\">                  <\/span><\/span><span style=\"font-size: 9pt; color: blue; font-family: &quot;Arial&quot;,&quot;sans-serif&quot;; mso-bidi-font-weight: bold;\">S\u0103 se specifice clar dac\u0103 reabilitarea termic\u0103 se face la nivelul blocului sau se poate realiza \u015fi la nivel de scar\u0103?!<\/span><\/p>\n<p class=\"MsoBodyText\" style=\"margin: auto 0cm; tab-stops: list 0cm left 36.0pt 108.0pt 144.0pt 180.0pt 216.0pt 252.0pt 288.0pt 324.0pt 360.0pt 396.0pt 432.0pt; mso-pagination: none; mso-hyphenate: none;\"><span style=\"font-size: 9pt; color: blue; font-family: Symbol; mso-bidi-font-weight: bold; mso-fareast-font-family: Symbol; mso-bidi-font-family: Symbol;\">\u00b7<\/span><span style=\"font-size: 7pt; color: blue; mso-bidi-font-weight: bold; mso-fareast-font-family: Symbol;\"><span style=\"font-family: Times New Roman;\">                  <\/span><\/span><span style=\"font-size: 9pt; color: blue; font-family: &quot;Arial&quot;,&quot;sans-serif&quot;; mso-bidi-font-weight: bold;\">De ce sunt permise reabilit\u0103rile termice exterioare la nivel de apartament. Aceste initiative individuale trebuie sanc\u0163ionate deoarece reprezinta un risc pentru echilibrul termic al cladirii si o incalcare a legislatiei cu privire la urbanism si autoritarea constructiilor;<\/span><\/p>\n<p class=\"MsoBodyText\" style=\"margin: auto 0cm; tab-stops: list 0cm left 36.0pt 108.0pt 144.0pt 180.0pt 216.0pt 252.0pt 288.0pt 324.0pt 360.0pt 396.0pt 432.0pt; mso-pagination: none; mso-hyphenate: none;\"><span style=\"font-size: 9pt; color: blue; font-family: Symbol; mso-bidi-font-weight: bold; mso-fareast-font-family: Symbol; mso-bidi-font-family: Symbol;\">\u00b7<\/span><span style=\"font-size: 7pt; color: blue; mso-bidi-font-weight: bold; mso-fareast-font-family: Symbol;\"><span style=\"font-family: Times New Roman;\">                  <\/span><\/span><span style=\"font-size: 9pt; color: blue; font-family: &quot;Arial&quot;,&quot;sans-serif&quot;; mso-bidi-font-weight: bold;\">Agen\u0163ii economici de la parterul sau etajul 1 c\u00e2t \u015fi de\u0163in\u0103torii de spa\u0163ii cu alte destina\u0163ii din blocul respectv indiferent de forma juridic\u0103<span style=\"mso-spacerun: yes;\">  <\/span>s\u0103 fie obliga\u0163i s\u0103 participe la programul de reabilitare;<\/span><\/p>\n<p class=\"MsoBodyText\" style=\"margin: auto 0cm; tab-stops: list 0cm left 36.0pt 108.0pt 144.0pt 180.0pt 216.0pt 252.0pt 288.0pt 324.0pt 360.0pt 396.0pt 432.0pt; mso-pagination: none; mso-hyphenate: none;\"><span style=\"font-size: 9pt; color: blue; font-family: Symbol; mso-bidi-font-weight: bold; mso-fareast-font-family: Symbol; mso-bidi-font-family: Symbol;\">\u00b7<\/span><span style=\"font-size: 7pt; color: blue; mso-bidi-font-weight: bold; mso-fareast-font-family: Symbol;\"><span style=\"font-family: Times New Roman;\">                  <\/span><\/span><span style=\"font-size: 9pt; color: blue; font-family: &quot;Arial&quot;,&quot;sans-serif&quot;; mso-bidi-font-weight: bold;\">O persoan\u0103 care are \u00een proprietate mai multe apartamente s\u0103 primeasc\u0103 ajutor de la stat \u015fi de la consiliul local pentru un singur apartament. <\/span><\/p>\n<p class=\"MsoNormal\" style=\"margin: 0cm 0cm 0pt; vertical-align: baseline; text-align: justify; mso-margin-top-alt: auto; mso-margin-bottom-alt: auto; tab-stops: list 0cm; mso-layout-grid-align: none; punctuation-wrap: simple;\"><span style=\"font-size: 9pt; color: blue; font-family: Symbol; mso-fareast-font-family: Symbol; mso-bidi-font-family: Symbol;\">\u00b7<\/span><span style=\"font-size: 7pt; color: blue; mso-fareast-font-family: Symbol;\"><span style=\"font-family: Times New Roman;\">                  <\/span><\/span><span style=\"font-size: 9pt; color: blue; font-family: &quot;Arial&quot;,&quot;sans-serif&quot;;\">Solicitam introducerea de urgenta a fondurilor de garantare a creditelor luate pentru reabilitarea termica.<\/span><\/p>\n<p class=\"MsoNormal\" style=\"margin: 3pt 0cm 0pt; text-align: justify; mso-margin-bottom-alt: auto;\"><span style=\"font-size: 9pt; font-family: &quot;Arial&quot;,&quot;sans-serif&quot;; mso-bidi-font-weight: bold;\">Acestea sunt doar o parte dintre observatiile inaintate !<\/span><\/p>\n<p class=\"MsoNormal\" style=\"margin: 3pt 0cm 0pt; text-align: justify; mso-margin-bottom-alt: auto;\"><span style=\"font-size: 10pt; font-family: &quot;Arial&quot;,&quot;sans-serif&quot;; mso-bidi-font-weight: bold;\"> <\/span><\/p>\n<p class=\"MsoNormal\" style=\"margin: 0cm 0cm 0pt; text-align: justify; mso-margin-top-alt: auto; mso-margin-bottom-alt: auto;\"><strong><span style=\"text-decoration: underline;\"><span style=\"color: #ff6600; font-family: &quot;Arial&quot;,&quot;sans-serif&quot;; mso-bidi-font-weight: normal;\"><span style=\"font-size: small;\">3.Strategiile de dezvoltare durabila si de eficienta energetica<\/span><\/span><\/span><\/strong><\/p>\n<p class=\"MsoNormal\" style=\"margin: 0cm 0cm 0pt; text-align: justify; mso-margin-top-alt: auto; mso-margin-bottom-alt: auto;\"><strong><span style=\"font-size: 10pt; color: #ff6600; font-family: &quot;Arial&quot;,&quot;sans-serif&quot;; mso-bidi-font-weight: normal;\"> <\/span><\/strong><\/p>\n<p class=\"MsoNormal\" style=\"margin: 0cm 0cm 0pt 36pt; text-indent: -18pt; text-align: justify; mso-margin-top-alt: auto; mso-margin-bottom-alt: auto; tab-stops: list 36.0pt;\"><span style=\"font-size: 9pt; color: #ff6600; font-family: Wingdings; mso-bidi-font-weight: bold; mso-fareast-font-family: Wingdings; mso-bidi-font-family: Wingdings;\">\u00d8<\/span><span style=\"font-size: 7pt; color: #ff6600; mso-bidi-font-weight: bold; mso-fareast-font-family: Wingdings;\"><span style=\"font-family: Times New Roman;\">      <\/span><\/span><strong><span style=\"font-size: 9pt; color: #ff6600; font-family: &quot;Arial&quot;,&quot;sans-serif&quot;;\">Orasele Romaniei nu au strategii energetice si reglementari locale care sa stimuleze eficienta energetica;<\/span><\/strong><\/p>\n<p class=\"MsoNormal\" style=\"margin: 0cm 0cm 0pt 36pt; text-indent: -18pt; text-align: justify; mso-margin-top-alt: auto; mso-margin-bottom-alt: auto; tab-stops: list 36.0pt;\"><span style=\"font-size: 9pt; color: #ff6600; font-family: Wingdings; mso-fareast-font-family: Wingdings; mso-bidi-font-family: Wingdings;\">\u00d8<\/span><span style=\"font-size: 7pt; color: #ff6600; mso-fareast-font-family: Wingdings;\"><span style=\"font-family: Times New Roman;\">      <\/span><\/span><span style=\"font-size: 9pt; color: #ff6600; font-family: &quot;Arial&quot;,&quot;sans-serif&quot;;\">Lipsa strategiilor a facut ca investitiile in termoficare si alte servicii publice sa nu aiba un orizont bine definit, fara a fi stabilite obiective clare ce trebuie atinse;<\/span><\/p>\n<p class=\"MsoNormal\" style=\"margin: 0cm 0cm 0pt 36pt; text-indent: -18pt; text-align: justify; mso-margin-top-alt: auto; mso-margin-bottom-alt: auto; tab-stops: list 36.0pt;\"><span style=\"font-size: 9pt; color: #ff6600; font-family: Wingdings; mso-fareast-font-family: Wingdings; mso-bidi-font-family: Wingdings;\">\u00d8<\/span><span style=\"font-size: 7pt; color: #ff6600; mso-fareast-font-family: Wingdings;\"><span style=\"font-family: Times New Roman;\">      <\/span><\/span><span style=\"font-size: 9pt; color: #ff6600; font-family: &quot;Arial&quot;,&quot;sans-serif&quot;;\">Banii europeni sunt in pericol de a fi ineficient si insuficient utilizati din cauza absentei cvasi-generale a strategiilor locale\/regionale de dezvoltare durabila;<\/span><\/p>\n<p class=\"MsoNormal\" style=\"margin: 0cm 0cm 0pt 36pt; text-indent: -18pt; text-align: justify; mso-margin-top-alt: auto; mso-margin-bottom-alt: auto; tab-stops: list 36.0pt;\"><span style=\"font-size: 9pt; color: #ff6600; font-family: Wingdings; mso-fareast-font-family: Wingdings; mso-bidi-font-family: Wingdings;\">\u00d8<\/span><span style=\"font-size: 7pt; color: #ff6600; mso-fareast-font-family: Wingdings;\"><span style=\"font-family: Times New Roman;\">      <\/span><\/span><span style=\"font-size: 9pt; color: #ff6600; font-family: &quot;Arial&quot;,&quot;sans-serif&quot;;\">Autoritatile locale au obligatia de a se implica si de a elabora strategii pentru o locuire de calitate (introducerea programelor integrate de regenerare urbana trebuie sa fie o prioritate);<\/span><\/p>\n<p class=\"MsoNormal\" style=\"margin: 0cm 0cm 0pt 36pt; text-indent: -18pt; text-align: justify; mso-margin-top-alt: auto; mso-margin-bottom-alt: auto; tab-stops: list 36.0pt;\"><span style=\"font-size: 9pt; color: #ff6600; font-family: Wingdings; mso-bidi-font-weight: bold; mso-fareast-font-family: Wingdings; mso-bidi-font-family: Wingdings;\">\u00d8<\/span><span style=\"font-size: 7pt; color: #ff6600; mso-bidi-font-weight: bold; mso-fareast-font-family: Wingdings;\"><span style=\"font-family: Times New Roman;\">      <\/span><\/span><strong><span style=\"font-size: 9pt; color: #ff6600; font-family: &quot;Arial&quot;,&quot;sans-serif&quot;;\">Tragem un semnal de alarma fata de dezvoltarile imobiliare haotice, in afara normelor elementare de urbanism si de calitate a constructiilor si a infrastructurii de utilitati publice.<\/span><\/strong><\/p>\n<p class=\"MsoNormal\" style=\"margin: 0cm 0cm 0pt 18pt; text-align: justify; mso-margin-top-alt: auto; mso-margin-bottom-alt: auto;\"><span style=\"font-size: 10pt; font-family: &quot;Arial&quot;,&quot;sans-serif&quot;;\"> <\/span><\/p>\n<p class=\"MsoNormal\" style=\"margin: 0cm 0cm 0pt; text-align: justify; mso-margin-top-alt: auto; mso-margin-bottom-alt: auto;\"><strong><span style=\"text-decoration: underline;\"><span style=\"color: #339966; font-family: &quot;Arial&quot;,&quot;sans-serif&quot;; mso-bidi-font-weight: normal;\"><span style=\"font-size: small;\">4.Tarife, preturi si relatii contractuale pentru utilitatile publice;<\/span><\/span><\/span><\/strong><\/p>\n<p class=\"MsoNormal\" style=\"margin: 0cm 0cm 0pt; text-align: justify; mso-margin-top-alt: auto; mso-margin-bottom-alt: auto;\"><strong><span style=\"font-size: 10pt; color: #339966; font-family: &quot;Arial&quot;,&quot;sans-serif&quot;;\"> <\/span><\/strong><\/p>\n<p class=\"MsoNormal\" style=\"margin: 0cm 0cm 0pt 36pt; text-indent: -18pt; text-align: justify; mso-margin-top-alt: auto; mso-margin-bottom-alt: auto; tab-stops: list 36.0pt;\"><span style=\"font-size: 9pt; color: #339966; font-family: &quot;Courier New&quot;; mso-bidi-font-weight: bold; mso-fareast-font-family: 'Courier New';\">o<\/span><span style=\"font-size: 7pt; color: #339966; mso-bidi-font-weight: bold; mso-fareast-font-family: 'Courier New';\"><span style=\"font-family: Times New Roman;\">       <\/span><\/span><strong><span style=\"font-size: 9pt; color: #339966; font-family: &quot;Arial&quot;,&quot;sans-serif&quot;;\">Solicitam sistarea modificarii tarifelor\/preturilor fara convenirea unui calendar pe termen mediu, fara prezentarea unor motivatii solide si fara consultarea consumatorilor;<\/span><\/strong><\/p>\n<p class=\"MsoNormal\" style=\"margin: 0cm 0cm 0pt 36pt; text-indent: -18pt; text-align: justify; mso-margin-top-alt: auto; mso-margin-bottom-alt: auto; tab-stops: list 36.0pt;\"><span style=\"font-size: 9pt; color: #339966; font-family: &quot;Courier New&quot;; mso-bidi-font-weight: bold; mso-fareast-font-family: 'Courier New';\">o<\/span><span style=\"font-size: 7pt; color: #339966; mso-bidi-font-weight: bold; mso-fareast-font-family: 'Courier New';\"><span style=\"font-family: Times New Roman;\">       <\/span><\/span><strong><span style=\"font-size: 9pt; color: #339966; font-family: &quot;Arial&quot;,&quot;sans-serif&quot;;\">Reprezentantii asociatiilor de proprietari trebuie sa fie membri ai consiliilor de administratie ale companiilor furnizoare de utilitati publice deoarece au un caracter de monopol natural si se exista tendinta de a face abuz de pozitie dominanta;<\/span><\/strong><\/p>\n<p class=\"MsoNormal\" style=\"margin: 3pt 0cm 3pt 36pt; text-indent: -18pt; text-align: justify; tab-stops: list 36.0pt;\"><span style=\"font-size: 9pt; color: #339966; font-family: &quot;Courier New&quot;; mso-fareast-font-family: 'Courier New'; mso-ansi-language: IT;\" lang=\"IT\">o<\/span><span style=\"font-size: 7pt; color: #339966; mso-fareast-font-family: 'Courier New'; mso-ansi-language: IT;\" lang=\"IT\"><span style=\"font-family: Times New Roman;\">       <\/span><\/span><strong><span style=\"font-size: 9pt; color: #339966; font-family: &quot;Arial&quot;,&quot;sans-serif&quot;; mso-bidi-font-weight: normal; mso-ansi-language: IT;\" lang=\"IT\">Solicitam stoparea cresterii preturilor la utilitati si scaderea tarifului gazului natural cu minim 9%!<\/span><\/strong><\/p>\n<p class=\"MsoNormal\" style=\"margin: 0cm 0cm 0pt; text-align: justify; mso-margin-top-alt: auto; mso-margin-bottom-alt: auto;\"><span style=\"font-size: 10pt; font-family: &quot;Arial&quot;,&quot;sans-serif&quot;; mso-ansi-language: IT;\" lang=\"IT\"> <\/span><\/p>\n<p class=\"MsoNormal\" style=\"margin: 0cm 0cm 0pt; text-align: justify; mso-margin-top-alt: auto; mso-margin-bottom-alt: auto;\"><strong><span style=\"text-decoration: underline;\"><span style=\"color: #993366; font-family: &quot;Arial&quot;,&quot;sans-serif&quot;; mso-bidi-font-weight: normal;\"><span style=\"font-size: small;\">5.Transparenta decizionala, acces la informatiile de interes public.<\/span><\/span><\/span><\/strong><\/p>\n<p class=\"MsoNormal\" style=\"margin: 3pt 0cm 0pt; text-align: justify; mso-margin-bottom-alt: auto;\"><strong><span style=\"font-size: 10pt; color: #993366; font-family: &quot;Arial&quot;,&quot;sans-serif&quot;; mso-bidi-font-weight: normal;\"> <\/span><\/strong><\/p>\n<p class=\"MsoNormal\" style=\"margin: 3pt 0cm 0pt; text-align: justify; tab-stops: list 0cm;\"><span style=\"font-size: 9pt; color: #993366; font-family: Symbol; mso-fareast-font-family: Symbol; mso-bidi-font-family: Symbol;\">\u00b7<\/span><span style=\"font-size: 7pt; color: #993366; mso-fareast-font-family: Symbol;\"><span style=\"font-family: Times New Roman;\">                  <\/span><\/span><strong><span style=\"font-size: 9pt; color: #993366; font-family: &quot;Arial&quot;,&quot;sans-serif&quot;; mso-bidi-font-weight: normal;\">Autoritatile locale nu promoveaza parteneriatul si implicarea cetatenilor in luarea deciziilor<\/span><\/strong><\/p>\n<p class=\"MsoNormal\" style=\"margin: 3pt 0cm 0pt; text-align: justify; tab-stops: list 0cm;\"><span style=\"font-size: 9pt; color: #993366; font-family: Symbol; mso-bidi-font-weight: bold; mso-fareast-font-family: Symbol; mso-bidi-font-family: Symbol;\">\u00b7<\/span><span style=\"font-size: 7pt; color: #993366; mso-bidi-font-weight: bold; mso-fareast-font-family: Symbol;\"><span style=\"font-family: Times New Roman;\">                  <\/span><\/span><span style=\"font-size: 9pt; color: #993366; font-family: &quot;Arial&quot;,&quot;sans-serif&quot;;\">Adoptarea de urgent\u0103 a cadrului legislativ pentru elaborarea, promovarea si monitorizarea unor politici publice coerente si stabile pentru administra\u0103ia public\u0103 local\u0103, pe baza unei dezbateri publice cu toti factorii implicati, inclusiv cu societatea civil\u0103; <\/span><\/p>\n<p class=\"MsoNormal\" style=\"margin: 3pt 0cm 0pt; text-align: justify; tab-stops: list 0cm;\"><span style=\"font-size: 9pt; color: #993366; font-family: Symbol; mso-bidi-font-weight: bold; mso-fareast-font-family: Symbol; mso-bidi-font-family: Symbol;\">\u00b7<\/span><span style=\"font-size: 7pt; color: #993366; mso-bidi-font-weight: bold; mso-fareast-font-family: Symbol;\"><span style=\"font-family: Times New Roman;\">                  <\/span><\/span><span style=\"font-size: 9pt; color: #993366; font-family: &quot;Arial&quot;,&quot;sans-serif&quot;; mso-bidi-font-weight: bold;\">\u00eembun\u0103t\u0103tirea procedurilor de aplicare si monitorizare a Legii privind <\/span><span style=\"font-size: 9pt; color: #993366; font-family: &quot;Arial&quot;,&quot;sans-serif&quot;;\">transparenta decizional\u0103 nr. 52\/ 2003, \u00een cadrul legislativ al promov\u0103rii politicilor publice, prin instituirea obligativit\u0103tii respectarii de catre actele normative a concluziilor rezultate din dezbaterile publice<\/span><\/p>\n<p class=\"MsoNormal\" style=\"margin: 3pt 0cm 0pt; text-align: justify; tab-stops: list 0cm;\"><span style=\"font-size: 9pt; color: #993366; font-family: Symbol; mso-bidi-font-weight: bold; mso-fareast-font-family: Symbol; mso-bidi-font-family: Symbol;\">\u00b7<\/span><span style=\"font-size: 7pt; color: #993366; mso-bidi-font-weight: bold; mso-fareast-font-family: Symbol;\"><span style=\"font-family: Times New Roman;\">                  <\/span><\/span><span style=\"font-size: 9pt; color: #993366; font-family: &quot;Arial&quot;,&quot;sans-serif&quot;; mso-ansi-language: IT;\" lang=\"IT\">Aplicarea riguroas\u0103 a principiului separ\u0103rii deciziilor tehnico-manageriale de deciziile politice in toate institutiile publice,<\/span><\/p>\n<p class=\"MsoNormal\" style=\"margin: 3pt 0cm 0pt; text-align: justify; tab-stops: list 0cm;\"><span style=\"font-size: 9pt; color: #993366; font-family: Symbol; mso-bidi-font-weight: bold; mso-fareast-font-family: Symbol; mso-bidi-font-family: Symbol;\">\u00b7<\/span><span style=\"font-size: 7pt; color: #993366; mso-bidi-font-weight: bold; mso-fareast-font-family: Symbol;\"><span style=\"font-family: Times New Roman;\">                  <\/span><\/span><span style=\"font-size: 9pt; color: #993366; font-family: &quot;Arial&quot;,&quot;sans-serif&quot;;\">Restructurarea institutiilor publice cu scopul elimin\u0103rii suprapunerilor de competente si a excesului de birocratie, a verigilor birocratice inutile sau lipsite de responsabilitate.<\/span><\/p>\n<p class=\"MsoNormal\" style=\"margin: 0cm 0cm 0pt; text-align: justify; mso-margin-top-alt: auto; mso-margin-bottom-alt: auto;\"><span style=\"font-size: 10pt; font-family: &quot;Arial&quot;,&quot;sans-serif&quot;; mso-ansi-language: IT;\" lang=\"IT\"> <\/span><\/p>\n<p class=\"MsoNormal\" style=\"margin: 0cm 0cm 0pt; text-align: justify; mso-margin-top-alt: auto; mso-margin-bottom-alt: auto;\"><strong><span style=\"color: #ff6600; font-family: &quot;Arial&quot;,&quot;sans-serif&quot;;\"><span style=\"font-size: small;\">Pentru rezolvarea solicitarilor consideram ca un interval de 90 de zile este acoperitor!<\/span><\/span><\/strong><\/p>\n<p class=\"MsoNormal\" style=\"margin: 0cm 0cm 0pt; text-align: justify; mso-margin-top-alt: auto; mso-margin-bottom-alt: auto;\"><strong><span style=\"color: #ff6600; font-family: &quot;Arial&quot;,&quot;sans-serif&quot;;\"><span style=\"font-size: small;\">In aceasta perioada autoritatile isi pot dovedi buna credinta demarand rezolvarea problemelor semnalate.<\/span><\/span><\/strong><\/p>\n<p class=\"MsoNormal\" style=\"margin: 0cm 0cm 0pt; text-align: justify; mso-margin-top-alt: auto; mso-margin-bottom-alt: auto;\"><span style=\"font-size: 10pt; font-family: &quot;Arial&quot;,&quot;sans-serif&quot;;\"> <\/span><\/p>\n<p class=\"MsoNormal\" style=\"margin: 0cm 0cm 0pt; text-align: justify; mso-margin-top-alt: auto; mso-margin-bottom-alt: auto;\"><strong><span style=\"color: red; font-family: &quot;Arial&quot;,&quot;sans-serif&quot;;\"><span style=\"font-size: small;\">In functie de raspunsul primit (sau de lipsa acestuia!) ne rezervam dreptul de a actiona prin toate mijloacele legale pentru NORMALITATE! (petitii semnate de membri, pichetari ale institutiilor care nu doresc intrarea in normalitate, mitinguri, actiuni in justitie si proteste la scara nationala!) <\/span><\/span><\/strong><\/p>\n<p class=\"MsoNormal\" style=\"margin: 0cm 0cm 0pt; text-align: justify; mso-margin-top-alt: auto; mso-margin-bottom-alt: auto;\"><strong><span style=\"font-size: 10pt; font-family: &quot;Arial&quot;,&quot;sans-serif&quot;; mso-bidi-font-weight: normal; mso-ansi-language: IT;\" lang=\"IT\">Suntem hotarati in a derula toate actiunile necesare pentru satisfacerea solicitarilor celor peste 15000 de asociatii membre!<\/span><\/strong><\/p>\n<p class=\"MsoNormal\" style=\"margin: 0cm 0cm 0pt; text-align: justify; mso-margin-top-alt: auto; mso-margin-bottom-alt: auto;\"><strong><span style=\"font-size: 10pt; font-family: &quot;Arial&quot;,&quot;sans-serif&quot;; mso-bidi-font-weight: normal; mso-ansi-language: IT;\" lang=\"IT\"> <\/span><\/strong><\/p>\n<p class=\"MsoNormal\" style=\"margin: 0cm 0cm 0pt; text-align: justify; mso-margin-top-alt: auto; mso-margin-bottom-alt: auto;\"><strong><span style=\"font-size: 10pt; font-family: &quot;Arial&quot;,&quot;sans-serif&quot;; mso-bidi-font-weight: normal; mso-ansi-language: IT;\" lang=\"IT\">Cu deosebit respect,<\/span><\/strong><\/p>\n<table class=\"MsoNormalTable\" style=\"border-collapse: collapse; mso-padding-alt: 0cm 5.4pt 0cm 5.4pt; mso-yfti-tbllook: 480;\" border=\"0\" cellspacing=\"0\" cellpadding=\"0\">\n<tbody>\n<tr style=\"mso-yfti-irow: 0; mso-yfti-firstrow: yes; mso-yfti-lastrow: yes;\">\n<td style=\"padding-right: 5.4pt; padding-left: 5.4pt; padding-bottom: 0cm; width: 184.1pt; padding-top: 0cm; background-color: transparent; border: #f0f0f0;\" width=\"245\" valign=\"top\">\n<p class=\"MsoNormal\" style=\"margin: 0cm 0cm 0pt; text-align: justify; mso-margin-top-alt: auto; mso-margin-bottom-alt: auto; tab-stops: center 84.55pt;\"><strong><span style=\"font-size: 10pt; text-transform: uppercase; font-family: &quot;Arial&quot;,&quot;sans-serif&quot;; mso-bidi-font-weight: normal; mso-ansi-language: ES;\" lang=\"ES\">Director executiv <\/span><\/strong><\/p>\n<p class=\"MsoNormal\" style=\"margin: 0cm 0cm 0pt; text-align: justify; mso-margin-top-alt: auto; mso-margin-bottom-alt: auto;\"><strong><span style=\"font-size: 10pt; font-family: &quot;Arial&quot;,&quot;sans-serif&quot;; mso-bidi-font-weight: normal; mso-ansi-language: ES;\" lang=\"ES\">Tatiana MUSTEATA<\/span><\/strong><\/p>\n<\/td>\n<td style=\"padding-right: 5.4pt; padding-left: 5.4pt; padding-bottom: 0cm; width: 337.05pt; padding-top: 0cm; background-color: transparent; border: #f0f0f0;\" width=\"449\" valign=\"top\">\n<p class=\"MsoNormal\" style=\"margin: 0cm 0cm 0pt; text-align: right; mso-margin-top-alt: auto; mso-margin-bottom-alt: auto;\" align=\"right\"><strong><span style=\"font-size: 10pt; font-family: &quot;Arial&quot;,&quot;sans-serif&quot;; mso-bidi-font-weight: normal; mso-ansi-language: IT;\" lang=\"IT\">PRESEDINTE<\/span><\/strong><\/p>\n<p class=\"MsoNormal\" style=\"margin: 0cm 0cm 0pt; text-align: right; mso-margin-top-alt: auto; mso-margin-bottom-alt: auto;\" align=\"right\"><strong><span style=\"font-size: 10pt; font-family: &quot;Arial&quot;,&quot;sans-serif&quot;; mso-bidi-font-weight: normal; mso-ansi-language: IT;\" lang=\"IT\">Mihai MEREUTA<\/span><\/strong><\/p>\n<\/td>\n<\/tr>\n<\/tbody>\n<\/table>\n<p class=\"MsoNormal\" style=\"margin: 3pt 0cm 0pt; text-align: justify; mso-margin-bottom-alt: auto;\"><span style=\"font-size: 10pt; font-family: &quot;Arial&quot;,&quot;sans-serif&quot;;\"> <\/span><\/p>\n","protected":false},"excerpt":{"rendered":"<p>COMUNICAT DE PRESA Liga Asocia\u0163iilor de Proprietari Habitat a organizat Conferinta Nationala a Asociatiilor de Proprietari din Romania (23-25 APRILIE CLUJ NAPOCA). Reprezentantii asociatiilor de proprietari din 31 de judete s-au intalnit cu reprezentanti ai Ministerului Dezvoltarii Regionale si Locuintelor, ANRSC, ANPC, ANPSC, APMCR, furnizori de servicii, administratii publice locale, Oficiilor locale pentru Protectia Consumatorilor, [&hellip;]<\/p>\n","protected":false},"author":3,"featured_media":0,"comment_status":"open","ping_status":"open","sticky":false,"template":"","format":"standard","meta":{"footnotes":""},"categories":[1],"tags":[],"class_list":["post-845","post","type-post","status-publish","format-standard","hentry","category-noutati"],"_links":{"self":[{"href":"https:\/\/www.habitaturban.ro\/index.php?rest_route=\/wp\/v2\/posts\/845","targetHints":{"allow":["GET"]}}],"collection":[{"href":"https:\/\/www.habitaturban.ro\/index.php?rest_route=\/wp\/v2\/posts"}],"about":[{"href":"https:\/\/www.habitaturban.ro\/index.php?rest_route=\/wp\/v2\/types\/post"}],"author":[{"embeddable":true,"href":"https:\/\/www.habitaturban.ro\/index.php?rest_route=\/wp\/v2\/users\/3"}],"replies":[{"embeddable":true,"href":"https:\/\/www.habitaturban.ro\/index.php?rest_route=%2Fwp%2Fv2%2Fcomments&post=845"}],"version-history":[{"count":2,"href":"https:\/\/www.habitaturban.ro\/index.php?rest_route=\/wp\/v2\/posts\/845\/revisions"}],"predecessor-version":[{"id":847,"href":"https:\/\/www.habitaturban.ro\/index.php?rest_route=\/wp\/v2\/posts\/845\/revisions\/847"}],"wp:attachment":[{"href":"https:\/\/www.habitaturban.ro\/index.php?rest_route=%2Fwp%2Fv2%2Fmedia&parent=845"}],"wp:term":[{"taxonomy":"category","embeddable":true,"href":"https:\/\/www.habitaturban.ro\/index.php?rest_route=%2Fwp%2Fv2%2Fcategories&post=845"},{"taxonomy":"post_tag","embeddable":true,"href":"https:\/\/www.habitaturban.ro\/index.php?rest_route=%2Fwp%2Fv2%2Ftags&post=845"}],"curies":[{"name":"wp","href":"https:\/\/api.w.org\/{rel}","templated":true}]}}