{"id":874,"date":"2009-06-23T16:37:35","date_gmt":"2009-06-23T14:37:35","guid":{"rendered":"http:\/\/www.habitaturban.ro\/?p=874"},"modified":"2022-12-18T22:23:28","modified_gmt":"2022-12-18T20:23:28","slug":"imbunatatirea-capacitatii-asociatiilor-de-proprietari-din-romania-pentru-derularea-programelor-de-reabilitare-termica-a-cladirilor-de-locuit","status":"publish","type":"post","link":"https:\/\/www.habitaturban.ro\/?p=874","title":{"rendered":"\u00cembun\u0103t\u0103\u0163irea capacit\u0103\u0163ii asocia\u0163iilor de proprietari din Rom\u00e2nia pentru derularea programelor de reabilitare termic\u0103 a cl\u0103dirilor de locuit"},"content":{"rendered":"<p>In cadrul proiectului <strong>\u00cembun\u0103t\u0103\u0163irea capacit\u0103\u0163ii asocia\u0163iilor de proprietari din Rom\u00e2nia pentru derularea programelor de reabilitare termic\u0103 a cl\u0103dirilor de locuit<\/strong>, <em><strong>Miercuri, 01 iulie 2009,  ora 11.00<\/strong><\/em>, la Sala de Consiliu a Primariei Sectorului 4 Bucuresti, are loc o Conferinta avand ca teme principale:<br \/>\n\u25baAplicarea legislatiei privind cre\u015fterea performan\u0163ei energetice a blocurilor de locuin\u0163e<\/p>\n<p>\u25ba<em>Prezentarea proiectului &#8222;\u00cembun\u0103t\u0103\u0163irea capacit\u0103\u0163ii asocia\u0163iilor de proprietari din Rom\u00e2nia pentru derularea programelor de reabilitare termic\u0103 a cl\u0103dirilor de locuit&#8221;<\/em><\/p>\n<p>\u25ba<em>Obligatiile membrilor si reprezentantilor asociatiilor de proprietari;<\/em><\/p>\n<p>\u25ba<em>Relatia cu Primaria;<\/em><\/p>\n<p><strong>Invitati:<\/strong><\/p>\n<p>\u25ba<em>Reprezentanti ai asociatiilor de proprietari;<\/em><\/p>\n<p>\u25ba<em>Reprezentanti ai MAI si MDRL;<\/em><\/p>\n<p>\u25ba<em>Reprezentanti ai Primariilor; <\/em><\/p>\n<p>\u25ba<em>Reprezentanti ai Ambasadei Confederatiei Elvetiene in Romania;<\/em><\/p>\n<p>\u25ba<em>Specialisti in domeniu;<\/em><\/p>\n<p>\u00de     <em>Echipa Ligii Habitat;<\/em><\/p>\n<p>Aceasta conferinta se desfasoara in cadrul proiectului <strong>&#8222;\u00cembun\u0103t\u0103\u0163irea capacit\u0103\u0163ii asocia\u0163iilor de proprietari din Rom\u00e2nia pentru derularea programelor de reabilitare termic\u0103 a cl\u0103dirilor de locuit&#8221;<\/strong>, finantat din Fondul de contrapartid\u0103, prin ajutor financiar nerambursabil acordat de Ambasada Confedera\u0163iei Elve\u0163iene din Rom\u00e2nia.<\/p>\n<p>Proiectul s-a desfasurat in perioada 01 ianuarie 2008 &#8211; 30 iunie 2009 in parteneriat cu Mininisterul Dezvoltarii Regionale si Locuintei si Institutul National de Administratie.<\/p>\n","protected":false},"excerpt":{"rendered":"<p>In cadrul proiectului \u00cembun\u0103t\u0103\u0163irea capacit\u0103\u0163ii asocia\u0163iilor de proprietari din Rom\u00e2nia pentru derularea programelor de reabilitare termic\u0103 a cl\u0103dirilor de locuit, Miercuri, 01 iulie 2009, ora 11.00, la Sala de Consiliu a Primariei Sectorului 4 Bucuresti, are loc o Conferinta avand ca teme principale: \u25baAplicarea legislatiei privind cre\u015fterea performan\u0163ei energetice a blocurilor de locuin\u0163e \u25baPrezentarea proiectului [&hellip;]<\/p>\n","protected":false},"author":3,"featured_media":0,"comment_status":"closed","ping_status":"closed","sticky":false,"template":"","format":"standard","meta":{"footnotes":""},"categories":[1],"tags":[],"class_list":["post-874","post","type-post","status-publish","format-standard","hentry","category-noutati"],"_links":{"self":[{"href":"https:\/\/www.habitaturban.ro\/index.php?rest_route=\/wp\/v2\/posts\/874","targetHints":{"allow":["GET"]}}],"collection":[{"href":"https:\/\/www.habitaturban.ro\/index.php?rest_route=\/wp\/v2\/posts"}],"about":[{"href":"https:\/\/www.habitaturban.ro\/index.php?rest_route=\/wp\/v2\/types\/post"}],"author":[{"embeddable":true,"href":"https:\/\/www.habitaturban.ro\/index.php?rest_route=\/wp\/v2\/users\/3"}],"replies":[{"embeddable":true,"href":"https:\/\/www.habitaturban.ro\/index.php?rest_route=%2Fwp%2Fv2%2Fcomments&post=874"}],"version-history":[{"count":3,"href":"https:\/\/www.habitaturban.ro\/index.php?rest_route=\/wp\/v2\/posts\/874\/revisions"}],"predecessor-version":[{"id":3200,"href":"https:\/\/www.habitaturban.ro\/index.php?rest_route=\/wp\/v2\/posts\/874\/revisions\/3200"}],"wp:attachment":[{"href":"https:\/\/www.habitaturban.ro\/index.php?rest_route=%2Fwp%2Fv2%2Fmedia&parent=874"}],"wp:term":[{"taxonomy":"category","embeddable":true,"href":"https:\/\/www.habitaturban.ro\/index.php?rest_route=%2Fwp%2Fv2%2Fcategories&post=874"},{"taxonomy":"post_tag","embeddable":true,"href":"https:\/\/www.habitaturban.ro\/index.php?rest_route=%2Fwp%2Fv2%2Ftags&post=874"}],"curies":[{"name":"wp","href":"https:\/\/api.w.org\/{rel}","templated":true}]}}