{"id":903,"date":"2009-10-20T18:26:49","date_gmt":"2009-10-20T16:26:49","guid":{"rendered":"http:\/\/www.habitaturban.ro\/?p=903"},"modified":"2009-10-21T12:11:16","modified_gmt":"2009-10-21T10:11:16","slug":"emil-boc-recunoaste-ca-a-gresit-reducand-ajutoarele-pentru-incalzirea-locuintelor","status":"publish","type":"post","link":"https:\/\/www.habitaturban.ro\/?p=903","title":{"rendered":"Emil Boc recunoaste ca a gresit reducand ajutoarele pentru incalzirea locuintelor"},"content":{"rendered":"<p><strong><span style=\"text-decoration: underline;\"><span style=\"font-family: Arial;\">Videoconferin\u0163\u0103 cu prefec\u0163ii 17.10.2009 Discurs Emil Boc<\/span><\/span><\/strong><\/p>\n<p class=\"MsoNormal\" style=\"text-align: justify;\"><a href=\"https:\/\/www.habitaturban.ro\/wp-content\/uploads\/2009\/10\/emil-boc_b.jpg\"><img decoding=\"async\" class=\"size-medium wp-image-910 alignleft\" style=\"margin: 10px;\" title=\"LANSARE CANDIDATI - PARLAMENTUL EUROPEAN - IASI\" src=\"https:\/\/www.habitaturban.ro\/wp-content\/uploads\/2009\/10\/emil-boc_b-225x300.jpg\" alt=\"\" width=\"160\" srcset=\"https:\/\/www.habitaturban.ro\/wp-content\/uploads\/2009\/10\/emil-boc_b-225x300.jpg 225w, https:\/\/www.habitaturban.ro\/wp-content\/uploads\/2009\/10\/emil-boc_b.jpg 450w\" sizes=\"(max-width: 225px) 100vw, 225px\" \/><\/a><strong><em><span style=\"font-size: 9pt; font-family: Arial;\">Ajutoarele pentru \u00eenc\u0103lzire. Guvernul a adoptat o ordonan\u0163\u0103 de urgen\u0163\u0103 \u00eenainte de data de 13 octombrie prin care s-au stabilit procentele de compensare pentru factura la energia termic\u0103 a popula\u0163iei de la 40 p\u00e2n\u0103 al 90% \u00een func\u0163ie de venitul pe membru de familie. Acum fac o analiz\u0103 cu ministerul Muncii \u015fi al Finan\u0163elor pentru a putea g\u0103si o solu\u0163ie, astfel \u00eenc\u00e2t s\u0103 p\u0103str\u0103m nivelul de anul trecut al compensa\u0163iilor pentru energia termic\u0103 livrat\u0103 popula\u0163iei sub aspectul facturii. Acel cuantum a fost diminuat \u015fi vom propune un amendament, \u00een Parlament, la Ordonan\u0163a de aprobare ca s\u0103 r\u0103m\u00e2nem \u00een limita nivelului de anul trecut. S\u0103 le spune\u0163i oamenilor c\u0103 vom face exact ceea ce s-a \u00eent\u00e2mplat \u015fi anul trecut cu subven\u0163ia la energia termic\u0103, g\u0103sind o resurs\u0103 financiar\u0103 a aproximativ 60 milioane lei care reprezint\u0103 acoperirea pentru lunile noiembrie \u015fi decembrie, astfel \u00eenc\u00e2t s\u0103 r\u0103m\u00e2nem la acela\u015fi nivel al compensa\u0163iilor la factura, la energia termic\u0103 acordat\u0103 popula\u0163iei.<\/span><\/em><\/strong><\/p>\n<p class=\"MsoNormal\" style=\"background: white none repeat scroll 0% 0%; text-align: justify;\">\n<p class=\"MsoNormal\" style=\"background: white none repeat scroll 0% 0%; text-align: justify;\"><strong><span style=\"font-size: 10pt; font-family: Arial;\">In cadrul videoconferintei cu prefectii din 17.10.2009, domnul Emil Boc recunoaste ca a taiat, in mod eronat, o parte a ajutoarelor pentru incalzirea locuintelor, precizand ca se va reveni la situatia de anul trecut!<\/span><\/strong><\/p>\n<p class=\"MsoNormal\" style=\"background: white none repeat scroll 0% 0%; text-align: justify;\"><span style=\"font-size: 5pt; font-family: Arial;\"> <\/span><\/p>\n<p class=\"MsoNormal\" style=\"background: white none repeat scroll 0% 0%; text-align: justify;\"><span style=\"font-size: 10pt; font-family: Arial;\">Cu toate ca inca din 2008 se impunea o marire a plafonului pana la care se acorda ajutoare pentru incalzirea locuintelor de la 615 la 700 lei, iar in 2009 ar fi fost necesara o ridicare a acestuia la 750 lei, Guvernul Romaniei nu a gasit altceva mai bun de facut decat ca prin OUG 106\/2009 sa lase in plina criza zeci de mii de familii fara aceste ajutoare reducand plafonul de la 615 lei la 425 lei.<\/span><\/p>\n<p class=\"MsoNormal\" style=\"background: white none repeat scroll 0% 0%; text-align: justify;\"><span style=\"font-size: 5pt; font-family: Arial;\"> <\/span><\/p>\n<p class=\"MsoNormal\" style=\"background: white none repeat scroll 0% 0%; text-align: justify;\"><strong><span style=\"font-size: 10pt; font-family: Arial;\">Justificarile din preambulul ordonantei au dovedit reavointa si necunoasterea situatiei beneficiarilor acestor ajutoare iar revenirea de acum, cand trebuie asteptata interventia Parlamentului, nu este decat o perdea de fum! <\/span><\/strong><\/p>\n<p class=\"MsoNormal\" style=\"background: white none repeat scroll 0% 0%; text-align: justify;\"><span style=\"font-size: 5pt; font-family: Arial;\"> <\/span><\/p>\n<p class=\"MsoNormal\" style=\"background: white none repeat scroll 0% 0%; text-align: justify;\"><span style=\"font-size: 10pt; font-family: Arial;\">Avand in vedere situatia creata de aceasta masura aberanta solicitam<\/span><span style=\"font-size: 10pt; font-family: Arial;\">:<\/span><\/p>\n<p class=\"MsoNormal\" style=\"background: white none repeat scroll 0% 0%; margin-left: 0.5in; text-align: justify; text-indent: -0.25in;\"><span style=\"font-size: 10pt; font-family: Arial;\"><span>&#8211;<span style=\"font-style: normal; font-variant: normal; font-weight: normal; font-size: 7pt; line-height: normal; font-size-adjust: none; font-stretch: normal; font-family: &quot;Times New Roman&quot;;\"> <\/span><\/span><\/span><span style=\"font-size: 10pt; font-family: Arial;\">modificarea de urgenta in Parlament a OUG 106\/2009, astfel incat sa se stabileasca un plafon de 750 lei venit net mediu lunar pe membru de familie;<\/span><\/p>\n<p class=\"MsoNormal\" style=\"background: white none repeat scroll 0% 0%; margin-left: 0.5in; text-align: justify; text-indent: -0.25in;\"><span style=\"font-size: 10pt; font-family: Arial;\"><span>&#8211;<span style=\"font-style: normal; font-variant: normal; font-weight: normal; font-size: 7pt; line-height: normal; font-size-adjust: none; font-stretch: normal; font-family: &quot;Times New Roman&quot;;\"> <\/span><\/span><\/span><span style=\"font-size: 10pt; font-family: Arial;\">chiar daca <strong>DEMISIA<\/strong> semnatarilor acestei ordonante nu mai este posibila, ne exprimam speranta ca acest tip de abordare a problemelor sociale va fi abandonat pentru ca suntem un stat membru al Uniunii Europene si trebuie sa facem investitii in asigurarea unui nivel decent de protectie sociala!<\/span><\/p>\n<p class=\"MsoNormal\" style=\"background: white none repeat scroll 0% 0%; text-align: justify;\"><span style=\"font-size: 10pt; font-family: Arial;\">Anexat aveti transele pentru ajutoare. <strong>( <a href=\"http:\/\/habitaturban.ro\/EMIL BOC RECUNOASTE CA A GRESIT REDUCAND AJUTOARELE PENTRU INCALZIREA LOCUINTELOR.doc\">descarca<\/a> )<\/strong><br \/>\n<\/span><\/p>\n<p class=\"MsoNormal\" style=\"margin: 2pt 0in; text-align: justify;\"><strong><span style=\"font-size: 10pt; font-family: Arial;\">Informarea corecta si de calitate a reprezentantilor asociatiilor de proprietari cu privire la drepturile si obligatiile acestora este benefica tuturor partilor implicate!<\/span><\/strong><\/p>\n","protected":false},"excerpt":{"rendered":"<p>Videoconferin\u0163\u0103 cu prefec\u0163ii 17.10.2009 Discurs Emil Boc Ajutoarele pentru \u00eenc\u0103lzire. Guvernul a adoptat o ordonan\u0163\u0103 de urgen\u0163\u0103 \u00eenainte de data de 13 octombrie prin care s-au stabilit procentele de compensare pentru factura la energia termic\u0103 a popula\u0163iei de la 40 p\u00e2n\u0103 al 90% \u00een func\u0163ie de venitul pe membru de familie. Acum fac o analiz\u0103 [&hellip;]<\/p>\n","protected":false},"author":3,"featured_media":0,"comment_status":"open","ping_status":"open","sticky":false,"template":"","format":"standard","meta":{"footnotes":""},"categories":[1],"tags":[],"class_list":["post-903","post","type-post","status-publish","format-standard","hentry","category-noutati"],"_links":{"self":[{"href":"https:\/\/www.habitaturban.ro\/index.php?rest_route=\/wp\/v2\/posts\/903","targetHints":{"allow":["GET"]}}],"collection":[{"href":"https:\/\/www.habitaturban.ro\/index.php?rest_route=\/wp\/v2\/posts"}],"about":[{"href":"https:\/\/www.habitaturban.ro\/index.php?rest_route=\/wp\/v2\/types\/post"}],"author":[{"embeddable":true,"href":"https:\/\/www.habitaturban.ro\/index.php?rest_route=\/wp\/v2\/users\/3"}],"replies":[{"embeddable":true,"href":"https:\/\/www.habitaturban.ro\/index.php?rest_route=%2Fwp%2Fv2%2Fcomments&post=903"}],"version-history":[{"count":7,"href":"https:\/\/www.habitaturban.ro\/index.php?rest_route=\/wp\/v2\/posts\/903\/revisions"}],"predecessor-version":[{"id":943,"href":"https:\/\/www.habitaturban.ro\/index.php?rest_route=\/wp\/v2\/posts\/903\/revisions\/943"}],"wp:attachment":[{"href":"https:\/\/www.habitaturban.ro\/index.php?rest_route=%2Fwp%2Fv2%2Fmedia&parent=903"}],"wp:term":[{"taxonomy":"category","embeddable":true,"href":"https:\/\/www.habitaturban.ro\/index.php?rest_route=%2Fwp%2Fv2%2Fcategories&post=903"},{"taxonomy":"post_tag","embeddable":true,"href":"https:\/\/www.habitaturban.ro\/index.php?rest_route=%2Fwp%2Fv2%2Ftags&post=903"}],"curies":[{"name":"wp","href":"https:\/\/api.w.org\/{rel}","templated":true}]}}